{"id":2396,"date":"2017-01-17T08:29:11","date_gmt":"2017-01-17T12:29:11","guid":{"rendered":"http:\/\/ppgecpan.draconis.ufms.br\/?p=2396"},"modified":"2017-01-17T08:29:11","modified_gmt":"2017-01-17T12:29:11","slug":"convite-palestra-cuidar-e-uma-acao-coletiva-uma-analise-psicodinamica-do-trabalho-do-cuidador-social","status":"publish","type":"post","link":"https:\/\/ppgecpan.ufms.br\/es\/convite-palestra-cuidar-e-uma-acao-coletiva-uma-analise-psicodinamica-do-trabalho-do-cuidador-social\/","title":{"rendered":"Convite: Palestra &#8220;Cuidar \u00e9 uma a\u00e7\u00e3o coletiva: Uma an\u00e1lise psicodin\u00e2mica do trabalho do cuidador social&#8221;"},"content":{"rendered":"<div>No dia <strong>27\/01\/2017<\/strong>, \u00e0s <strong>18:30 h<\/strong>, a professora <strong>Dra. Suzana Canez da Cruz Lima<\/strong>, professora do curso de Psicologia da Universidade Federal Fluminense do Polo Universit\u00e1rio de Rio das Ostras, ir\u00e1 ministrar a palestra &#8220;Cuidar \u00e9 uma a\u00e7\u00e3o coletiva: Uma an\u00e1lise psicodin\u00e2mica do trabalho do cuidador social&#8221; no <strong>Audit\u00f3rio da Unidade III<\/strong>, do Campus do Pantanal (Alf\u00e2ndega).<\/div>\n<div><\/div>\n<div>A professora Suzana \u00e9 doutora em Psicologia Social, do Trabalho e das Organiza\u00e7\u00f5es pela Universidade de Bras\u00edlia (2011), mestre em Psicologia Social pela Universidade do Estado do Rio de Janeiro (2000), especialista em Teoria Psicanal\u00edtica, Sa\u00fade Mental Coletiva e Psicologia do Trabalho, e graduada em Psicologia (1990), tem experi\u00eancia na \u00e1rea de Psicologia Organizacional e do Trabalho, com interesse atualmente em temas relacionados \u00e0 sa\u00fade mental e trabalho, em especial pela abordagem da psicodin\u00e2mica do trabalho.<\/div>\n","protected":false},"excerpt":{"rendered":"<p>No dia 27\/01\/2017, \u00e0s 18:30 h, a professora Dra. Suzana Canez da Cruz Lima, professora do curso de Psicologia da Universidade Federal Fluminense do Polo Universit\u00e1rio de Rio das Ostras, ir\u00e1 ministrar a palestra &#8220;Cuidar \u00e9 uma a\u00e7\u00e3o coletiva: Uma an\u00e1lise psicodin\u00e2mica do trabalho do cuidador social&#8221; no Audit\u00f3rio da Unidade III, do Campus do [&hellip;]<\/p>\n","protected":false},"author":2660,"featured_media":2113,"comment_status":"closed","ping_status":"open","sticky":false,"template":"","format":"standard","meta":{"footnotes":""},"categories":[17,38,1],"tags":[],"coauthors":[],"class_list":["post-2396","post","type-post","status-publish","format-standard","has-post-thumbnail","hentry","category-destaques","category-eventos-internos","category-noticias"],"_links":{"self":[{"href":"https:\/\/ppgecpan.ufms.br\/es\/wp-json\/wp\/v2\/posts\/2396","targetHints":{"allow":["GET"]}}],"collection":[{"href":"https:\/\/ppgecpan.ufms.br\/es\/wp-json\/wp\/v2\/posts"}],"about":[{"href":"https:\/\/ppgecpan.ufms.br\/es\/wp-json\/wp\/v2\/types\/post"}],"author":[{"embeddable":true,"href":"https:\/\/ppgecpan.ufms.br\/es\/wp-json\/wp\/v2\/users\/2660"}],"replies":[{"embeddable":true,"href":"https:\/\/ppgecpan.ufms.br\/es\/wp-json\/wp\/v2\/comments?post=2396"}],"version-history":[{"count":1,"href":"https:\/\/ppgecpan.ufms.br\/es\/wp-json\/wp\/v2\/posts\/2396\/revisions"}],"predecessor-version":[{"id":2397,"href":"https:\/\/ppgecpan.ufms.br\/es\/wp-json\/wp\/v2\/posts\/2396\/revisions\/2397"}],"wp:featuredmedia":[{"embeddable":true,"href":"https:\/\/ppgecpan.ufms.br\/es\/wp-json\/wp\/v2\/media\/2113"}],"wp:attachment":[{"href":"https:\/\/ppgecpan.ufms.br\/es\/wp-json\/wp\/v2\/media?parent=2396"}],"wp:term":[{"taxonomy":"category","embeddable":true,"href":"https:\/\/ppgecpan.ufms.br\/es\/wp-json\/wp\/v2\/categories?post=2396"},{"taxonomy":"post_tag","embeddable":true,"href":"https:\/\/ppgecpan.ufms.br\/es\/wp-json\/wp\/v2\/tags?post=2396"},{"taxonomy":"author","embeddable":true,"href":"https:\/\/ppgecpan.ufms.br\/es\/wp-json\/wp\/v2\/coauthors?post=2396"}],"curies":[{"name":"wp","href":"https:\/\/api.w.org\/{rel}","templated":true}]}}