{"id":2401,"date":"2017-01-30T20:49:31","date_gmt":"2017-01-31T00:49:31","guid":{"rendered":"https:\/\/ppgecpan.ufms.br\/?p=2401"},"modified":"2017-01-30T20:49:31","modified_gmt":"2017-01-31T00:49:31","slug":"xxviii-simposio-brasileiro-de-politica-e-administracao-da-educacao-2","status":"publish","type":"post","link":"https:\/\/ppgecpan.ufms.br\/es\/xxviii-simposio-brasileiro-de-politica-e-administracao-da-educacao-2\/","title":{"rendered":"XXVIII SIMP\u00d3SIO BRASILEIRO DE POL\u00cdTICA E ADMINISTRA\u00c7\u00c3O DA EDUCA\u00c7\u00c3O"},"content":{"rendered":"<p><strong>ANPAE &#8211; Associa\u00e7\u00e3o Nacional de Pol\u00edtica e Administra\u00e7\u00e3o da Educa\u00e7\u00e3o<\/strong><\/p>\n<p><strong>XXVIII SIMP\u00d3SIO BRASILEIRO DE\u00a0<\/strong><strong>POL\u00cdTICA E ADMINISTRA\u00c7\u00c3O DA EDUCA\u00c7\u00c3O<\/strong><\/p>\n<p><strong><em>\u00a0<\/em><\/strong><\/p>\n<p><strong><em>CONVOCAT\u00d3RIA PARA APRESENTA\u00c7\u00c3O DE\u00a0<u>TRABALHOS<\/u>\u00a0(<\/em><\/strong><strong>EM FORMA DE RESUMO EXPANDIDO)<em>\u00a0E\u00a0<u>P\u00d4STERES<\/u><\/em><\/strong><\/p>\n<p><strong>\u00a0<\/strong><\/p>\n<p>Convidamos Vossa Senhoria para fazer sua Inscri\u00e7\u00e3o e enviar\u00a0<strong>Trabalho ou P\u00f4ster<\/strong>\u00a0para o\u00a0XXVIII SIMP\u00d3SIO BRASILEIRO DE\u00a0POL\u00cdTICA E ADMINISTRA\u00c7\u00c3O DA EDUCA\u00c7\u00c3O, que ocorrer\u00e1 em<strong>\u00a0<\/strong>Jo\u00e3o Pessoa, Para\u00edba, nas depend\u00eancias da UFPB, no per\u00edodo de\u00a026 a 28 de abril de 2017. Visite nosso site:\u00a0<a href=\"http:\/\/anpae11.mktnaweb.com\/registra_clique.php?id=H%7C780823%7C234241%7C2087&amp;url=http%3A%2F%2Fwww.anpae.org.br%2Fwebsite%2F\" target=\"_blank\">http:\/\/www.anpae.org.br\/website\/<\/a><\/p>\n<p>&nbsp;<\/p>\n<p><strong>Tema:<\/strong>\u00a0<em>Estado, Pol\u00edticas e gest\u00e3o da educa\u00e7\u00e3o: Tens\u00f5es e agendas em (des)constru\u00e7\u00e3o<\/em><\/p>\n<p><strong>Realiza\u00e7\u00e3o<\/strong>: ANPAE, em parceria com o Centro de Educa\u00e7\u00e3o da UFPB e programas de P\u00f3s-gradua\u00e7\u00e3o em Educa\u00e7\u00e3o da UFPB e da UFCG.<\/p>\n<p><strong>Ementa<\/strong>: Trata-se de evento com forte tradi\u00e7\u00e3o na \u00e1rea de pol\u00edticas e administra\u00e7\u00e3o da educa\u00e7\u00e3o.\u00a0O Simp\u00f3sio tem por objetivo reunir professores, pesquisadores, dirigentes educacionais e professores da educa\u00e7\u00e3o superior e educa\u00e7\u00e3o b\u00e1sica para um exerc\u00edcio de socializa\u00e7\u00e3o e an\u00e1lise de estudos e experi\u00eancias em mat\u00e9ria de pol\u00edticas e pr\u00e1ticas internacionais de administra\u00e7\u00e3o e avalia\u00e7\u00e3o da educa\u00e7\u00e3o nos diferentes n\u00edveis e modalidades de educa\u00e7\u00e3o.\u00a0O Simp\u00f3sio ter\u00e1\u00a0<strong>apresenta\u00e7\u00e3o de trabalhos e p\u00f4steres<\/strong>, contando com comiss\u00e3o cient\u00edfica nacional de diferentes universidades e de todas as regi\u00f5es do pa\u00eds. Os trabalhos (comunica\u00e7\u00f5es orais) e p\u00f4steres ser\u00e3o agrupados em eixos tem\u00e1ticos.<\/p>\n<p>&nbsp;<\/p>\n<p><u>Visite o Portal do Anpae<\/u>:\u00a0<a href=\"http:\/\/anpae11.mktnaweb.com\/registra_clique.php?id=H%7C780823%7C234241%7C2087&amp;url=http%3A%2F%2Fwww.anpae.org.br%2Fwebsite%2F\" target=\"_blank\">http:\/\/www.anpae.org.br\/website\/<\/a><\/p>\n<p><u>Visite o site do Simp\u00f3sio<\/u>:\u00a0<a href=\"http:\/\/anpae11.mktnaweb.com\/registra_clique.php?id=H%7C780824%7C234241%7C2087&amp;url=http%3A%2F%2Fanpae.org.br%2FXXVIIISIMPOSIO%2Findex.html\" target=\"_blank\">http:\/\/anpae.org.br\/XXVIIISIMPOSIO\/index.html<\/a><\/p>\n<p>&nbsp;<\/p>\n<p><strong>CALEND\u00c1RIO para inscri\u00e7\u00e3o e submiss\u00e3o de trabalhos e p\u00f4steres:<\/strong><\/p>\n<p><strong>\u00a0<\/strong><\/p>\n<table width=\"552\">\n<tbody>\n<tr>\n<td width=\"135\"><strong>DATA<\/strong><\/td>\n<td width=\"418\"><strong>INFORMA\u00c7\u00c3O<\/strong><\/td>\n<\/tr>\n<tr>\n<td width=\"135\"><strong>02\/01\/2017<\/strong><\/td>\n<td width=\"418\">In\u00edcio da quita\u00e7\u00e3o da anuidade Anpae de 2017<\/td>\n<\/tr>\n<tr>\n<td width=\"135\"><strong>02\/01\/2017<\/strong><\/td>\n<td width=\"418\"><strong>In\u00edcio da Inscri\u00e7\u00e3o no Simp\u00f3sio\u00a0<u>com<\/u>\u00a0e\u00a0<u>sem<\/u>\u00a0apresenta\u00e7\u00e3o de Trabalho\/P\u00f4ster<\/strong><\/td>\n<\/tr>\n<tr>\n<td width=\"135\"><strong>20\/02\/2017<\/strong><\/td>\n<td width=\"418\"><strong>Limite para quita\u00e7\u00e3o da anuidade 2017 para a Inscri\u00e7\u00e3o no Simp\u00f3sio<u>com<\/u>\u00a0apresenta\u00e7\u00e3o de Comunica\u00e7\u00e3o Oral ou P\u00f4ster (em forma de Resumo Expandido). Limite para envio de Trabalho\/P\u00f4ster<\/strong><\/td>\n<\/tr>\n<tr>\n<td width=\"135\"><strong>01\/02 a 20\/03\/2017<\/strong><\/td>\n<td width=\"418\">Avalia\u00e7\u00e3o dos trabalhos\/p\u00f4steres pelo Comit\u00ea Cient\u00edfico<\/td>\n<\/tr>\n<tr>\n<td width=\"135\"><strong>22\/03\/2017<\/strong><\/td>\n<td width=\"418\">Divulga\u00e7\u00e3o Final da rela\u00e7\u00e3o das comunica\u00e7\u00f5es orais\/p\u00f4steres aprovados<\/td>\n<\/tr>\n<tr>\n<td width=\"135\"><strong>25\/03\/2017<\/strong><\/td>\n<td width=\"418\">Data limite para envio do trabalho completo (caso queira inclu\u00ed-lo na publica\u00e7\u00e3o CD ou Online)<\/td>\n<\/tr>\n<tr>\n<td width=\"135\"><strong>27\/03\/2017<\/strong><\/td>\n<td width=\"418\">Divulga\u00e7\u00e3o do Programa Oficial do Simp\u00f3sio<\/td>\n<\/tr>\n<tr>\n<td width=\"135\"><strong>26\/04\/2017<\/strong><\/td>\n<td width=\"418\">Limite para Inscri\u00e7\u00e3o no Simp\u00f3sio\u00a0<strong>sem<\/strong>\u00a0apresenta\u00e7\u00e3o de trabalho<\/td>\n<\/tr>\n<tr>\n<td colspan=\"2\" width=\"552\">&nbsp;<\/td>\n<\/tr>\n<tr>\n<td width=\"135\"><strong>26 a 28\/04\/2017<\/strong><\/td>\n<td width=\"418\">Realiza\u00e7\u00e3o do Programa Acad\u00eamico do Simp\u00f3sio<\/td>\n<\/tr>\n<\/tbody>\n<\/table>\n<p>&nbsp;<\/p>\n<p>&nbsp;<\/p>\n<p>OBS: Os associados da Anpae (quites 2017) tem desconto na Inscri\u00e7\u00e3o: (<a href=\"http:\/\/anpae11.mktnaweb.com\/registra_clique.php?id=H%7C780825%7C234241%7C2087&amp;url=http%3A%2F%2Fwww.anpae.org.br%2Fwebsite%2Finscricao%2Finscricao.php\" target=\"_blank\">http:\/\/www.anpae.org.br\/website\/inscricao\/inscricao.php<\/a>)<\/p>\n","protected":false},"excerpt":{"rendered":"<p>ANPAE &#8211; Associa\u00e7\u00e3o Nacional de Pol\u00edtica e Administra\u00e7\u00e3o da Educa\u00e7\u00e3o XXVIII SIMP\u00d3SIO BRASILEIRO DE\u00a0POL\u00cdTICA E ADMINISTRA\u00c7\u00c3O DA EDUCA\u00c7\u00c3O \u00a0 CONVOCAT\u00d3RIA PARA APRESENTA\u00c7\u00c3O DE\u00a0TRABALHOS\u00a0(EM FORMA DE RESUMO EXPANDIDO)\u00a0E\u00a0P\u00d4STERES \u00a0 Convidamos Vossa Senhoria para fazer sua Inscri\u00e7\u00e3o e enviar\u00a0Trabalho ou P\u00f4ster\u00a0para o\u00a0XXVIII SIMP\u00d3SIO BRASILEIRO DE\u00a0POL\u00cdTICA E ADMINISTRA\u00c7\u00c3O DA EDUCA\u00c7\u00c3O, que ocorrer\u00e1 em\u00a0Jo\u00e3o Pessoa, Para\u00edba, nas depend\u00eancias da [&hellip;]<\/p>\n","protected":false},"author":2660,"featured_media":2189,"comment_status":"closed","ping_status":"open","sticky":false,"template":"","format":"standard","meta":{"footnotes":""},"categories":[17,39,1],"tags":[],"coauthors":[],"class_list":["post-2401","post","type-post","status-publish","format-standard","has-post-thumbnail","hentry","category-destaques","category-eventos-externos","category-noticias"],"_links":{"self":[{"href":"https:\/\/ppgecpan.ufms.br\/es\/wp-json\/wp\/v2\/posts\/2401","targetHints":{"allow":["GET"]}}],"collection":[{"href":"https:\/\/ppgecpan.ufms.br\/es\/wp-json\/wp\/v2\/posts"}],"about":[{"href":"https:\/\/ppgecpan.ufms.br\/es\/wp-json\/wp\/v2\/types\/post"}],"author":[{"embeddable":true,"href":"https:\/\/ppgecpan.ufms.br\/es\/wp-json\/wp\/v2\/users\/2660"}],"replies":[{"embeddable":true,"href":"https:\/\/ppgecpan.ufms.br\/es\/wp-json\/wp\/v2\/comments?post=2401"}],"version-history":[{"count":1,"href":"https:\/\/ppgecpan.ufms.br\/es\/wp-json\/wp\/v2\/posts\/2401\/revisions"}],"predecessor-version":[{"id":2402,"href":"https:\/\/ppgecpan.ufms.br\/es\/wp-json\/wp\/v2\/posts\/2401\/revisions\/2402"}],"wp:featuredmedia":[{"embeddable":true,"href":"https:\/\/ppgecpan.ufms.br\/es\/wp-json\/wp\/v2\/media\/2189"}],"wp:attachment":[{"href":"https:\/\/ppgecpan.ufms.br\/es\/wp-json\/wp\/v2\/media?parent=2401"}],"wp:term":[{"taxonomy":"category","embeddable":true,"href":"https:\/\/ppgecpan.ufms.br\/es\/wp-json\/wp\/v2\/categories?post=2401"},{"taxonomy":"post_tag","embeddable":true,"href":"https:\/\/ppgecpan.ufms.br\/es\/wp-json\/wp\/v2\/tags?post=2401"},{"taxonomy":"author","embeddable":true,"href":"https:\/\/ppgecpan.ufms.br\/es\/wp-json\/wp\/v2\/coauthors?post=2401"}],"curies":[{"name":"wp","href":"https:\/\/api.w.org\/{rel}","templated":true}]}}