{"id":2415,"date":"2017-02-14T15:40:11","date_gmt":"2017-02-14T19:40:11","guid":{"rendered":"https:\/\/ppgecpan.ufms.br\/?p=2415"},"modified":"2017-02-15T09:40:29","modified_gmt":"2017-02-15T13:40:29","slug":"o-ppgecpan-abre-selecao-para-alunos-especiais-com-ingresso-no-primeiro-semestre-de-2017","status":"publish","type":"post","link":"https:\/\/ppgecpan.ufms.br\/es\/o-ppgecpan-abre-selecao-para-alunos-especiais-com-ingresso-no-primeiro-semestre-de-2017\/","title":{"rendered":"O PPGE\/CPAN abre sele\u00e7\u00e3o para alunos especiais com ingresso no primeiro semestre de 2017"},"content":{"rendered":"<p>Confira as datas:<\/p>\n<p>&nbsp;<\/p>\n<p>16\/02\/2017 \u2013\u00a0<strong>Inscri\u00e7\u00e3o<\/strong>\u00a0para alunos especiais<\/p>\n<p>17\/02\/2017 \u2013 Resultado da sele\u00e7\u00e3o dos alunos especiais no site do PPGE<\/p>\n<p>20\/02\/2017 \u2013\u00a0<strong>Matr\u00edcula<\/strong>\u00a0para alunos especiais<\/p>\n<p>21\/02\/2017 \u2013 in\u00edcio das aulas da Disciplina de \u201cConceitos e teorias sobre viol\u00eancia contra mulheres e feminic\u00eddios para a \u00e1rea de educa\u00e7\u00e3o\u201d.<\/p>\n<p>01\/03\/2017 \u2013 in\u00edcio das aulas das demais disciplinas.<\/p>\n<p>&nbsp;<\/p>\n<p><u>Pode ser feita inscri\u00e7\u00e3o em <strong>UMA<\/strong> das disciplinas a seguir:<\/u><\/p>\n<p>&nbsp;<\/p>\n<p>&#8211; Avalia\u00e7\u00e3o em Pol\u00edticas P\u00fablicas e Programas \u2013 Prof.\u00aa Dr.\u00aa M\u00f4nica de Carvalho Magalh\u00e3es Kassar \u2013 \u00c0s quintas feiras, das 14h \u00e0s 18h.<\/p>\n<p>&nbsp;<\/p>\n<p>&#8211; Doc\u00eancia como trabalho &#8211; Prof. Dr. Il\u00eddio Roda Neves \u2013 \u00c0s ter\u00e7as feiras, das 14h \u00e0s 18h;<\/p>\n<p>&nbsp;<\/p>\n<p>&#8211; Educa\u00e7\u00e3o e Direitos Humanos \u2013 Prof.\u00aa Dr.\u00aa Cl\u00e1udia Ara\u00fajo de Lima \u2013 \u00c0s sextas feiras, das 08h \u00e0s 12h e das 14 \u00e0s 18h (quinzenal).<\/p>\n<p>&nbsp;<\/p>\n<p>&#8211; Subjetividade, sa\u00fade mental e trabalho na educa\u00e7\u00e3o \u2013 Prof.\u00aa Dr.\u00aa Vanessa Catherina Neumann Figueiredo \u2013 \u00c0s quintas feiras, das 08h \u00e0s 12h.<\/p>\n<p>&nbsp;<\/p>\n<p>&#8211; Teoria Cr\u00edtica e Educa\u00e7\u00e3o Social \u2013 Prof.\u00aa Dr.\u00aa Isabella Fernanda Ferreira &#8211; \u00c0s quartas feiras, das 18h30 \u00e0s 22h.<\/p>\n<p>&nbsp;<\/p>\n<p>&#8211; Conceitos e teorias sobre viol\u00eancia contra mulheres e femin\u00edcidos para a \u00e1rea da Educa\u00e7\u00e3o \u2013 Professoras Doutoras Cl\u00e1udia Ara\u00fajo de Lima \u2013 UFMS\/CPAN e Montserrat Sagot Rodriguez \u2013 Universidade da Costa Rica &#8211; <strong>De 21 a 23 de fevereiro de 2017 \u2013 Hor\u00e1rio: 08h00 as 11h00 \u2013 13h30 \u2013 17h30. (PARA ESTA DISCIPLINA \u00c9 NECESS\u00c1RIO LER, PREVIAMENTE \u00c0S AULAS, A BIBLIOGRAFIA EM ANEXO)<\/strong><\/p>\n<p>&nbsp;<\/p>\n<p>Fa\u00e7a sua <strong>inscri\u00e7\u00e3o<\/strong> aqui:<\/p>\n<p>&nbsp;<\/p>\n<p><a href=\"https:\/\/docs.google.com\/forms\/d\/e\/1FAIpQLSeU_mh-J8wx216w9lo6HJqAkF7j1JiEEvi6gj01mIUATEkagA\/viewform\" target=\"_blank\">https:\/\/docs.google.com\/forms\/d\/e\/1FAIpQLSeU_mh-J8wx216w9lo6HJqAkF7j1JiEEvi6gj01mIUATEkagA\/viewform<\/a><\/p>\n<p>&nbsp;<\/p>\n<p><strong>DOCUMENTOS PARA MATR\u00cdCULA:<\/strong><\/p>\n<p>\u2013 Os candidatos que tiveram sua\u00a0<strong> inscri\u00e7\u00e3o deferida<\/strong>\u00a0dever\u00e3o comparecer na secretaria do PPGE (Rua Domingos Sahib, 99, Bairro Cervejaria, em frente ao Centro de Conven\u00e7\u00f5es), no dia acima mencionado para efetuar matr\u00edcula com original e c\u00f3pia de: CERTID\u00c3O DE NASCIMENTO OU CASAMENTO, RG, CPF, T\u00cdTULO DE ELEITOR, CERTIFICADO DE CONCLUS\u00c3O DE GRADUA\u00c7\u00c3O OU DIPLOMA E CERTIFICADO DE RESERVISTA.<\/p>\n<p>&nbsp;<\/p>\n<p>Em caso de d\u00favidas, entrar em contato com a Secretaria.<\/p>\n<p>Telf.: (67) 3234-6214 ou (67) 3234-6212.<\/p>\n<p>Email:\u00a0<a href=\"mailto:ppge.cpan@ufms.br\">ppge.cpan@ufms.br<\/a><\/p>\n<p>&nbsp;<\/p>\n<p>Bibliografia para a disciplina Conceitos e teorias sobre viol\u00eancia contra mulheres e femin\u00edcidos para a \u00e1rea da Educa\u00e7\u00e3o \u2013 Professoras Doutoras Cl\u00e1udia Ara\u00fajo de Lima \u2013 UFMS\/CPAN e Montserrat Sagot Rodriguez:<\/p>\n<p><a href=\"https:\/\/ppgecpan.ufms.br\/files\/2017\/02\/Encuesta-Nacional-de-Violencia-Costa-Rica.Montserrat-Sagot.pdf\" target=\"_blank\">Encuesta Nacional de Violencia Costa Rica.Montserrat Sagot<\/a><\/p>\n<p><a href=\"https:\/\/ppgecpan.ufms.br\/files\/2017\/02\/GDR-Violencia-Domestica-Ruta-Critica-2011.SAGOT-MONTSERRAT.pdf\" target=\"_blank\">GDR-Violencia-Domestica-Ruta-Critica-2011.SAGOT MONTSERRAT<\/a><\/p>\n<p><a href=\"https:\/\/ppgecpan.ufms.br\/files\/2017\/02\/los-limites-de-las-reformas.-violencia-contra-las-mujeres.-SAGOT.pdf\" target=\"_blank\">los limites de las reformas. violencia contra las mujeres. SAGOT<\/a><\/p>\n<p><a href=\"https:\/\/ppgecpan.ufms.br\/files\/2017\/02\/El-femicidio-como-necropol\u00edtica.pdf\" target=\"_blank\">El femicidio como necropol\u00edtica<\/a><\/p>\n<p><a href=\"https:\/\/ppgecpan.ufms.br\/files\/2017\/02\/Artigo-Claudia-Araujo-Suely-Deslandes-revista-23.3_artigo-05a-2014.pdf\" target=\"_blank\">Artigo Claudia Araujo Suely Deslandes revista 23.3_artigo 05a 2014<\/a><\/p>\n","protected":false},"excerpt":{"rendered":"<p>Confira as datas: &nbsp; 16\/02\/2017 \u2013\u00a0Inscri\u00e7\u00e3o\u00a0para alunos especiais 17\/02\/2017 \u2013 Resultado da sele\u00e7\u00e3o dos alunos especiais no site do PPGE 20\/02\/2017 \u2013\u00a0Matr\u00edcula\u00a0para alunos especiais 21\/02\/2017 \u2013 in\u00edcio das aulas da Disciplina de \u201cConceitos e teorias sobre viol\u00eancia contra mulheres e feminic\u00eddios para a \u00e1rea de educa\u00e7\u00e3o\u201d. 01\/03\/2017 \u2013 in\u00edcio das aulas das demais disciplinas. &nbsp; [&hellip;]<\/p>\n","protected":false},"author":2660,"featured_media":967,"comment_status":"closed","ping_status":"open","sticky":false,"template":"","format":"standard","meta":{"footnotes":""},"categories":[17,1],"tags":[],"coauthors":[],"class_list":["post-2415","post","type-post","status-publish","format-standard","has-post-thumbnail","hentry","category-destaques","category-noticias"],"_links":{"self":[{"href":"https:\/\/ppgecpan.ufms.br\/es\/wp-json\/wp\/v2\/posts\/2415","targetHints":{"allow":["GET"]}}],"collection":[{"href":"https:\/\/ppgecpan.ufms.br\/es\/wp-json\/wp\/v2\/posts"}],"about":[{"href":"https:\/\/ppgecpan.ufms.br\/es\/wp-json\/wp\/v2\/types\/post"}],"author":[{"embeddable":true,"href":"https:\/\/ppgecpan.ufms.br\/es\/wp-json\/wp\/v2\/users\/2660"}],"replies":[{"embeddable":true,"href":"https:\/\/ppgecpan.ufms.br\/es\/wp-json\/wp\/v2\/comments?post=2415"}],"version-history":[{"count":5,"href":"https:\/\/ppgecpan.ufms.br\/es\/wp-json\/wp\/v2\/posts\/2415\/revisions"}],"predecessor-version":[{"id":2430,"href":"https:\/\/ppgecpan.ufms.br\/es\/wp-json\/wp\/v2\/posts\/2415\/revisions\/2430"}],"wp:featuredmedia":[{"embeddable":true,"href":"https:\/\/ppgecpan.ufms.br\/es\/wp-json\/wp\/v2\/media\/967"}],"wp:attachment":[{"href":"https:\/\/ppgecpan.ufms.br\/es\/wp-json\/wp\/v2\/media?parent=2415"}],"wp:term":[{"taxonomy":"category","embeddable":true,"href":"https:\/\/ppgecpan.ufms.br\/es\/wp-json\/wp\/v2\/categories?post=2415"},{"taxonomy":"post_tag","embeddable":true,"href":"https:\/\/ppgecpan.ufms.br\/es\/wp-json\/wp\/v2\/tags?post=2415"},{"taxonomy":"author","embeddable":true,"href":"https:\/\/ppgecpan.ufms.br\/es\/wp-json\/wp\/v2\/coauthors?post=2415"}],"curies":[{"name":"wp","href":"https:\/\/api.w.org\/{rel}","templated":true}]}}