{"id":2449,"date":"2017-02-17T16:53:17","date_gmt":"2017-02-17T20:53:17","guid":{"rendered":"https:\/\/ppgecpan.ufms.br\/?p=2449"},"modified":"2017-09-28T15:23:02","modified_gmt":"2017-09-28T19:23:02","slug":"inscricoes-abertas-seminario-internacional-mulheres-e-fronteiras-educacao-violencias-baseadas-no-genero-e-estudos-sobre-femincidios","status":"publish","type":"post","link":"https:\/\/ppgecpan.ufms.br\/es\/inscricoes-abertas-seminario-internacional-mulheres-e-fronteiras-educacao-violencias-baseadas-no-genero-e-estudos-sobre-femincidios\/","title":{"rendered":"INSCRI\u00c7\u00d5ES ABERTAS!!! Semin\u00e1rio Internacional Mulheres e Fronteiras: educa\u00e7\u00e3o, viol\u00eancias baseadas no g\u00eanero e estudos sobre feminic\u00eddios"},"content":{"rendered":"<p style=\"text-align: center\"><strong>Semin\u00e1rio Internacional Mulheres e Fronteiras: educa\u00e7\u00e3o, viol\u00eancias baseadas no g\u00eanero e estudos sobre feminc\u00eddios<\/strong><\/p>\n<p style=\"text-align: center\"><strong>BRASIL \u2013 BOL\u00cdVIA \u2013 COL\u00d4MBIA \u2013 COSTA RICA<\/strong><\/p>\n<p style=\"text-align: center\"><strong>CORUMB\u00c1-MS \u2013 23 de fevereiro de 2017<\/strong><\/p>\n<p style=\"text-align: center\"><strong>Local: Audit\u00f3rio UFMS \u2013 UNIDADE III \u2013 PORTO GERAL<\/strong><\/p>\n<p>&nbsp;<\/p>\n<p>O Semin\u00e1rio Internacional Mulheres e Fronteiras: educa\u00e7\u00e3o, viol\u00eancias baseadas no g\u00eanero e estudos sobre feminicidios, abre as atividades comemorativas do Dia Internacional da Mulher na UFMS\/Campus do Pantanal em 2017, discutindo as dimens\u00f5es s\u00f3cio-pol\u00edticas da viol\u00eancia contra a mulher na Am\u00e9rica Latina. A perspectiva dos pa\u00edses representados, traduz a importancia desse debate nas diversas \u00e1reas da educa\u00e7\u00e3o social. O Programa de P\u00f3s-gradua\u00e7\u00e3o em Educa\u00e7\u00e3o \u2013 Educa\u00e7\u00e3o Social da Universidade Federal do Mato Grosso do Sul\/Campus do Pantanal,\u00a0 integra a Rede de Aten\u00e7\u00e3o Integral \u00e0s Mulheres em situa\u00e7\u00e3o de viol\u00eancia, abrindo espa\u00e7os para a conjun\u00e7\u00e3o entre conhecimentos te\u00f3ricos e pr\u00e1ticos, visando a modifica\u00e7\u00e3o dessa realidade na regi\u00e3o.<\/p>\n<p><strong>FA\u00c7A SUA INSCRI\u00c7\u00c3O AQUI<\/strong>: <a href=\"https:\/\/docs.google.com\/forms\/d\/e\/1FAIpQLScUwQih9bSR0mqu7CDWOUvKQzPTiY-CumP_41DTvugtkce9NA\/viewform\" target=\"_blank\" rel=\"noopener noreferrer\">https:\/\/docs.google.com\/forms\/d\/e\/1FAIpQLScUwQih9bSR0mqu7CDWOUvKQzPTiY-CumP_41DTvugtkce9NA\/viewform<\/a><\/p>\n<p>&nbsp;<\/p>\n<p style=\"text-align: center\"><strong>PROGRAMA\u00c7\u00c3O<\/strong><\/p>\n<p><strong>08h00 \u2013 Credenciamento e abertura<\/strong><\/p>\n<p><strong>09h00 \u2013 <\/strong>Exibi\u00e7\u00e3o do document\u00e1rio \u201cMulher: Protagonista da sua pr\u00f3pria hist\u00f3ria\u201d \u2013 produzido pela Uni\u00e3o Brasileira de Mulheres &#8211; \u00a0UBM \u2013 17minutos<\/p>\n<p><strong>09h20 &#8211; Palestra: <\/strong>Panoramas da viol\u00eancia contra mulheres na regi\u00e3o do Pantanal de Corumb\u00e1 \u2013 realidades e perspectivas para o enfrentamento \u2013 Sra. Wania Alecrim de Lima \u2013 Gerente de Pol\u00edticas para as Mulheres da Prefeitura Municipal de Corumb\u00e1\/Mato Grosso do Sul.<\/p>\n<p><strong>10h20<\/strong> \u2013 Di\u00e1logo entre os participantes<\/p>\n<p><strong>11h00 <\/strong>\u2013 Intervalo para o almo\u00e7o<\/p>\n<p>&nbsp;<\/p>\n<p>14h00 \u2013 <strong>Confer\u00eancias: Viol\u00eancia contra Mulheres na Am\u00e9rica Latina<\/strong><\/p>\n<ul>\n<li>Panoramas da viol\u00eancia contra mulheres no Brasil, debates na \u00e1rea da educa\u00e7\u00e3o \u2013 Profa. Dra. Cl\u00e1udia Ara\u00fajo de Lima\/Universidade Federal de Mato Grosso do Sul\/Campus do Pantanal\/Programa de P\u00f3s-Gradua\u00e7\u00e3o em Educa\u00e7\u00e3o \u2013 Educa\u00e7\u00e3o Social<\/li>\n<li>Panoramas da viol\u00eancia contra mulheres na Bol\u00edvia, debates na \u00e1rea da psicolog\u00eda \u2013 Profa. Msc. Maggie J\u00e1uregui Ortiz\/Universidade Aut\u00f3noma Gabriel Ren\u00e9 Moreno\/Instituto de Investiga\u00e7\u00f5es da Faculdade de Humanidades<\/li>\n<\/ul>\n<p>&nbsp;<\/p>\n<p><strong>15h30<\/strong> \u2013 Intervalo para o caf\u00e9<\/p>\n<p>&nbsp;<\/p>\n<p>16h00 &#8211; <strong>Confer\u00eancias: Viol\u00eancia contra Mulheres na Am\u00e9rica Latina (parte II)<\/strong><\/p>\n<ul>\n<li>Meninas da guerrilha: g\u00eanero e educa\u00e7\u00e3o em situa\u00e7\u00e3o de conflito armado na Col\u00f4mbia \u2013 debates na \u00e1rea do direito &#8211; Profa.Yaneth Dur\u00e1n Baron \u2013 Bucaramanga\/Santander, Col\u00f4mbia<\/li>\n<li>Panoramas da viol\u00eancia contra mulheres e meninas na Am\u00e9rica Latina, olhares da sociologia \u2013 Profa. Dra. Montserrat Sagot Rodriguez\/Universidade da Costa Rica\/Departamento de Sociologia<\/li>\n<\/ul>\n<p><strong>17h30<\/strong> \u2013 Encerramento<\/p>\n<div>Apoio FUNDECT\/PAPOS\/CAPES<\/div>\n","protected":false},"excerpt":{"rendered":"<p>Semin\u00e1rio Internacional Mulheres e Fronteiras: educa\u00e7\u00e3o, viol\u00eancias baseadas no g\u00eanero e estudos sobre feminc\u00eddios BRASIL \u2013 BOL\u00cdVIA \u2013 COL\u00d4MBIA \u2013 COSTA RICA CORUMB\u00c1-MS \u2013 23 de fevereiro de 2017 Local: Audit\u00f3rio UFMS \u2013 UNIDADE III \u2013 PORTO GERAL &nbsp; O Semin\u00e1rio Internacional Mulheres e Fronteiras: educa\u00e7\u00e3o, viol\u00eancias baseadas no g\u00eanero e estudos sobre feminicidios, abre [&hellip;]<\/p>\n","protected":false},"author":2660,"featured_media":2456,"comment_status":"closed","ping_status":"open","sticky":false,"template":"","format":"standard","meta":{"footnotes":""},"categories":[17,38,1],"tags":[],"coauthors":[],"class_list":["post-2449","post","type-post","status-publish","format-standard","has-post-thumbnail","hentry","category-destaques","category-eventos-internos","category-noticias"],"_links":{"self":[{"href":"https:\/\/ppgecpan.ufms.br\/es\/wp-json\/wp\/v2\/posts\/2449","targetHints":{"allow":["GET"]}}],"collection":[{"href":"https:\/\/ppgecpan.ufms.br\/es\/wp-json\/wp\/v2\/posts"}],"about":[{"href":"https:\/\/ppgecpan.ufms.br\/es\/wp-json\/wp\/v2\/types\/post"}],"author":[{"embeddable":true,"href":"https:\/\/ppgecpan.ufms.br\/es\/wp-json\/wp\/v2\/users\/2660"}],"replies":[{"embeddable":true,"href":"https:\/\/ppgecpan.ufms.br\/es\/wp-json\/wp\/v2\/comments?post=2449"}],"version-history":[{"count":7,"href":"https:\/\/ppgecpan.ufms.br\/es\/wp-json\/wp\/v2\/posts\/2449\/revisions"}],"predecessor-version":[{"id":2919,"href":"https:\/\/ppgecpan.ufms.br\/es\/wp-json\/wp\/v2\/posts\/2449\/revisions\/2919"}],"wp:featuredmedia":[{"embeddable":true,"href":"https:\/\/ppgecpan.ufms.br\/es\/wp-json\/wp\/v2\/media\/2456"}],"wp:attachment":[{"href":"https:\/\/ppgecpan.ufms.br\/es\/wp-json\/wp\/v2\/media?parent=2449"}],"wp:term":[{"taxonomy":"category","embeddable":true,"href":"https:\/\/ppgecpan.ufms.br\/es\/wp-json\/wp\/v2\/categories?post=2449"},{"taxonomy":"post_tag","embeddable":true,"href":"https:\/\/ppgecpan.ufms.br\/es\/wp-json\/wp\/v2\/tags?post=2449"},{"taxonomy":"author","embeddable":true,"href":"https:\/\/ppgecpan.ufms.br\/es\/wp-json\/wp\/v2\/coauthors?post=2449"}],"curies":[{"name":"wp","href":"https:\/\/api.w.org\/{rel}","templated":true}]}}