{"id":2475,"date":"2017-02-24T15:00:36","date_gmt":"2017-02-24T19:00:36","guid":{"rendered":"https:\/\/ppgecpan.ufms.br\/?p=2475"},"modified":"2017-02-24T15:04:45","modified_gmt":"2017-02-24T19:04:45","slug":"vi-simposio-de-educacao-inclusiva-e-adaptacoes-e-iv-simposio-internacional-de-educacao-distancia","status":"publish","type":"post","link":"https:\/\/ppgecpan.ufms.br\/es\/vi-simposio-de-educacao-inclusiva-e-adaptacoes-e-iv-simposio-internacional-de-educacao-distancia\/","title":{"rendered":"VI Simp\u00f3sio de Educa\u00e7\u00e3o Inclusiva e Adapta\u00e7\u00f5es e IV Simp\u00f3sio Internacional de Educa\u00e7\u00e3o a Dist\u00e2ncia"},"content":{"rendered":"<p>DIVULGA\u00c7\u00c3O:<\/p>\n<p>O<b> VI Simp\u00f3sio de Educa\u00e7\u00e3o Inclusiva e Adapta\u00e7\u00f5es <\/b>e o\u00a0<b>IV Simp\u00f3sio Internacional de Educa\u00e7\u00e3o a Dist\u00e2ncia\u00a0<\/b>est\u00e3o com as inscri\u00e7\u00f5es de trabalhos abertas:<\/p>\n<div><a href=\"https:\/\/sigeve.ead.unesp.br\/paginas\/din.php?p=137\" target=\"_blank\">https:\/\/sigeve.ead.unesp.br\/paginas\/din.php?p=137<\/a><\/div>\n","protected":false},"excerpt":{"rendered":"<p>DIVULGA\u00c7\u00c3O: O VI Simp\u00f3sio de Educa\u00e7\u00e3o Inclusiva e Adapta\u00e7\u00f5es e o\u00a0IV Simp\u00f3sio Internacional de Educa\u00e7\u00e3o a Dist\u00e2ncia\u00a0est\u00e3o com as inscri\u00e7\u00f5es de trabalhos abertas: https:\/\/sigeve.ead.unesp.br\/paginas\/din.php?p=137<\/p>\n","protected":false},"author":2660,"featured_media":2478,"comment_status":"closed","ping_status":"open","sticky":false,"template":"","format":"standard","meta":{"footnotes":""},"categories":[17,39,1],"tags":[],"coauthors":[],"class_list":["post-2475","post","type-post","status-publish","format-standard","has-post-thumbnail","hentry","category-destaques","category-eventos-externos","category-noticias"],"_links":{"self":[{"href":"https:\/\/ppgecpan.ufms.br\/es\/wp-json\/wp\/v2\/posts\/2475","targetHints":{"allow":["GET"]}}],"collection":[{"href":"https:\/\/ppgecpan.ufms.br\/es\/wp-json\/wp\/v2\/posts"}],"about":[{"href":"https:\/\/ppgecpan.ufms.br\/es\/wp-json\/wp\/v2\/types\/post"}],"author":[{"embeddable":true,"href":"https:\/\/ppgecpan.ufms.br\/es\/wp-json\/wp\/v2\/users\/2660"}],"replies":[{"embeddable":true,"href":"https:\/\/ppgecpan.ufms.br\/es\/wp-json\/wp\/v2\/comments?post=2475"}],"version-history":[{"count":1,"href":"https:\/\/ppgecpan.ufms.br\/es\/wp-json\/wp\/v2\/posts\/2475\/revisions"}],"predecessor-version":[{"id":2477,"href":"https:\/\/ppgecpan.ufms.br\/es\/wp-json\/wp\/v2\/posts\/2475\/revisions\/2477"}],"wp:featuredmedia":[{"embeddable":true,"href":"https:\/\/ppgecpan.ufms.br\/es\/wp-json\/wp\/v2\/media\/2478"}],"wp:attachment":[{"href":"https:\/\/ppgecpan.ufms.br\/es\/wp-json\/wp\/v2\/media?parent=2475"}],"wp:term":[{"taxonomy":"category","embeddable":true,"href":"https:\/\/ppgecpan.ufms.br\/es\/wp-json\/wp\/v2\/categories?post=2475"},{"taxonomy":"post_tag","embeddable":true,"href":"https:\/\/ppgecpan.ufms.br\/es\/wp-json\/wp\/v2\/tags?post=2475"},{"taxonomy":"author","embeddable":true,"href":"https:\/\/ppgecpan.ufms.br\/es\/wp-json\/wp\/v2\/coauthors?post=2475"}],"curies":[{"name":"wp","href":"https:\/\/api.w.org\/{rel}","templated":true}]}}