{"id":2564,"date":"2017-05-12T08:00:38","date_gmt":"2017-05-12T12:00:38","guid":{"rendered":"https:\/\/ppgecpan.ufms.br\/?p=2564"},"modified":"2017-05-12T08:01:40","modified_gmt":"2017-05-12T12:01:40","slug":"38-anped","status":"publish","type":"post","link":"https:\/\/ppgecpan.ufms.br\/es\/38-anped\/","title":{"rendered":"38\u00aa Reuni\u00e3o Nacional da ANPEd"},"content":{"rendered":"<div>A ANPEd prorrogou de 07 para\u00a0<strong>15 de mar\u00e7o<\/strong>\u00a0o prazo limite para a\u00a0<strong>submiss\u00e3o de trabalhos e propostas\u00a0<\/strong>para a 38\u00aa Reuni\u00e3o Nacional.\u00a0O encontro acontecer\u00e1 de 1 a 5 de outubro de 2017 na Universidade Federal do Maranh\u00e3o (UFMA), em S\u00e3o Lu\u00eds, com o tema &#8220;Democracia em risco: a pesquisa e a p\u00f3s-gradua\u00e7\u00e3o em contexto de resist\u00eancia&#8221;. As institui\u00e7\u00f5es estaduais do Rio de Janeiro (UERJ, UENF, UEZO e FAETEC) t\u00eam o prazo especial de 27 de mar\u00e7o para pagamento de anuidade, assim como j\u00e1 anunciado anteriormente. O pagamento da anuidade de 2017 \u00e9 condi\u00e7\u00e3o\u00a0para submiss\u00f5es de textos\/propostas.<\/div>\n<div><\/div>\n<div><span style=\"font-family: 'Open Sans', 'Helvetica Neue', Helvetica, Arial, sans-serif;font-size: small\">Mais informa\u00e7\u00f5es:<\/span><\/div>\n<div><a href=\"http:\/\/www.anped.org.br\/news\/prorrogacao-de-prazo-para-submissao-de-trabalhos-para-38a-reuniao-nacional-da-anped-15-de-marco\" target=\"_blank\" rel=\"noopener noreferrer\">http:\/\/www.anped.org.br\/news\/prorrogacao-de-prazo-para-submissao-de-trabalhos-para-38a-reuniao-nacional-da-anped-15-de-marco<\/a><span style=\"font-family: 'Open Sans', 'Helvetica Neue', Helvetica, Arial, sans-serif;font-size: small\"><br \/>\n<\/span><\/div>\n","protected":false},"excerpt":{"rendered":"<p>A ANPEd prorrogou de 07 para\u00a015 de mar\u00e7o\u00a0o prazo limite para a\u00a0submiss\u00e3o de trabalhos e propostas\u00a0para a 38\u00aa Reuni\u00e3o Nacional.\u00a0O encontro acontecer\u00e1 de 1 a 5 de outubro de 2017 na Universidade Federal do Maranh\u00e3o (UFMA), em S\u00e3o Lu\u00eds, com o tema &#8220;Democracia em risco: a pesquisa e a p\u00f3s-gradua\u00e7\u00e3o em contexto de resist\u00eancia&#8221;. As [&hellip;]<\/p>\n","protected":false},"author":2660,"featured_media":2565,"comment_status":"closed","ping_status":"open","sticky":false,"template":"","format":"standard","meta":{"footnotes":""},"categories":[17,39,1],"tags":[],"coauthors":[],"class_list":["post-2564","post","type-post","status-publish","format-standard","has-post-thumbnail","hentry","category-destaques","category-eventos-externos","category-noticias"],"_links":{"self":[{"href":"https:\/\/ppgecpan.ufms.br\/es\/wp-json\/wp\/v2\/posts\/2564","targetHints":{"allow":["GET"]}}],"collection":[{"href":"https:\/\/ppgecpan.ufms.br\/es\/wp-json\/wp\/v2\/posts"}],"about":[{"href":"https:\/\/ppgecpan.ufms.br\/es\/wp-json\/wp\/v2\/types\/post"}],"author":[{"embeddable":true,"href":"https:\/\/ppgecpan.ufms.br\/es\/wp-json\/wp\/v2\/users\/2660"}],"replies":[{"embeddable":true,"href":"https:\/\/ppgecpan.ufms.br\/es\/wp-json\/wp\/v2\/comments?post=2564"}],"version-history":[{"count":3,"href":"https:\/\/ppgecpan.ufms.br\/es\/wp-json\/wp\/v2\/posts\/2564\/revisions"}],"predecessor-version":[{"id":2698,"href":"https:\/\/ppgecpan.ufms.br\/es\/wp-json\/wp\/v2\/posts\/2564\/revisions\/2698"}],"wp:featuredmedia":[{"embeddable":true,"href":"https:\/\/ppgecpan.ufms.br\/es\/wp-json\/wp\/v2\/media\/2565"}],"wp:attachment":[{"href":"https:\/\/ppgecpan.ufms.br\/es\/wp-json\/wp\/v2\/media?parent=2564"}],"wp:term":[{"taxonomy":"category","embeddable":true,"href":"https:\/\/ppgecpan.ufms.br\/es\/wp-json\/wp\/v2\/categories?post=2564"},{"taxonomy":"post_tag","embeddable":true,"href":"https:\/\/ppgecpan.ufms.br\/es\/wp-json\/wp\/v2\/tags?post=2564"},{"taxonomy":"author","embeddable":true,"href":"https:\/\/ppgecpan.ufms.br\/es\/wp-json\/wp\/v2\/coauthors?post=2564"}],"curies":[{"name":"wp","href":"https:\/\/api.w.org\/{rel}","templated":true}]}}