{"id":2580,"date":"2017-03-20T12:32:37","date_gmt":"2017-03-20T16:32:37","guid":{"rendered":"https:\/\/ppgecpan.ufms.br\/?p=2580"},"modified":"2017-04-05T07:26:42","modified_gmt":"2017-04-05T11:26:42","slug":"divulgacao-congresso-internacional-de-literatura-infanto-juvenil","status":"publish","type":"post","link":"https:\/\/ppgecpan.ufms.br\/es\/divulgacao-congresso-internacional-de-literatura-infanto-juvenil\/","title":{"rendered":"Divulga\u00e7\u00e3o: V Congresso Internacional de Literatura Infanto Juvenil"},"content":{"rendered":"<p>DIVULGA\u00c7\u00c3O<\/p>\n<p>Congresso Internacional que acontecer\u00e1 de 02 a 04 de agosto na UNESP de Presidente Prudente-SP.<\/p>\n<p><a href=\"http:\/\/www2.fct.unesp.br\/congresso\/cellij\/\" target=\"_blank\">http:\/\/www2.fct.unesp.br\/congresso\/cellij\/<\/a><\/p>\n","protected":false},"excerpt":{"rendered":"<p>DIVULGA\u00c7\u00c3O Congresso Internacional que acontecer\u00e1 de 02 a 04 de agosto na UNESP de Presidente Prudente-SP. http:\/\/www2.fct.unesp.br\/congresso\/cellij\/<\/p>\n","protected":false},"author":2660,"featured_media":2581,"comment_status":"closed","ping_status":"open","sticky":false,"template":"","format":"standard","meta":{"footnotes":""},"categories":[39,1],"tags":[],"coauthors":[],"class_list":["post-2580","post","type-post","status-publish","format-standard","has-post-thumbnail","hentry","category-eventos-externos","category-noticias"],"_links":{"self":[{"href":"https:\/\/ppgecpan.ufms.br\/es\/wp-json\/wp\/v2\/posts\/2580","targetHints":{"allow":["GET"]}}],"collection":[{"href":"https:\/\/ppgecpan.ufms.br\/es\/wp-json\/wp\/v2\/posts"}],"about":[{"href":"https:\/\/ppgecpan.ufms.br\/es\/wp-json\/wp\/v2\/types\/post"}],"author":[{"embeddable":true,"href":"https:\/\/ppgecpan.ufms.br\/es\/wp-json\/wp\/v2\/users\/2660"}],"replies":[{"embeddable":true,"href":"https:\/\/ppgecpan.ufms.br\/es\/wp-json\/wp\/v2\/comments?post=2580"}],"version-history":[{"count":2,"href":"https:\/\/ppgecpan.ufms.br\/es\/wp-json\/wp\/v2\/posts\/2580\/revisions"}],"predecessor-version":[{"id":2583,"href":"https:\/\/ppgecpan.ufms.br\/es\/wp-json\/wp\/v2\/posts\/2580\/revisions\/2583"}],"wp:featuredmedia":[{"embeddable":true,"href":"https:\/\/ppgecpan.ufms.br\/es\/wp-json\/wp\/v2\/media\/2581"}],"wp:attachment":[{"href":"https:\/\/ppgecpan.ufms.br\/es\/wp-json\/wp\/v2\/media?parent=2580"}],"wp:term":[{"taxonomy":"category","embeddable":true,"href":"https:\/\/ppgecpan.ufms.br\/es\/wp-json\/wp\/v2\/categories?post=2580"},{"taxonomy":"post_tag","embeddable":true,"href":"https:\/\/ppgecpan.ufms.br\/es\/wp-json\/wp\/v2\/tags?post=2580"},{"taxonomy":"author","embeddable":true,"href":"https:\/\/ppgecpan.ufms.br\/es\/wp-json\/wp\/v2\/coauthors?post=2580"}],"curies":[{"name":"wp","href":"https:\/\/api.w.org\/{rel}","templated":true}]}}