{"id":2598,"date":"2017-03-30T07:08:57","date_gmt":"2017-03-30T11:08:57","guid":{"rendered":"https:\/\/ppgecpan.ufms.br\/?p=2598"},"modified":"2017-09-28T15:19:34","modified_gmt":"2017-09-28T19:19:34","slug":"convite-mesa-redonda-sobre-educacao-infantil","status":"publish","type":"post","link":"https:\/\/ppgecpan.ufms.br\/es\/convite-mesa-redonda-sobre-educacao-infantil\/","title":{"rendered":"Convite: Mesa Redonda sobre Educa\u00e7\u00e3o Infantil"},"content":{"rendered":"<div id=\"m_3460649839280140519m_7422321428434439822yiv3542513366yui_3_16_0_ym19_1_1489449037304_4429\" dir=\"ltr\"><strong>Mesa Redonda sobre Educa\u00e7\u00e3o Infantil<\/strong><\/div>\n<div dir=\"ltr\"><\/div>\n<div dir=\"ltr\"><\/div>\n<div id=\"m_3460649839280140519m_7422321428434439822yiv3542513366yui_3_16_0_ym19_1_1489449037304_4429\" dir=\"ltr\">Palestrantes: Prof\u00aa Dr\u00aa Anamaria Santana da Silva e Prof\u00aa Dr\u00aa Ana L\u00facia Espindola<\/div>\n<div dir=\"ltr\"><\/div>\n<div id=\"m_3460649839280140519m_7422321428434439822yiv3542513366yui_3_16_0_ym19_1_1489449037304_4429\" dir=\"ltr\"><\/div>\n<div id=\"m_3460649839280140519m_7422321428434439822yiv3542513366yui_3_16_0_ym19_1_1489449037304_4429\" dir=\"ltr\">Hor\u00e1rio: <strong>18:00<\/strong><\/div>\n<div dir=\"ltr\">Dia: <strong>31 de mar\u00e7o<\/strong><\/div>\n<div id=\"m_3460649839280140519m_7422321428434439822yiv3542513366yui_3_16_0_ym19_1_1489449037304_4429\" dir=\"ltr\">Local: <strong>Sindicato Rural de Corumb\u00e1<\/strong><\/div>\n<div id=\"m_3460649839280140519m_7422321428434439822yiv3542513366yui_3_16_0_ym19_1_1489449037304_4429\" dir=\"ltr\">P\u00fablico alvo: Professores de educa\u00e7\u00e3o infantil da rede municipal de Corumb\u00e1 e Acad\u00eamicos do mestrado em educa\u00e7\u00e3o.<\/div>\n<div dir=\"ltr\"><\/div>\n<div dir=\"ltr\">\n<div>Apoio FUNDECT\/PAPOS\/CAPES<\/div>\n<\/div>\n<div dir=\"ltr\"><\/div>\n","protected":false},"excerpt":{"rendered":"<p>Mesa Redonda sobre Educa\u00e7\u00e3o Infantil Palestrantes: Prof\u00aa Dr\u00aa Anamaria Santana da Silva e Prof\u00aa Dr\u00aa Ana L\u00facia Espindola Hor\u00e1rio: 18:00 Dia: 31 de mar\u00e7o Local: Sindicato Rural de Corumb\u00e1 P\u00fablico alvo: Professores de educa\u00e7\u00e3o infantil da rede municipal de Corumb\u00e1 e Acad\u00eamicos do mestrado em educa\u00e7\u00e3o. Apoio FUNDECT\/PAPOS\/CAPES<\/p>\n","protected":false},"author":2660,"featured_media":968,"comment_status":"closed","ping_status":"open","sticky":false,"template":"","format":"standard","meta":{"footnotes":""},"categories":[38,1],"tags":[],"coauthors":[],"class_list":["post-2598","post","type-post","status-publish","format-standard","has-post-thumbnail","hentry","category-eventos-internos","category-noticias"],"_links":{"self":[{"href":"https:\/\/ppgecpan.ufms.br\/es\/wp-json\/wp\/v2\/posts\/2598","targetHints":{"allow":["GET"]}}],"collection":[{"href":"https:\/\/ppgecpan.ufms.br\/es\/wp-json\/wp\/v2\/posts"}],"about":[{"href":"https:\/\/ppgecpan.ufms.br\/es\/wp-json\/wp\/v2\/types\/post"}],"author":[{"embeddable":true,"href":"https:\/\/ppgecpan.ufms.br\/es\/wp-json\/wp\/v2\/users\/2660"}],"replies":[{"embeddable":true,"href":"https:\/\/ppgecpan.ufms.br\/es\/wp-json\/wp\/v2\/comments?post=2598"}],"version-history":[{"count":3,"href":"https:\/\/ppgecpan.ufms.br\/es\/wp-json\/wp\/v2\/posts\/2598\/revisions"}],"predecessor-version":[{"id":2915,"href":"https:\/\/ppgecpan.ufms.br\/es\/wp-json\/wp\/v2\/posts\/2598\/revisions\/2915"}],"wp:featuredmedia":[{"embeddable":true,"href":"https:\/\/ppgecpan.ufms.br\/es\/wp-json\/wp\/v2\/media\/968"}],"wp:attachment":[{"href":"https:\/\/ppgecpan.ufms.br\/es\/wp-json\/wp\/v2\/media?parent=2598"}],"wp:term":[{"taxonomy":"category","embeddable":true,"href":"https:\/\/ppgecpan.ufms.br\/es\/wp-json\/wp\/v2\/categories?post=2598"},{"taxonomy":"post_tag","embeddable":true,"href":"https:\/\/ppgecpan.ufms.br\/es\/wp-json\/wp\/v2\/tags?post=2598"},{"taxonomy":"author","embeddable":true,"href":"https:\/\/ppgecpan.ufms.br\/es\/wp-json\/wp\/v2\/coauthors?post=2598"}],"curies":[{"name":"wp","href":"https:\/\/api.w.org\/{rel}","templated":true}]}}