{"id":2606,"date":"2017-04-05T00:38:38","date_gmt":"2017-04-05T04:38:38","guid":{"rendered":"https:\/\/ppgecpan.ufms.br\/?p=2606"},"modified":"2017-04-05T00:39:18","modified_gmt":"2017-04-05T04:39:18","slug":"2606-2","status":"publish","type":"post","link":"https:\/\/ppgecpan.ufms.br\/es\/2606-2\/","title":{"rendered":"V Congresso Internacional &#8211; Educa\u00e7\u00e3o, Inclus\u00e3o e Inova\u00e7\u00e3o"},"content":{"rendered":"<p>DIVULGA\u00c7\u00c3O<\/p>\n<p>Caros amigos e associados,<\/p>\n<p>O <strong>V Congresso Internacional &#8211; Educa\u00e7\u00e3o, Inclus\u00e3o e Inova\u00e7\u00e3o<\/strong>, da Pr\u00f3-Inclus\u00e3o, est\u00e1\u00a0a chegar!<br \/>\nLembrando\u00a0o\u00a0enorme sucesso\u00a0do nosso \u00faltimo Congresso, <em>ISEC2015<\/em>, lembramos a import\u00e2ncia e\u00a0a alegria\u00a0da\u00a0vossa participa\u00e7\u00e3o!<\/p>\n<p>Queremos que se mantenham\u00a0curiosos e expectantes, pois teremos muitas e boas novidades! Fa\u00e7am j\u00e1 a vossa inscri\u00e7\u00e3o!<br \/>\nContamos convosco!<\/p>\n<p>At\u00e9 j\u00e1<br \/>\nA comiss\u00e3o organizadora<\/p>\n","protected":false},"excerpt":{"rendered":"<p>DIVULGA\u00c7\u00c3O Caros amigos e associados, O V Congresso Internacional &#8211; Educa\u00e7\u00e3o, Inclus\u00e3o e Inova\u00e7\u00e3o, da Pr\u00f3-Inclus\u00e3o, est\u00e1\u00a0a chegar! Lembrando\u00a0o\u00a0enorme sucesso\u00a0do nosso \u00faltimo Congresso, ISEC2015, lembramos a import\u00e2ncia e\u00a0a alegria\u00a0da\u00a0vossa participa\u00e7\u00e3o! Queremos que se mantenham\u00a0curiosos e expectantes, pois teremos muitas e boas novidades! Fa\u00e7am j\u00e1 a vossa inscri\u00e7\u00e3o! Contamos convosco! At\u00e9 j\u00e1 A comiss\u00e3o organizadora<\/p>\n","protected":false},"author":2660,"featured_media":2608,"comment_status":"closed","ping_status":"open","sticky":false,"template":"","format":"standard","meta":{"footnotes":""},"categories":[17,39],"tags":[],"coauthors":[],"class_list":["post-2606","post","type-post","status-publish","format-standard","has-post-thumbnail","hentry","category-destaques","category-eventos-externos"],"_links":{"self":[{"href":"https:\/\/ppgecpan.ufms.br\/es\/wp-json\/wp\/v2\/posts\/2606","targetHints":{"allow":["GET"]}}],"collection":[{"href":"https:\/\/ppgecpan.ufms.br\/es\/wp-json\/wp\/v2\/posts"}],"about":[{"href":"https:\/\/ppgecpan.ufms.br\/es\/wp-json\/wp\/v2\/types\/post"}],"author":[{"embeddable":true,"href":"https:\/\/ppgecpan.ufms.br\/es\/wp-json\/wp\/v2\/users\/2660"}],"replies":[{"embeddable":true,"href":"https:\/\/ppgecpan.ufms.br\/es\/wp-json\/wp\/v2\/comments?post=2606"}],"version-history":[{"count":3,"href":"https:\/\/ppgecpan.ufms.br\/es\/wp-json\/wp\/v2\/posts\/2606\/revisions"}],"predecessor-version":[{"id":2611,"href":"https:\/\/ppgecpan.ufms.br\/es\/wp-json\/wp\/v2\/posts\/2606\/revisions\/2611"}],"wp:featuredmedia":[{"embeddable":true,"href":"https:\/\/ppgecpan.ufms.br\/es\/wp-json\/wp\/v2\/media\/2608"}],"wp:attachment":[{"href":"https:\/\/ppgecpan.ufms.br\/es\/wp-json\/wp\/v2\/media?parent=2606"}],"wp:term":[{"taxonomy":"category","embeddable":true,"href":"https:\/\/ppgecpan.ufms.br\/es\/wp-json\/wp\/v2\/categories?post=2606"},{"taxonomy":"post_tag","embeddable":true,"href":"https:\/\/ppgecpan.ufms.br\/es\/wp-json\/wp\/v2\/tags?post=2606"},{"taxonomy":"author","embeddable":true,"href":"https:\/\/ppgecpan.ufms.br\/es\/wp-json\/wp\/v2\/coauthors?post=2606"}],"curies":[{"name":"wp","href":"https:\/\/api.w.org\/{rel}","templated":true}]}}