{"id":261,"date":"2012-04-18T08:22:09","date_gmt":"2012-04-18T12:22:09","guid":{"rendered":"http:\/\/ppgecpan.draconis.ufms.br\/?p=261"},"modified":"2016-02-19T16:00:41","modified_gmt":"2016-02-19T20:00:41","slug":"anped-co-2012","status":"publish","type":"post","link":"https:\/\/ppgecpan.ufms.br\/es\/anped-co-2012\/","title":{"rendered":"ANPED-CO 2012"},"content":{"rendered":"<p>O Programa de P\u00f3s-Gradua\u00e7\u00e3o em Educa\u00e7\u00e3o do Campus do Pantanal informa que diante da prorroga\u00e7\u00e3o do per\u00edodo de inscri\u00e7\u00f5es de trabalhos para a Anped-CO,\u00a0prevemos a divulga\u00e7\u00e3o da\u00a0listagem dos trabalhos inscritos &#8211; para simples confer\u00eancia &#8211;\u00a0apenas na segunda-feira (23\/4).<\/p>\n<p>A data prov\u00e1vel de divulga\u00e7\u00e3o dos trabalhos aceitos \u00e9 21\/5.<\/p>\n<p>.<\/p>\n<p>Para maiores informa\u00e7\u00f5es<a href=\"http:\/\/www.anpedco2012.ufms.br\" target=\"_blank\">\u00a0clique aqui e acesse a p\u00e1gina do evento.<\/a><\/p>\n","protected":false},"excerpt":{"rendered":"<p>O Programa de P\u00f3s-Gradua\u00e7\u00e3o em Educa\u00e7\u00e3o do Campus do Pantanal informa que diante da prorroga\u00e7\u00e3o do per\u00edodo de inscri\u00e7\u00f5es de trabalhos para a Anped-CO,\u00a0prevemos a divulga\u00e7\u00e3o da\u00a0listagem dos trabalhos inscritos &#8211; para simples confer\u00eancia &#8211;\u00a0apenas na segunda-feira (23\/4). A data prov\u00e1vel de divulga\u00e7\u00e3o dos trabalhos aceitos \u00e9 21\/5. . Para maiores informa\u00e7\u00f5es\u00a0clique aqui e acesse [&hellip;]<\/p>\n","protected":false},"author":7,"featured_media":0,"comment_status":"closed","ping_status":"open","sticky":false,"template":"","format":"standard","meta":{"footnotes":""},"categories":[1],"tags":[],"coauthors":[],"class_list":["post-261","post","type-post","status-publish","format-standard","hentry","category-noticias"],"_links":{"self":[{"href":"https:\/\/ppgecpan.ufms.br\/es\/wp-json\/wp\/v2\/posts\/261","targetHints":{"allow":["GET"]}}],"collection":[{"href":"https:\/\/ppgecpan.ufms.br\/es\/wp-json\/wp\/v2\/posts"}],"about":[{"href":"https:\/\/ppgecpan.ufms.br\/es\/wp-json\/wp\/v2\/types\/post"}],"author":[{"embeddable":true,"href":"https:\/\/ppgecpan.ufms.br\/es\/wp-json\/wp\/v2\/users\/7"}],"replies":[{"embeddable":true,"href":"https:\/\/ppgecpan.ufms.br\/es\/wp-json\/wp\/v2\/comments?post=261"}],"version-history":[{"count":4,"href":"https:\/\/ppgecpan.ufms.br\/es\/wp-json\/wp\/v2\/posts\/261\/revisions"}],"predecessor-version":[{"id":1471,"href":"https:\/\/ppgecpan.ufms.br\/es\/wp-json\/wp\/v2\/posts\/261\/revisions\/1471"}],"wp:attachment":[{"href":"https:\/\/ppgecpan.ufms.br\/es\/wp-json\/wp\/v2\/media?parent=261"}],"wp:term":[{"taxonomy":"category","embeddable":true,"href":"https:\/\/ppgecpan.ufms.br\/es\/wp-json\/wp\/v2\/categories?post=261"},{"taxonomy":"post_tag","embeddable":true,"href":"https:\/\/ppgecpan.ufms.br\/es\/wp-json\/wp\/v2\/tags?post=261"},{"taxonomy":"author","embeddable":true,"href":"https:\/\/ppgecpan.ufms.br\/es\/wp-json\/wp\/v2\/coauthors?post=261"}],"curies":[{"name":"wp","href":"https:\/\/api.w.org\/{rel}","templated":true}]}}