{"id":2612,"date":"2017-04-05T00:42:28","date_gmt":"2017-04-05T04:42:28","guid":{"rendered":"https:\/\/ppgecpan.ufms.br\/?p=2612"},"modified":"2017-04-05T00:42:59","modified_gmt":"2017-04-05T04:42:59","slug":"iii-coloquio-luso-afro-brasileiro-de-questoes-curriculares","status":"publish","type":"post","link":"https:\/\/ppgecpan.ufms.br\/es\/iii-coloquio-luso-afro-brasileiro-de-questoes-curriculares\/","title":{"rendered":"III Col\u00f3quio Luso-Afro-Brasileiro de Quest\u00f5es Curriculares"},"content":{"rendered":"<p>DIVULGA\u00c7\u00c3O<\/p>\n<p>Os organizadores do III Col\u00f3quio Luso-Afro-Brasileiro de Quest\u00f5es Curriculares, tem o prazer de lhe convidar para nosso evento que acontecer\u00e1 em Praia, Cabo Verde, nos dias 06 e 07 de Julho.<\/p>\n<p>Maiores informa\u00e7\u00f5es no site do evento:<\/p>\n<p><a href=\"http:\/\/www.coloquiocurriculo.com\/\" target=\"_blank\">www.coloquiocurriculo.com<\/a><\/p>\n<p>Siga nossa p\u00e1gina no twitter ou facebook:<\/p>\n<p><a href=\"http:\/\/www.facebook.com\/coloquiocurriculo\" target=\"_blank\">www.facebook.com\/coloquiocurriculo<\/a>\u00a0e\u00a0<a href=\"http:\/\/www.twitter.com\/colcurriculo\" target=\"_blank\">www.twitter.com\/colcurriculo<\/a><\/p>\n<p>Esperamos por voc\u00ea em Cabo Verde!<\/p>\n","protected":false},"excerpt":{"rendered":"<p>DIVULGA\u00c7\u00c3O Os organizadores do III Col\u00f3quio Luso-Afro-Brasileiro de Quest\u00f5es Curriculares, tem o prazer de lhe convidar para nosso evento que acontecer\u00e1 em Praia, Cabo Verde, nos dias 06 e 07 de Julho. Maiores informa\u00e7\u00f5es no site do evento: www.coloquiocurriculo.com Siga nossa p\u00e1gina no twitter ou facebook: www.facebook.com\/coloquiocurriculo\u00a0e\u00a0www.twitter.com\/colcurriculo Esperamos por voc\u00ea em Cabo Verde!<\/p>\n","protected":false},"author":2660,"featured_media":2613,"comment_status":"closed","ping_status":"open","sticky":false,"template":"","format":"standard","meta":{"footnotes":""},"categories":[17,39],"tags":[],"coauthors":[],"class_list":["post-2612","post","type-post","status-publish","format-standard","has-post-thumbnail","hentry","category-destaques","category-eventos-externos"],"_links":{"self":[{"href":"https:\/\/ppgecpan.ufms.br\/es\/wp-json\/wp\/v2\/posts\/2612","targetHints":{"allow":["GET"]}}],"collection":[{"href":"https:\/\/ppgecpan.ufms.br\/es\/wp-json\/wp\/v2\/posts"}],"about":[{"href":"https:\/\/ppgecpan.ufms.br\/es\/wp-json\/wp\/v2\/types\/post"}],"author":[{"embeddable":true,"href":"https:\/\/ppgecpan.ufms.br\/es\/wp-json\/wp\/v2\/users\/2660"}],"replies":[{"embeddable":true,"href":"https:\/\/ppgecpan.ufms.br\/es\/wp-json\/wp\/v2\/comments?post=2612"}],"version-history":[{"count":2,"href":"https:\/\/ppgecpan.ufms.br\/es\/wp-json\/wp\/v2\/posts\/2612\/revisions"}],"predecessor-version":[{"id":2615,"href":"https:\/\/ppgecpan.ufms.br\/es\/wp-json\/wp\/v2\/posts\/2612\/revisions\/2615"}],"wp:featuredmedia":[{"embeddable":true,"href":"https:\/\/ppgecpan.ufms.br\/es\/wp-json\/wp\/v2\/media\/2613"}],"wp:attachment":[{"href":"https:\/\/ppgecpan.ufms.br\/es\/wp-json\/wp\/v2\/media?parent=2612"}],"wp:term":[{"taxonomy":"category","embeddable":true,"href":"https:\/\/ppgecpan.ufms.br\/es\/wp-json\/wp\/v2\/categories?post=2612"},{"taxonomy":"post_tag","embeddable":true,"href":"https:\/\/ppgecpan.ufms.br\/es\/wp-json\/wp\/v2\/tags?post=2612"},{"taxonomy":"author","embeddable":true,"href":"https:\/\/ppgecpan.ufms.br\/es\/wp-json\/wp\/v2\/coauthors?post=2612"}],"curies":[{"name":"wp","href":"https:\/\/api.w.org\/{rel}","templated":true}]}}