{"id":2693,"date":"2017-05-12T08:01:26","date_gmt":"2017-05-12T12:01:26","guid":{"rendered":"https:\/\/ppgecpan.ufms.br\/?p=2693"},"modified":"2017-05-12T08:02:17","modified_gmt":"2017-05-12T12:02:17","slug":"xi-simpoed-simposio-de-formacao-e-profissao-docente","status":"publish","type":"post","link":"https:\/\/ppgecpan.ufms.br\/es\/xi-simpoed-simposio-de-formacao-e-profissao-docente\/","title":{"rendered":"XI SIMPOED (Simp\u00f3sio de Forma\u00e7\u00e3o e Profiss\u00e3o Docente)"},"content":{"rendered":"<p>Segue o convite para o\u00a0XI SIMPOED (Simp\u00f3siode Forma\u00e7\u00e3o e Profiss\u00e3o Docente) UFOP\/ICHS\/DEEDU\u00a0que acontecer\u00e1nos dias\u00a025, 26, 27 e 28 de outubro de 2017, em Mariana &#8211; MG. Otema este ano \u00e9\u00a0&#8220;Trabalho, Meio Ambiente e CompromissoSocial&#8221;.\u00a0O Simp\u00f3sio acontecer\u00e1 no Centro de Conven\u00e7\u00f5es deMariana e tamb\u00e9m no ICHS (Instituto de Ci\u00eancias Humanas e Sociais daUniversidade Federal de Ouro Preto).<\/p>\n<p>Junto ao Simp\u00f3sio tamb\u00e9m acontecem o\u00a0VIEncontro do N\u00facleo de Educa\u00e7\u00e3o Inclusiva,\u00a0o\u00a0IITaller Vend\u00edmia (RUDECol\u00f4mbia)\u00a0e o\u00a0ITaller Red Kipus.<\/p>\n<p>As\u00a0inscri\u00e7\u00f5es com submiss\u00e3o de trabalhos\u00a0j\u00e1est\u00e3o abertas\u00a0e podem ser feitas no site <a href=\"http:\/\/simpoed.ufop.br\/\" target=\"_blank\" rel=\"noopener noreferrer\">http:\/\/simpoed.ufop.br\/<\/a>\u00a0.<\/p>\n<p>A programa\u00e7\u00e3o est\u00e1 quase pronta e em breve todos poder\u00e3oconsult\u00e1-la\u00a0no site e tamb\u00e9m na p\u00e1gina do Facebook:<\/p>\n<p><a href=\"https:\/\/www.facebook.com\/simpoedufop\/\" target=\"_blank\" rel=\"noopener noreferrer\">https:\/\/www.facebook.com\/simpoedufop\/<\/a><span style=\"color: #222222\">.\u00a0<\/span><\/p>\n","protected":false},"excerpt":{"rendered":"<p>Segue o convite para o\u00a0XI SIMPOED (Simp\u00f3siode Forma\u00e7\u00e3o e Profiss\u00e3o Docente) UFOP\/ICHS\/DEEDU\u00a0que acontecer\u00e1nos dias\u00a025, 26, 27 e 28 de outubro de 2017, em Mariana &#8211; MG. Otema este ano \u00e9\u00a0&#8220;Trabalho, Meio Ambiente e CompromissoSocial&#8221;.\u00a0O Simp\u00f3sio acontecer\u00e1 no Centro de Conven\u00e7\u00f5es deMariana e tamb\u00e9m no ICHS (Instituto de Ci\u00eancias Humanas e Sociais daUniversidade Federal de Ouro [&hellip;]<\/p>\n","protected":false},"author":2660,"featured_media":2694,"comment_status":"closed","ping_status":"open","sticky":false,"template":"","format":"standard","meta":{"footnotes":""},"categories":[17,39],"tags":[],"coauthors":[],"class_list":["post-2693","post","type-post","status-publish","format-standard","has-post-thumbnail","hentry","category-destaques","category-eventos-externos"],"_links":{"self":[{"href":"https:\/\/ppgecpan.ufms.br\/es\/wp-json\/wp\/v2\/posts\/2693","targetHints":{"allow":["GET"]}}],"collection":[{"href":"https:\/\/ppgecpan.ufms.br\/es\/wp-json\/wp\/v2\/posts"}],"about":[{"href":"https:\/\/ppgecpan.ufms.br\/es\/wp-json\/wp\/v2\/types\/post"}],"author":[{"embeddable":true,"href":"https:\/\/ppgecpan.ufms.br\/es\/wp-json\/wp\/v2\/users\/2660"}],"replies":[{"embeddable":true,"href":"https:\/\/ppgecpan.ufms.br\/es\/wp-json\/wp\/v2\/comments?post=2693"}],"version-history":[{"count":2,"href":"https:\/\/ppgecpan.ufms.br\/es\/wp-json\/wp\/v2\/posts\/2693\/revisions"}],"predecessor-version":[{"id":2696,"href":"https:\/\/ppgecpan.ufms.br\/es\/wp-json\/wp\/v2\/posts\/2693\/revisions\/2696"}],"wp:featuredmedia":[{"embeddable":true,"href":"https:\/\/ppgecpan.ufms.br\/es\/wp-json\/wp\/v2\/media\/2694"}],"wp:attachment":[{"href":"https:\/\/ppgecpan.ufms.br\/es\/wp-json\/wp\/v2\/media?parent=2693"}],"wp:term":[{"taxonomy":"category","embeddable":true,"href":"https:\/\/ppgecpan.ufms.br\/es\/wp-json\/wp\/v2\/categories?post=2693"},{"taxonomy":"post_tag","embeddable":true,"href":"https:\/\/ppgecpan.ufms.br\/es\/wp-json\/wp\/v2\/tags?post=2693"},{"taxonomy":"author","embeddable":true,"href":"https:\/\/ppgecpan.ufms.br\/es\/wp-json\/wp\/v2\/coauthors?post=2693"}],"curies":[{"name":"wp","href":"https:\/\/api.w.org\/{rel}","templated":true}]}}