{"id":2699,"date":"2017-05-17T22:02:44","date_gmt":"2017-05-18T02:02:44","guid":{"rendered":"https:\/\/ppgecpan.ufms.br\/?p=2699"},"modified":"2017-05-17T22:03:35","modified_gmt":"2017-05-18T02:03:35","slug":"lista-de-inscricoes-deferidas-e-indeferidas-resultado-parcial","status":"publish","type":"post","link":"https:\/\/ppgecpan.ufms.br\/es\/lista-de-inscricoes-deferidas-e-indeferidas-resultado-parcial\/","title":{"rendered":"Lista de inscri\u00e7\u00f5es deferidas e indeferidas 2017.2 &#8211; Resultado parcial"},"content":{"rendered":"<p>Prezado\/a candidato\/a,<\/p>\n<p>Devido \u00e0 greve dos correios, a lista abaixo <u>cont\u00e9m o resultado parcial de inscri\u00e7\u00f5es deferidas e indeferidas<\/u>. Caso voc\u00ea tenha postado seu material por SEDEX e seu nome n\u00e3o consta em nenhuma das listas abaixo, por favor, envie uma mensagem para <strong>selecao.ppge.cpan@gmail.com<\/strong>, com seu nome completo e informando a situa\u00e7\u00e3o.<\/p>\n<p><strong><u>DEFERIDAS<\/u><\/strong><\/p>\n<ol>\n<li>Adel Ferreira Campos Junior<\/li>\n<li>Andr\u00e9 Freire Mastrorocco<\/li>\n<li>Arilson Campos Rojas<\/li>\n<li>Cristiane Ligier de Jesus Oliveira<\/li>\n<li>Dalete de Souza Salles Borges<\/li>\n<li>Denise Rosa Samaniego<\/li>\n<li>Dinarte Nathan Santos Mendon\u00e7a<\/li>\n<li>Dorcas Pinto Paiva<\/li>\n<li>Eliete Ramos Maciel<\/li>\n<li>Estefania Manholer<\/li>\n<li>Evandro Carlos do Nascimento<\/li>\n<li>Fab\u00edola da Silva Ferreira<\/li>\n<li>Fernanda de Figueiredo Costa Leiras<\/li>\n<li>Fernanda Sindel Paz Pereiyra<\/li>\n<li>Flavia Miguel Ribeiro<\/li>\n<li>Gleice Aparecida Pinheiro da Silva Grato<\/li>\n<li>Helen Andressa da Silva Chaparro Veadrigo<\/li>\n<li>Isabel Aparecida Maia dos Santos<\/li>\n<li>Jackeline Cristina Nogueira Guerrero<\/li>\n<li>Jacqueline de Campos Rojas<\/li>\n<li>Jacqueline Sanabria Alvarez Evangelista<\/li>\n<li>Jennyclaudia Fernanda Souza Campos<\/li>\n<li>Jessica Pereira Casali<\/li>\n<li>Klebis Anderson Ferreira<\/li>\n<li>Leopoldo Moreira Neto<\/li>\n<li>Lilian Cristina Salles da Cruz<\/li>\n<li>Luis Manoel Bezerra<\/li>\n<li>Marcela Aparecida Dorneles Duarte<\/li>\n<li>Marcela Oliveira de Farias<\/li>\n<li>Marcia Cristina Gon\u00e7alves de Souza<\/li>\n<li>Marcia Pires dos Santos<\/li>\n<li>Marcos Vinicius Rodrigues Da Silva<\/li>\n<li>Maria Alice de Paula Souza<\/li>\n<li>Maria Betania Santos Provenzano<\/li>\n<li>Maria Franciane Bezerra de Oliveira<\/li>\n<li>Maristella Samaniego Matheus<\/li>\n<li>Marli do Carmo Fiorio<\/li>\n<li>Mayara Mendes Da Cunha<\/li>\n<li>Micheline Medeiros dos Santos Sant&#8217;Anna<\/li>\n<li>Natalia Buginga Ramos da Costa Sachini<\/li>\n<li>Paula Katrina Silva e Silva<\/li>\n<li>Pedro M\u00e1rcio Medina Pessoa<\/li>\n<li>Raimundo pinheiro santos neto<\/li>\n<li>Renner Fernando da Silva C\u00f3rdova Junior<\/li>\n<li>Rosa Alessandra Rodrigues Corr\u00eaa<\/li>\n<li>Shirley De Oliveira Ramalho<\/li>\n<li>Stela Cristina De Carvalho Marinho<\/li>\n<li>Tha\u00eds Aquino Sigarini Botelho<\/li>\n<li>Thais Xavier Chalega<\/li>\n<li>Tiago Trist\u00e3o Artero<\/li>\n<li>Val\u00e9ria Aparecida Benites de Oliveira Cabral<\/li>\n<li>Viviane Vilanova Rodrigues<\/li>\n<li>Wania Alecrim de Lima<\/li>\n<\/ol>\n<p>&nbsp;<\/p>\n<p><strong><u>INDEFERIDAS<\/u><\/strong><\/p>\n<ol>\n<li>Ari Duarte Lira Lins (Edital &#8211; 2.2. \u201ce\u201d; \u201cl\u201d)<\/li>\n<li>Jane Contu (Edital &#8211; 2.1.1.)<\/li>\n<li>Laurinete da Silva Gon\u00e7alves (Edital 2.2 \u201cc\u201d)<\/li>\n<li>Lourdes Pamela Souza do Nascimento (Edital 2.2 \u201cb\u201d)<\/li>\n<li>Lucilene Rocha dos Santos (Edital 2.2 \u201cl\u201d)<\/li>\n<li>Maykon Nunes Fardim (Edital 2.2. \u201cJ\u201d)<\/li>\n<li>Mirian Correa da Silva de Jesus\u00a0(edital 2.2. \u201cl\u201d)<\/li>\n<li>Rennan Andrade dos Santos\u00a0(Edital 2.2. \u201cf\u201d)<\/li>\n<li>Roberto C\u00e9sar De Souza\u00a0(Edital 2.2 \u201ce\u201d)<\/li>\n<li>Rosiene do Espirito Santo Mauro (Edital 2.2 \u201ce\u201d)<\/li>\n<li>Yolanda Fernandes Rolim\u00a0(Edital 2.2. \u201ce\u201d)<\/li>\n<\/ol>\n<p>&nbsp;<\/p>\n<p>IMPORTANTE: Segundo o item <strong>2.4.1. do Edital n\u00ba 57\/2017, deste Processo Seletivo, <\/strong>o candidato que tiver sua inscri\u00e7\u00e3o indeferida por falta de documenta\u00e7\u00e3o (itens 2.2.) poder\u00e1 protocolar o documento faltante para sua complementa\u00e7\u00e3o diretamente na secretaria do Programa de P\u00f3s-gradua\u00e7\u00e3o em Educa\u00e7\u00e3o do <em>Campus<\/em> do Pantanal, em at\u00e9 02 (dois) dias \u00fateis a partir desta data, das 14:00 \u00e0s 17:00.<\/p>\n<p>&nbsp;<\/p>\n<p>Corumb\u00e1, 17 de maio de 2017.<\/p>\n<p>Comiss\u00e3o de Sele\u00e7\u00e3o<\/p>\n<p>&nbsp;<\/p>\n","protected":false},"excerpt":{"rendered":"<p>Prezado\/a candidato\/a, Devido \u00e0 greve dos correios, a lista abaixo cont\u00e9m o resultado parcial de inscri\u00e7\u00f5es deferidas e indeferidas. Caso voc\u00ea tenha postado seu material por SEDEX e seu nome n\u00e3o consta em nenhuma das listas abaixo, por favor, envie uma mensagem para selecao.ppge.cpan@gmail.com, com seu nome completo e informando a situa\u00e7\u00e3o. DEFERIDAS Adel Ferreira [&hellip;]<\/p>\n","protected":false},"author":2660,"featured_media":968,"comment_status":"closed","ping_status":"open","sticky":false,"template":"","format":"standard","meta":{"footnotes":""},"categories":[17,1],"tags":[],"coauthors":[],"class_list":["post-2699","post","type-post","status-publish","format-standard","has-post-thumbnail","hentry","category-destaques","category-noticias"],"_links":{"self":[{"href":"https:\/\/ppgecpan.ufms.br\/es\/wp-json\/wp\/v2\/posts\/2699","targetHints":{"allow":["GET"]}}],"collection":[{"href":"https:\/\/ppgecpan.ufms.br\/es\/wp-json\/wp\/v2\/posts"}],"about":[{"href":"https:\/\/ppgecpan.ufms.br\/es\/wp-json\/wp\/v2\/types\/post"}],"author":[{"embeddable":true,"href":"https:\/\/ppgecpan.ufms.br\/es\/wp-json\/wp\/v2\/users\/2660"}],"replies":[{"embeddable":true,"href":"https:\/\/ppgecpan.ufms.br\/es\/wp-json\/wp\/v2\/comments?post=2699"}],"version-history":[{"count":2,"href":"https:\/\/ppgecpan.ufms.br\/es\/wp-json\/wp\/v2\/posts\/2699\/revisions"}],"predecessor-version":[{"id":2701,"href":"https:\/\/ppgecpan.ufms.br\/es\/wp-json\/wp\/v2\/posts\/2699\/revisions\/2701"}],"wp:featuredmedia":[{"embeddable":true,"href":"https:\/\/ppgecpan.ufms.br\/es\/wp-json\/wp\/v2\/media\/968"}],"wp:attachment":[{"href":"https:\/\/ppgecpan.ufms.br\/es\/wp-json\/wp\/v2\/media?parent=2699"}],"wp:term":[{"taxonomy":"category","embeddable":true,"href":"https:\/\/ppgecpan.ufms.br\/es\/wp-json\/wp\/v2\/categories?post=2699"},{"taxonomy":"post_tag","embeddable":true,"href":"https:\/\/ppgecpan.ufms.br\/es\/wp-json\/wp\/v2\/tags?post=2699"},{"taxonomy":"author","embeddable":true,"href":"https:\/\/ppgecpan.ufms.br\/es\/wp-json\/wp\/v2\/coauthors?post=2699"}],"curies":[{"name":"wp","href":"https:\/\/api.w.org\/{rel}","templated":true}]}}