{"id":2724,"date":"2017-05-31T14:26:18","date_gmt":"2017-05-31T18:26:18","guid":{"rendered":"https:\/\/ppgecpan.ufms.br\/?p=2724"},"modified":"2017-05-31T14:26:57","modified_gmt":"2017-05-31T18:26:57","slug":"comunicado-cancelamento-da-palestra-educacao-nao-formal-e-escola-01062017","status":"publish","type":"post","link":"https:\/\/ppgecpan.ufms.br\/es\/comunicado-cancelamento-da-palestra-educacao-nao-formal-e-escola-01062017\/","title":{"rendered":"COMUNICADO: Cancelamento da Palestra \u201cEduca\u00e7\u00e3o n\u00e3o formal e a escola\u201d &#8211; 01\/06\/2017"},"content":{"rendered":"<div>\n<p><strong>COMUNICADO<\/strong>: Cancelamento da Palestra\u00a0\u201cEduca\u00e7\u00e3o n\u00e3o formal e a escola\u201d &#8211;\u00a0<span id=\"OBJ_PREFIX_DWT1179_com_zimbra_date\" class=\"Object\"><span id=\"OBJ_PREFIX_DWT1238_com_zimbra_date\" class=\"Object\">01\/06\/2017<\/span><\/span><\/p>\n<div><\/div>\n<p>Informamos que em virtude do cancelamento do voo, por raz\u00f5es meteorol\u00f3gicas, a Professora Doutora Cristina Carvalho &#8211; PUC\/RIO\u00a0n\u00e3o conseguiu embarcar para vir palestrar em nosso Evento.<\/p>\n<\/div>\n<div><\/div>\n<div>Atenciosamente,<\/div>\n<div><\/div>\n<div>PPGE\/CPAN<\/div>\n","protected":false},"excerpt":{"rendered":"<p>COMUNICADO: Cancelamento da Palestra\u00a0\u201cEduca\u00e7\u00e3o n\u00e3o formal e a escola\u201d &#8211;\u00a001\/06\/2017 Informamos que em virtude do cancelamento do voo, por raz\u00f5es meteorol\u00f3gicas, a Professora Doutora Cristina Carvalho &#8211; PUC\/RIO\u00a0n\u00e3o conseguiu embarcar para vir palestrar em nosso Evento. Atenciosamente, PPGE\/CPAN<\/p>\n","protected":false},"author":11787,"featured_media":2113,"comment_status":"closed","ping_status":"open","sticky":false,"template":"","format":"standard","meta":{"footnotes":""},"categories":[17,38,1],"tags":[],"coauthors":[],"class_list":["post-2724","post","type-post","status-publish","format-standard","has-post-thumbnail","hentry","category-destaques","category-eventos-internos","category-noticias"],"_links":{"self":[{"href":"https:\/\/ppgecpan.ufms.br\/es\/wp-json\/wp\/v2\/posts\/2724","targetHints":{"allow":["GET"]}}],"collection":[{"href":"https:\/\/ppgecpan.ufms.br\/es\/wp-json\/wp\/v2\/posts"}],"about":[{"href":"https:\/\/ppgecpan.ufms.br\/es\/wp-json\/wp\/v2\/types\/post"}],"author":[{"embeddable":true,"href":"https:\/\/ppgecpan.ufms.br\/es\/wp-json\/wp\/v2\/users\/11787"}],"replies":[{"embeddable":true,"href":"https:\/\/ppgecpan.ufms.br\/es\/wp-json\/wp\/v2\/comments?post=2724"}],"version-history":[{"count":1,"href":"https:\/\/ppgecpan.ufms.br\/es\/wp-json\/wp\/v2\/posts\/2724\/revisions"}],"predecessor-version":[{"id":2725,"href":"https:\/\/ppgecpan.ufms.br\/es\/wp-json\/wp\/v2\/posts\/2724\/revisions\/2725"}],"wp:featuredmedia":[{"embeddable":true,"href":"https:\/\/ppgecpan.ufms.br\/es\/wp-json\/wp\/v2\/media\/2113"}],"wp:attachment":[{"href":"https:\/\/ppgecpan.ufms.br\/es\/wp-json\/wp\/v2\/media?parent=2724"}],"wp:term":[{"taxonomy":"category","embeddable":true,"href":"https:\/\/ppgecpan.ufms.br\/es\/wp-json\/wp\/v2\/categories?post=2724"},{"taxonomy":"post_tag","embeddable":true,"href":"https:\/\/ppgecpan.ufms.br\/es\/wp-json\/wp\/v2\/tags?post=2724"},{"taxonomy":"author","embeddable":true,"href":"https:\/\/ppgecpan.ufms.br\/es\/wp-json\/wp\/v2\/coauthors?post=2724"}],"curies":[{"name":"wp","href":"https:\/\/api.w.org\/{rel}","templated":true}]}}