{"id":2776,"date":"2017-06-19T09:19:19","date_gmt":"2017-06-19T13:19:19","guid":{"rendered":"https:\/\/ppgecpan.ufms.br\/?p=2776"},"modified":"2017-06-19T09:19:54","modified_gmt":"2017-06-19T13:19:54","slug":"o-ppgecpan-reabre-selecao-para-alunos-especiais-com-ingresso-no-primeiro-semestre-de-2017-3","status":"publish","type":"post","link":"https:\/\/ppgecpan.ufms.br\/es\/o-ppgecpan-reabre-selecao-para-alunos-especiais-com-ingresso-no-primeiro-semestre-de-2017-3\/","title":{"rendered":"O PPGE\/CPAN reabre sele\u00e7\u00e3o para alunos especiais com ingresso no primeiro semestre de 2017"},"content":{"rendered":"<p>Confira as datas:<\/p>\n<p>19 a 22\/06\/2017 \u2013\u00a0<strong>Inscri\u00e7\u00e3o<\/strong>\u00a0para alunos especiais<\/p>\n<p>23\/06\/2017 \u2013 Resultado da sele\u00e7\u00e3o dos alunos especiais no site do PPGE<\/p>\n<p>26\/06\/2017 \u2013\u00a0<strong>Matr\u00edcula<\/strong>\u00a0para alunos especiais<\/p>\n<p>&nbsp;<\/p>\n<p>&nbsp;<\/p>\n<p><u>Pode ser feita inscri\u00e7\u00e3o na disciplina a seguir:<\/u><\/p>\n<p>&nbsp;<\/p>\n<p><u><\/u>\u2013\u00a0&#8220;Participaci\u00f3n ciudadana en evaluaciones educativas&#8221; \u2013 02 cr\u00e9ditos, 30 horas \u2013 Prof.\u00ba Dr.\u00ba Felipe Jos\u00e9 Hevia de La Jara (CIESAS-Golfo, M\u00e9xico) \u2013 Dia 27\/06, das 08h \u00e0s 12h e das 14h \u00e0s 18h.<\/p>\n<p>&nbsp;<\/p>\n<p>Fa\u00e7a sua <strong>inscri\u00e7\u00e3o<\/strong> aqui:<\/p>\n<p><a href=\"https:\/\/docs.google.com\/forms\/d\/e\/1FAIpQLScnYSkw1AmH0nmoB-7j3fQxW64sFr0kpBLc0c0-ZWvL4TzrwQ\/viewform?usp=sf_link\" target=\"_blank\" rel=\"noopener noreferrer\">https:\/\/docs.google.com\/forms\/d\/e\/1FAIpQLScnYSkw1AmH0nmoB-7j3fQxW64sFr0kpBLc0c0-ZWvL4TzrwQ\/viewform?usp=sf_link<\/a><\/p>\n<p><strong>\u00a0<\/strong><\/p>\n<p><strong>DOCUMENTOS PARA MATR\u00cdCULA:<\/strong><\/p>\n<p>\u2013 Os candidatos que tiveram sua\u00a0 inscri\u00e7\u00e3o deferida dever\u00e3o comparecer na secretaria do PPGE (Rua Domingos Sahib, 99, Bairro Cervejaria, em frente ao Centro de Conven\u00e7\u00f5es), no dia <strong>26<u>\u00a0de junho<\/u><\/strong>\u00a0para efetuar matr\u00edcula com o Requerimento de Matr\u00edcula, em anexo, preenchido e assinado e <u>original e c\u00f3pia<\/u> OU <u>c\u00f3pia autenticada<\/u> de: CERTID\u00c3O DE NASCIMENTO OU CASAMENTO, RG, CPF, T\u00cdTULO DE ELEITOR, CERTIFICADO DE CONCLUS\u00c3O DE GRADUA\u00c7\u00c3O OU DIPLOMA E CERTIFICADO DE RESERVISTA.<\/p>\n<p>&nbsp;<\/p>\n<p><strong>REQUERIMENTO DE MATR\u00cdCULA \u2013 <a href=\"https:\/\/ppgecpan.ufms.br\/files\/2017\/03\/Requerimento-de-matr%C3%ADcula-alun.-especial-2017.1-4.doc\" target=\"_blank\" rel=\"noopener noreferrer\">AQUI<\/a><\/strong><\/p>\n<p>Em caso de d\u00favidas, entrar em contato com a Secretaria.<\/p>\n<p>Telf.: (67) 3234-6214 ou (67) 3234-6212.<\/p>\n<p>Email:\u00a0<a href=\"mailto:ppge.cpan.ufms@gmail\">ppge.cpan.ufms@gmail<\/a>.com<\/p>\n","protected":false},"excerpt":{"rendered":"<p>Confira as datas: 19 a 22\/06\/2017 \u2013\u00a0Inscri\u00e7\u00e3o\u00a0para alunos especiais 23\/06\/2017 \u2013 Resultado da sele\u00e7\u00e3o dos alunos especiais no site do PPGE 26\/06\/2017 \u2013\u00a0Matr\u00edcula\u00a0para alunos especiais &nbsp; &nbsp; Pode ser feita inscri\u00e7\u00e3o na disciplina a seguir: &nbsp; \u2013\u00a0&#8220;Participaci\u00f3n ciudadana en evaluaciones educativas&#8221; \u2013 02 cr\u00e9ditos, 30 horas \u2013 Prof.\u00ba Dr.\u00ba Felipe Jos\u00e9 Hevia de La Jara [&hellip;]<\/p>\n","protected":false},"author":11787,"featured_media":2777,"comment_status":"closed","ping_status":"open","sticky":false,"template":"","format":"standard","meta":{"footnotes":""},"categories":[17,1],"tags":[],"coauthors":[],"class_list":["post-2776","post","type-post","status-publish","format-standard","has-post-thumbnail","hentry","category-destaques","category-noticias"],"_links":{"self":[{"href":"https:\/\/ppgecpan.ufms.br\/es\/wp-json\/wp\/v2\/posts\/2776","targetHints":{"allow":["GET"]}}],"collection":[{"href":"https:\/\/ppgecpan.ufms.br\/es\/wp-json\/wp\/v2\/posts"}],"about":[{"href":"https:\/\/ppgecpan.ufms.br\/es\/wp-json\/wp\/v2\/types\/post"}],"author":[{"embeddable":true,"href":"https:\/\/ppgecpan.ufms.br\/es\/wp-json\/wp\/v2\/users\/11787"}],"replies":[{"embeddable":true,"href":"https:\/\/ppgecpan.ufms.br\/es\/wp-json\/wp\/v2\/comments?post=2776"}],"version-history":[{"count":2,"href":"https:\/\/ppgecpan.ufms.br\/es\/wp-json\/wp\/v2\/posts\/2776\/revisions"}],"predecessor-version":[{"id":2779,"href":"https:\/\/ppgecpan.ufms.br\/es\/wp-json\/wp\/v2\/posts\/2776\/revisions\/2779"}],"wp:featuredmedia":[{"embeddable":true,"href":"https:\/\/ppgecpan.ufms.br\/es\/wp-json\/wp\/v2\/media\/2777"}],"wp:attachment":[{"href":"https:\/\/ppgecpan.ufms.br\/es\/wp-json\/wp\/v2\/media?parent=2776"}],"wp:term":[{"taxonomy":"category","embeddable":true,"href":"https:\/\/ppgecpan.ufms.br\/es\/wp-json\/wp\/v2\/categories?post=2776"},{"taxonomy":"post_tag","embeddable":true,"href":"https:\/\/ppgecpan.ufms.br\/es\/wp-json\/wp\/v2\/tags?post=2776"},{"taxonomy":"author","embeddable":true,"href":"https:\/\/ppgecpan.ufms.br\/es\/wp-json\/wp\/v2\/coauthors?post=2776"}],"curies":[{"name":"wp","href":"https:\/\/api.w.org\/{rel}","templated":true}]}}