{"id":2803,"date":"2017-06-23T10:14:15","date_gmt":"2017-06-23T14:14:15","guid":{"rendered":"https:\/\/ppgecpan.ufms.br\/?p=2803"},"modified":"2017-06-23T10:14:41","modified_gmt":"2017-06-23T14:14:41","slug":"selecao-de-alunos-especiais-2017-1-lista-de-candidatos-com-inscricao-deferida-4","status":"publish","type":"post","link":"https:\/\/ppgecpan.ufms.br\/es\/selecao-de-alunos-especiais-2017-1-lista-de-candidatos-com-inscricao-deferida-4\/","title":{"rendered":"Sele\u00e7\u00e3o de Alunos Especiais 2017.1: Lista de candidatos com inscri\u00e7\u00e3o deferida"},"content":{"rendered":"<p>&nbsp;<\/p>\n<p>&nbsp;<\/p>\n<p><strong>ATEN\u00c7\u00c3O: A DATA DA MATR\u00cdCULA SER\u00c1 S\u00d3 NO DIA <\/strong><strong><u>26<\/u><\/strong> <strong>DE <\/strong><strong>JUNHO<\/strong><strong> DE 2017, DAS 07H30 \u00c0S 11H E DAS 13H30 \u00c0S 17H.<\/strong><\/p>\n<p><strong>\u00a0<\/strong><\/p>\n<p><strong>DOCUMENTOS PARA MATR\u00cdCULA:<\/strong><\/p>\n<p>\u2013 Os candidatos que tiveram sua\u00a0<strong> inscri\u00e7\u00e3o deferida<\/strong>\u00a0dever\u00e3o comparecer na secretaria do PPGE (Rua Domingos Sahib, 99, Bairro Cervejaria, em frente ao Centro de Conven\u00e7\u00f5es), no dia 26 de JUNHO para efetuar matr\u00edcula com o <u>Requerimento de Matr\u00edcula<\/u>, <strong>em anexo<\/strong>, preenchido e assinado e original e c\u00f3pia ou c\u00f3pia autenticada de: CERTID\u00c3O DE NASCIMENTO OU CASAMENTO, RG, CPF, T\u00cdTULO DE ELEITOR, CERTIFICADO DE CONCLUS\u00c3O DE GRADUA\u00c7\u00c3O OU DIPLOMA E CERTIFICADO DE RESERVISTA.<\/p>\n<p>&nbsp;<\/p>\n<p><strong>\u00a0REQUERIMENTO DE MATR\u00cdCULA\u00a0\u2013 <a href=\"https:\/\/ppgecpan.ufms.br\/files\/2017\/03\/Requerimento-de-matr%C3%ADcula-alun.-especial-2017.1-4.doc\" target=\"_blank\" rel=\"noopener noreferrer\">AQUI<\/a><\/strong><\/p>\n<p>&nbsp;<\/p>\n<p><strong>Disciplina: Participaci\u00f3n ciudadana en evaluaciones educativas \u2013 Prof.\u00ba Dr.\u00ba Felipe Jos\u00e9 Hevia de La Jara \u2013 aula dia 27\/06\/2017, das 08h \u00e0s 12h e das 14 \u00e0s 18h.<\/strong><\/p>\n<p><strong>\u00a0<\/strong><\/p>\n<p>Anita Claudia Gon\u00e7alves Lemes<\/p>\n<p>Celia Maria Sampaio de Carvalho Carneiro<\/p>\n<p>Cristiane Brito Botelho Peixoto<\/p>\n<p>Daniela Pe\u00f1o Paiva<\/p>\n<p>Eug\u00eania Alexandra Blacuth de Tomich\u00e1 Vera<\/p>\n<p>Geraldo Garbelini Neto<\/p>\n<p>Rosita Mac Cornick<\/p>\n<p>Viviane Vilanova Rodrigues<\/p>\n<p>&nbsp;<\/p>\n<p><strong>Importante: <\/strong>o docente solicita que seja lida, previamente \u00e0 aula, a bibliografia abaixo:<\/p>\n<p>Grek, S. (2009). Governing by numbers: the PISA \u201ceffect\u201d in Europe. Journal of Education Policy, 24(1), 23\u201337. https:\/\/doi.org\/10.1080\/02680930802412669.<\/p>\n<p>Hevia, F. J., &amp; Vergara-Lope, S. (2016). Evaluaciones educativas realizadas por ciudadanos en M\u00e9xico: validaci\u00f3n de la Medici\u00f3n Independiente de Aprendizajes. Innovaci\u00f3n Educativa, 16(70), 85\u2013110. Recuperado a partir de\u00a0 http:\/\/www.scielo.org.mx\/scielo.php?script=sci_arttext&amp;pid=S1665-26732016000100085.<\/p>\n<p>Leones, M., Baruzzi, G., Scorzo, P., &amp; Rivas, N. (2016). Un An\u00e1lisis de los Resultados del Segundo y Tercer Estudio Regional Comparativo y Explicativo: El Caso Argentino \u2013 SERCE 2006 y TERCE 2013 \u2013. REICE. Revista Iberoamericana sobre Calidad, Eficacia y Cambio en Educaci\u00f3n, 14(4), 135\u2013155.<\/p>\n<p>Martinic, S. (2008). Informaci\u00f3n, participaci\u00f3n y enfoque de derechos. En M. E. Meza (Ed.), Reflexiones en torno a la evaluaci\u00f3n de la calidad educativa en Am\u00e9rica Latina y el Caribe (pp. 13\u201334). Santiago: LLECE, OREALC\/UNESCO. Recuperado a partir de http:\/\/unesdoc.unesco.org\/images\/0017\/001776\/177648S.pdf<\/p>\n<p>Martiniello, M. (1999). Participaci\u00f3n de los padres en la educaci\u00f3n: Hacia una taxonom\u00eda para Am\u00e9rica Latina. Harvard Inst. for Internat. Development, Harvard Univ. Recuperado a partir de http:\/\/pdf.usaid.gov\/pdf_docs\/PNACH684.pdf#page=205<\/p>\n<p>OECD. (2006). Participaci\u00f3n ciudadana. Manual de la OCDE sobre informaci\u00f3n, consulta y participaci\u00f3n en la elaboraci\u00f3n de pol\u00edticas p\u00fablicas. M\u00e9xico: SFP; OECD. Recuperado a partir de http:\/\/www.upv.es\/contenidos\/CAMUNISO\/info\/U0534691.pdf<\/p>\n<p>Tiana, A. (2009). Evaluaci\u00f3n y cambio educativo: los debates actuales sobre las ventajas y los riesgos de la evaluaci\u00f3n. En E. Mart\u00edn &amp; F. Mart\u00ednez Rizo (Eds.), Avances y desaf\u00edos en la evaluaci\u00f3n educativa (pp. 17\u201326). Madrid: Organizaci\u00f3n de Estados Iberoamericanos para la Educaci\u00f3n, la Ciencia y la Cultura. Recuperado a partir de http:\/\/www.oei.es\/historico\/publicaciones\/detalle_publicacion.php?id=3<\/p>\n<p>&nbsp;<\/p>\n<p>Em caso de d\u00favidas, entrar em contato com a Secretaria.<\/p>\n<p>Telf.: (67) 3234-6214 ou (67) 3234-6212.<\/p>\n<p>Email:\u00a0<a href=\"mailto:ppge.cpan@ufms.br\">ppge.cpan@ufms.br<\/a><\/p>\n","protected":false},"excerpt":{"rendered":"<p>&nbsp; &nbsp; ATEN\u00c7\u00c3O: A DATA DA MATR\u00cdCULA SER\u00c1 S\u00d3 NO DIA 26 DE JUNHO DE 2017, DAS 07H30 \u00c0S 11H E DAS 13H30 \u00c0S 17H. \u00a0 DOCUMENTOS PARA MATR\u00cdCULA: \u2013 Os candidatos que tiveram sua\u00a0 inscri\u00e7\u00e3o deferida\u00a0dever\u00e3o comparecer na secretaria do PPGE (Rua Domingos Sahib, 99, Bairro Cervejaria, em frente ao Centro de Conven\u00e7\u00f5es), no [&hellip;]<\/p>\n","protected":false},"author":11787,"featured_media":2354,"comment_status":"closed","ping_status":"open","sticky":false,"template":"","format":"standard","meta":{"footnotes":""},"categories":[17,1],"tags":[],"coauthors":[],"class_list":["post-2803","post","type-post","status-publish","format-standard","has-post-thumbnail","hentry","category-destaques","category-noticias"],"_links":{"self":[{"href":"https:\/\/ppgecpan.ufms.br\/es\/wp-json\/wp\/v2\/posts\/2803","targetHints":{"allow":["GET"]}}],"collection":[{"href":"https:\/\/ppgecpan.ufms.br\/es\/wp-json\/wp\/v2\/posts"}],"about":[{"href":"https:\/\/ppgecpan.ufms.br\/es\/wp-json\/wp\/v2\/types\/post"}],"author":[{"embeddable":true,"href":"https:\/\/ppgecpan.ufms.br\/es\/wp-json\/wp\/v2\/users\/11787"}],"replies":[{"embeddable":true,"href":"https:\/\/ppgecpan.ufms.br\/es\/wp-json\/wp\/v2\/comments?post=2803"}],"version-history":[{"count":2,"href":"https:\/\/ppgecpan.ufms.br\/es\/wp-json\/wp\/v2\/posts\/2803\/revisions"}],"predecessor-version":[{"id":2805,"href":"https:\/\/ppgecpan.ufms.br\/es\/wp-json\/wp\/v2\/posts\/2803\/revisions\/2805"}],"wp:featuredmedia":[{"embeddable":true,"href":"https:\/\/ppgecpan.ufms.br\/es\/wp-json\/wp\/v2\/media\/2354"}],"wp:attachment":[{"href":"https:\/\/ppgecpan.ufms.br\/es\/wp-json\/wp\/v2\/media?parent=2803"}],"wp:term":[{"taxonomy":"category","embeddable":true,"href":"https:\/\/ppgecpan.ufms.br\/es\/wp-json\/wp\/v2\/categories?post=2803"},{"taxonomy":"post_tag","embeddable":true,"href":"https:\/\/ppgecpan.ufms.br\/es\/wp-json\/wp\/v2\/tags?post=2803"},{"taxonomy":"author","embeddable":true,"href":"https:\/\/ppgecpan.ufms.br\/es\/wp-json\/wp\/v2\/coauthors?post=2803"}],"curies":[{"name":"wp","href":"https:\/\/api.w.org\/{rel}","templated":true}]}}