{"id":2841,"date":"2017-07-19T09:47:32","date_gmt":"2017-07-19T13:47:32","guid":{"rendered":"https:\/\/ppgecpan.ufms.br\/?p=2841"},"modified":"2017-07-19T09:49:11","modified_gmt":"2017-07-19T13:49:11","slug":"i-congresso-virtual-internacional-e-iii-congresso-virtual-ibero-americano-sobre-recursos-educativos-inovadores-cirei","status":"publish","type":"post","link":"https:\/\/ppgecpan.ufms.br\/es\/i-congresso-virtual-internacional-e-iii-congresso-virtual-ibero-americano-sobre-recursos-educativos-inovadores-cirei\/","title":{"rendered":"I Congresso Virtual Internacional e III Congresso Virtual Ibero-americano sobre Recursos Educativos Inovadores (CIREI)"},"content":{"rendered":"<div align=\"justify\"><span style=\"font-family: 'Times New Roman', serif, serif, EmojiFont;font-size: medium\"><span lang=\"pt-BR\">Prezados colegas,<\/span><\/span><\/div>\n<div align=\"justify\"><span style=\"font-family: 'Times New Roman', serif, serif, EmojiFont;font-size: medium\"><span lang=\"pt-BR\">\u00e9 um prazer para n\u00f3s anunciar a proximidade do\u00a0<\/span><\/span><span style=\"font-family: 'Times New Roman', serif, serif, EmojiFont;font-size: medium\"><span lang=\"pt-BR\"><b>I Congresso Virtual Internacional e III Congresso Virtual Ibero-americano sobre Recursos Educativos Inovadores (CIREI)<\/b><\/span><\/span><span style=\"font-family: 'Times New Roman', serif, serif, EmojiFont;font-size: medium\"><span lang=\"pt-BR\">. Este evento ter\u00e1 lugar entre\u00a0<\/span><\/span><span style=\"font-family: 'Times New Roman', serif, serif, EmojiFont;font-size: medium\"><span lang=\"pt-BR\"><b>11 e 17 de dezembro de 2017<\/b><\/span><\/span><span style=\"font-family: 'Times New Roman', serif, serif, EmojiFont;font-size: medium\"><span lang=\"pt-BR\">. Ser\u00e1 completamente\u00a0<\/span><\/span><span style=\"font-family: 'Times New Roman', serif, serif, EmojiFont;font-size: medium\"><span lang=\"pt-BR\"><i>online<\/i><\/span><\/span><span style=\"font-family: 'Times New Roman', serif, serif, EmojiFont;font-size: medium\"><span lang=\"pt-BR\">\u00a0atrav\u00e9s da plataforma habilitada para tal objetivo.<\/span><\/span><\/div>\n<div align=\"justify\"><span style=\"font-family: 'Times New Roman', serif, serif, EmojiFont;font-size: medium\"><span lang=\"pt-BR\">\u00a0 \u00a0 Durante estas datas poderemos desfrutar das confer\u00eancias de\u00a0<\/span><\/span><span style=\"font-family: 'Times New Roman', serif, serif, EmojiFont;font-size: medium\"><span lang=\"pt-BR\"><b>Anne Adams<\/b><\/span><\/span><span style=\"font-family: 'Times New Roman', serif, serif, EmojiFont;font-size: medium\"><span lang=\"pt-BR\">\u00a0(Diretora Associada para o desenvolvimento acad\u00eamico-profissional no Instituto de Tecnologia Educativa da Open University, UK) e de\u00a0<\/span><\/span><span style=\"font-family: 'Times New Roman', serif, serif, EmojiFont;font-size: medium\"><span lang=\"pt-BR\"><b>Stefan Ting Graf<\/b><\/span><\/span><span style=\"font-family: 'Times New Roman', serif, serif, EmojiFont;font-size: medium\"><span lang=\"pt-BR\">\u00a0(investigador em\u00e9rito no Centro de Investiga\u00e7\u00e3o Aplicada em Escolas e Educa\u00e7\u00e3o, Dinamarca). Tamb\u00e9m contamos com um simp\u00f3sio convidado muito especial coordenado por\u00a0<\/span><\/span><span style=\"font-family: 'Times New Roman', serif, serif, EmojiFont;font-size: medium\"><span lang=\"pt-BR\"><b>Jos\u00e9 Ignacio Rivas<\/b><\/span><\/span><span style=\"font-family: 'Times New Roman', serif, serif, EmojiFont;font-size: medium\"><span lang=\"pt-BR\">\u00a0(Catedr\u00e1tico no Departamento de Did\u00e1tica e Organiza\u00e7\u00e3o Escolar da Universidad de M\u00e1laga, Espanha) sobre a import\u00e2ncia do professorado e da cultura escolar para a inova\u00e7\u00e3o educativa. A isto queremos adicionar as apresenta\u00e7\u00f5es convidadas de investigadores espanh\u00f3is e brasileiros, junto com diferentes foros virtuais para o intercambio e debate.<\/span><\/span><\/div>\n<div align=\"justify\"><span style=\"font-family: 'Times New Roman', serif, serif, EmojiFont;font-size: medium\"><span lang=\"pt-BR\">\u00a0\u00a0\u00a0\u00a0\u00a0\u00a0\u00a0\u00a0\u00a0\u00a0\u00a0 Gostamos de animar-lhes a participar e enviar\u00a0<\/span><\/span><span style=\"font-family: 'Times New Roman', serif, serif, EmojiFont;font-size: medium\"><span lang=\"pt-BR\"><b>seus trabalhos antes de 1 de novembro<\/b><\/span><\/span><span style=\"font-family: 'Times New Roman', serif, serif, EmojiFont;font-size: medium\"><span lang=\"pt-BR\">. As propostas podem ser em formato p\u00f4ster, comunica\u00e7\u00e3o oral ou simp\u00f3sio. E aquelas que forem aprovadas pelo comit\u00ea e defendidas pelos autores durante o evento ser\u00e3o publicadas nos anais com ISBN.<\/span><\/span><\/div>\n<div align=\"justify\"><span style=\"font-family: 'Times New Roman', serif, serif, EmojiFont;font-size: medium\"><span lang=\"pt-BR\">\u00a0 \u00a0 \u00a0 \u00a0 \u00a0Para maior informa\u00e7\u00e3o, entrem na web de CIREI2017:\u00a0<\/span><\/span><a id=\"m_9026990360740882662m_7206909340128439439LPlnk73256\" href=\"https:\/\/congresosalcala.fgua.es\/cirei2017\/?idioma=pt\" target=\"_blank\" rel=\"noopener noreferrer\"><span id=\"m_9026990360740882662m_7206909340128439439LPlnk73256\"><span style=\"font-family: 'Times New Roman', serif, serif, EmojiFont;font-size: medium\"><span lang=\"pt-BR\">https:\/\/congresosalcala.fgua.es\/cirei2017\/?idioma=pt<\/span><\/span><\/span><\/a><\/div>\n<div align=\"justify\"><span style=\"font-family: 'Times New Roman', serif, serif, EmojiFont;font-size: medium\"><span lang=\"pt-BR\">\u00a0 \u00a0 \u00a0 \u00a0 \u00a0Com os melhores cumprimentos,<\/span><\/span><\/div>\n<div style=\"text-align: left\" align=\"justify\"><span style=\"font-family: 'Times New Roman', serif, serif, EmojiFont;font-size: medium\"><span lang=\"pt-BR\">\u00a0 \u00a0 \u00a0 \u00a0 \u00a0Comit\u00ea organizador de CIREI2017<\/span><\/span><\/div>\n","protected":false},"excerpt":{"rendered":"<p>Prezados colegas, \u00e9 um prazer para n\u00f3s anunciar a proximidade do\u00a0I Congresso Virtual Internacional e III Congresso Virtual Ibero-americano sobre Recursos Educativos Inovadores (CIREI). Este evento ter\u00e1 lugar entre\u00a011 e 17 de dezembro de 2017. Ser\u00e1 completamente\u00a0online\u00a0atrav\u00e9s da plataforma habilitada para tal objetivo. \u00a0 \u00a0 Durante estas datas poderemos desfrutar das confer\u00eancias de\u00a0Anne Adams\u00a0(Diretora Associada [&hellip;]<\/p>\n","protected":false},"author":2660,"featured_media":2842,"comment_status":"closed","ping_status":"open","sticky":false,"template":"","format":"standard","meta":{"footnotes":""},"categories":[17,38,1],"tags":[],"coauthors":[],"class_list":["post-2841","post","type-post","status-publish","format-standard","has-post-thumbnail","hentry","category-destaques","category-eventos-internos","category-noticias"],"_links":{"self":[{"href":"https:\/\/ppgecpan.ufms.br\/es\/wp-json\/wp\/v2\/posts\/2841","targetHints":{"allow":["GET"]}}],"collection":[{"href":"https:\/\/ppgecpan.ufms.br\/es\/wp-json\/wp\/v2\/posts"}],"about":[{"href":"https:\/\/ppgecpan.ufms.br\/es\/wp-json\/wp\/v2\/types\/post"}],"author":[{"embeddable":true,"href":"https:\/\/ppgecpan.ufms.br\/es\/wp-json\/wp\/v2\/users\/2660"}],"replies":[{"embeddable":true,"href":"https:\/\/ppgecpan.ufms.br\/es\/wp-json\/wp\/v2\/comments?post=2841"}],"version-history":[{"count":3,"href":"https:\/\/ppgecpan.ufms.br\/es\/wp-json\/wp\/v2\/posts\/2841\/revisions"}],"predecessor-version":[{"id":2845,"href":"https:\/\/ppgecpan.ufms.br\/es\/wp-json\/wp\/v2\/posts\/2841\/revisions\/2845"}],"wp:featuredmedia":[{"embeddable":true,"href":"https:\/\/ppgecpan.ufms.br\/es\/wp-json\/wp\/v2\/media\/2842"}],"wp:attachment":[{"href":"https:\/\/ppgecpan.ufms.br\/es\/wp-json\/wp\/v2\/media?parent=2841"}],"wp:term":[{"taxonomy":"category","embeddable":true,"href":"https:\/\/ppgecpan.ufms.br\/es\/wp-json\/wp\/v2\/categories?post=2841"},{"taxonomy":"post_tag","embeddable":true,"href":"https:\/\/ppgecpan.ufms.br\/es\/wp-json\/wp\/v2\/tags?post=2841"},{"taxonomy":"author","embeddable":true,"href":"https:\/\/ppgecpan.ufms.br\/es\/wp-json\/wp\/v2\/coauthors?post=2841"}],"curies":[{"name":"wp","href":"https:\/\/api.w.org\/{rel}","templated":true}]}}