{"id":2858,"date":"2017-08-01T16:06:00","date_gmt":"2017-08-01T20:06:00","guid":{"rendered":"https:\/\/ppgecpan.ufms.br\/?p=2858"},"modified":"2017-08-08T09:28:26","modified_gmt":"2017-08-08T13:28:26","slug":"o-ppgecpan-abre-selecao-para-alunos-especiais-com-ingresso-no-segundo-semestre-de-2017","status":"publish","type":"post","link":"https:\/\/ppgecpan.ufms.br\/es\/o-ppgecpan-abre-selecao-para-alunos-especiais-com-ingresso-no-segundo-semestre-de-2017\/","title":{"rendered":"O PPGE\/CPAN abre sele\u00e7\u00e3o para alunos especiais com ingresso no segundo semestre de 2017"},"content":{"rendered":"<p><strong>O PPGE\/CPAN abre sele\u00e7\u00e3o\u00a0para alunos especiais\u00a0com ingresso no segundo semestre de 2017<\/strong><\/p>\n<p>&nbsp;<\/p>\n<p>Confira as datas:<\/p>\n<p>&nbsp;<\/p>\n<p>07\/08\/2017 a 11\/08\/2017 \u2013\u00a0<strong>Inscri\u00e7\u00e3o<\/strong>\u00a0para alunos especiais<\/p>\n<p>14\/08\/2017 \u2013 Resultado da sele\u00e7\u00e3o dos alunos especiais no site do PPGE<\/p>\n<p>17\/08\/2017 a 18\/08\/2017 \u2013\u00a0<strong>Matr\u00edcula<\/strong>\u00a0para alunos especiais<\/p>\n<p>21\/08\/2017 \u2013 in\u00edcio das aulas.<\/p>\n<p>&nbsp;<\/p>\n<p><u>Pode ser feita inscri\u00e7\u00e3o em <strong>UMA<\/strong> das disciplinas a seguir:<\/u><\/p>\n<p>&nbsp;<\/p>\n<p>&#8211; Cultura, consci\u00eancia e educa\u00e7\u00e3o \u2013 60h \u2013 Prof.\u00aa Dr.\u00aa Beatriz Rosalia Gomes Xavier Flandoli \u00a0\u2013 \u00c0s segundas feiras, das 14h \u00e0s 18h.<\/p>\n<p>&nbsp;<\/p>\n<p>&#8211; Cultura pantaneira: costumes, tradi\u00e7\u00f5es e saberes locais &#8211; 30h &#8211; Prof.\u00ba Dr.\u00ba Jos\u00e9 Fonseca da Rocha Filho \u2013 \u00c0s quartas feiras, das 18h30 \u00e0s 22h30.<\/p>\n<p>&nbsp;<\/p>\n<p>&#8211; Educa\u00e7\u00e3o, conceitos e teorias sobre viol\u00eancia contra mulheres \u2013 45h &#8211; Prof.\u00aa Dr.\u00aa Cl\u00e1udia Ara\u00fajo de Lima \u2013 \u00c0s quintas feiras, das 18h30 \u00e0s 21h30.<\/p>\n<p>&nbsp;<\/p>\n<p>&#8211; Educa\u00e7\u00e3o Especial: pol\u00edticas, processos e pr\u00e1ticas \u2013 30h &#8211; Prof.\u00aa Dr.\u00aa Nesdete Mesquita Corr\u00eaa \u2013 Ser\u00e1 ministrada de forma concentrada, nos dias <u>4 a 6\/09\/2017<\/u>, nos seguintes hor\u00e1rios:<\/p>\n<p>4\/09 &#8211; 13h30min \u00e0s 17h e das 19h \u00e0s 21h30<\/p>\n<p>5\/09 &#8211; 8h \u00e0s 11h e das 13h \u00e0s 17h30min<\/p>\n<p>6\/09 &#8211; 8h \u00e0s 11h e das 13h \u00e0s 17h30min<\/p>\n<p>O restante da carga hor\u00e1ria ser\u00e1 feito com desenvolvimento de atividades \u00e0 dist\u00e2ncia.<\/p>\n<p>&nbsp;<\/p>\n<p>&#8211; Educa\u00e7\u00e3o Social &#8211; 60h &#8211; Prof.\u00aa Dr.\u00aa Cl\u00e1udia Ara\u00fajo de Lima \u2013 \u00c0s quintas feiras, das 08h \u00e0s 12h.<\/p>\n<p>&nbsp;<\/p>\n<p style=\"text-align: justify;line-height: 15.0pt;background: white;margin: 0cm 0cm 7.9pt 0cm\">&#8211; Fundamentos e pr\u00e1ticas da educa\u00e7\u00e3o infantil &#8211; Prof.\u00aa Dr.\u00aa S\u00edlvia Adriana Rodrigues \u2013 \u00c0s segundas feiras, das 18h30 \u00e0s 22h30.<\/p>\n<p style=\"line-height: 15.0pt;background: white;margin: 0cm 0cm 7.9pt 0cm\"><span style=\"font-size: 10.5pt;font-family: 'Arial','sans-serif';color: #2c3e50\">\u00a0<\/span><\/p>\n<p>&nbsp;<\/p>\n<p><a href=\"https:\/\/ppgecpan.ufms.br\/files\/2017\/08\/EMENTAS-DAS-DISCIPLINAS-2017.pdf\" target=\"_blank\" rel=\"noopener noreferrer\">EMENTAS<\/a><\/p>\n<p>&nbsp;<\/p>\n<p><strong>Fa\u00e7a sua inscri\u00e7\u00e3o aqui:<\/strong><\/p>\n<p>&nbsp;<\/p>\n<p><a href=\"https:\/\/docs.google.com\/forms\/d\/e\/1FAIpQLSfVY6UYQe4ibQ9ZGzrg-btws5Gxdxbb4gT9sHy2zSNLrjd0HA\/viewform?usp=sf_link\">https:\/\/docs.google.com\/forms\/d\/e\/1FAIpQLSfVY6UYQe4ibQ9ZGzrg-btws5Gxdxbb4gT9sHy2zSNLrjd0HA\/viewform?usp=sf_link<\/a><\/p>\n<p>&nbsp;<\/p>\n<p><strong>DOCUMENTOS PARA MATR\u00cdCULA:<\/strong><\/p>\n<p>\u2013 Os candidatos que tiveram sua\u00a0<strong> inscri\u00e7\u00e3o deferida<\/strong>\u00a0dever\u00e3o comparecer na secretaria do PPGE (Rua Domingos Sahib, 99, Bairro Cervejaria, em frente ao Centro de Conven\u00e7\u00f5es), no dia acima mencionado para efetuar matr\u00edcula com o Requerimento de Matr\u00edcula, <a href=\"https:\/\/ppgecpan.ufms.br\/files\/2017\/08\/Requerimento-de-matr\u00edcula-alun.-especial-2017.1.doc\" target=\"_blank\" rel=\"noopener noreferrer\">em anexo<\/a>, preenchido e original e c\u00f3pia de: CERTID\u00c3O DE NASCIMENTO OU CASAMENTO, RG, CPF, T\u00cdTULO DE ELEITOR, CERTIFICADO DE CONCLUS\u00c3O DE GRADUA\u00c7\u00c3O OU DIPLOMA E CERTIFICADO DE RESERVISTA.<\/p>\n<p>&nbsp;<\/p>\n<p>Em caso de d\u00favidas, entrar em contato com a Secretaria.<\/p>\n<p>Telf.: (67) 3234-6214 ou (67) 3234-6212.<\/p>\n<p>Email:\u00a0<a href=\"mailto:ppge.cpan@ufms.br\">ppge.cpan@ufms.br<\/a><\/p>\n<p>&nbsp;<\/p>\n","protected":false},"excerpt":{"rendered":"<p>O PPGE\/CPAN abre sele\u00e7\u00e3o\u00a0para alunos especiais\u00a0com ingresso no segundo semestre de 2017 &nbsp; Confira as datas: &nbsp; 07\/08\/2017 a 11\/08\/2017 \u2013\u00a0Inscri\u00e7\u00e3o\u00a0para alunos especiais 14\/08\/2017 \u2013 Resultado da sele\u00e7\u00e3o dos alunos especiais no site do PPGE 17\/08\/2017 a 18\/08\/2017 \u2013\u00a0Matr\u00edcula\u00a0para alunos especiais 21\/08\/2017 \u2013 in\u00edcio das aulas. &nbsp; Pode ser feita inscri\u00e7\u00e3o em UMA das disciplinas [&hellip;]<\/p>\n","protected":false},"author":11787,"featured_media":1818,"comment_status":"closed","ping_status":"open","sticky":false,"template":"","format":"standard","meta":{"footnotes":""},"categories":[17,1],"tags":[],"coauthors":[],"class_list":["post-2858","post","type-post","status-publish","format-standard","has-post-thumbnail","hentry","category-destaques","category-noticias"],"_links":{"self":[{"href":"https:\/\/ppgecpan.ufms.br\/es\/wp-json\/wp\/v2\/posts\/2858","targetHints":{"allow":["GET"]}}],"collection":[{"href":"https:\/\/ppgecpan.ufms.br\/es\/wp-json\/wp\/v2\/posts"}],"about":[{"href":"https:\/\/ppgecpan.ufms.br\/es\/wp-json\/wp\/v2\/types\/post"}],"author":[{"embeddable":true,"href":"https:\/\/ppgecpan.ufms.br\/es\/wp-json\/wp\/v2\/users\/11787"}],"replies":[{"embeddable":true,"href":"https:\/\/ppgecpan.ufms.br\/es\/wp-json\/wp\/v2\/comments?post=2858"}],"version-history":[{"count":7,"href":"https:\/\/ppgecpan.ufms.br\/es\/wp-json\/wp\/v2\/posts\/2858\/revisions"}],"predecessor-version":[{"id":2871,"href":"https:\/\/ppgecpan.ufms.br\/es\/wp-json\/wp\/v2\/posts\/2858\/revisions\/2871"}],"wp:featuredmedia":[{"embeddable":true,"href":"https:\/\/ppgecpan.ufms.br\/es\/wp-json\/wp\/v2\/media\/1818"}],"wp:attachment":[{"href":"https:\/\/ppgecpan.ufms.br\/es\/wp-json\/wp\/v2\/media?parent=2858"}],"wp:term":[{"taxonomy":"category","embeddable":true,"href":"https:\/\/ppgecpan.ufms.br\/es\/wp-json\/wp\/v2\/categories?post=2858"},{"taxonomy":"post_tag","embeddable":true,"href":"https:\/\/ppgecpan.ufms.br\/es\/wp-json\/wp\/v2\/tags?post=2858"},{"taxonomy":"author","embeddable":true,"href":"https:\/\/ppgecpan.ufms.br\/es\/wp-json\/wp\/v2\/coauthors?post=2858"}],"curies":[{"name":"wp","href":"https:\/\/api.w.org\/{rel}","templated":true}]}}