{"id":2902,"date":"2017-09-06T08:36:48","date_gmt":"2017-09-06T12:36:48","guid":{"rendered":"https:\/\/ppgecpan.ufms.br\/?p=2902"},"modified":"2017-09-06T08:36:48","modified_gmt":"2017-09-06T12:36:48","slug":"vi-congresso-ibero-americano-ix-congresso-luso-brasileiro-de-politica-e-administracao-da-educacao","status":"publish","type":"post","link":"https:\/\/ppgecpan.ufms.br\/es\/vi-congresso-ibero-americano-ix-congresso-luso-brasileiro-de-politica-e-administracao-da-educacao\/","title":{"rendered":"VI Congresso Ibero-Americano \/ IX Congresso Luso-Brasileiro de Pol\u00edtica e Administra\u00e7\u00e3o da Educa\u00e7\u00e3o"},"content":{"rendered":"<p><strong>C<\/strong><strong>ar@ anpaean@,<\/strong><\/p>\n<p>Estamos com as inscri\u00e7\u00f5es abertas para <strong>VI Congresso Ibero-Americano \/ IX Congresso Luso-Brasileiro de Pol\u00edtica e Administra\u00e7\u00e3o da Educa\u00e7\u00e3o<\/strong>, agendado para o per\u00edodo de <strong>28\/05 a 01\/06\/2018 na cidade de Lleida, Espanha<\/strong>. O evento ser\u00e1 promovido, em regime de coparticipa\u00e7\u00e3o, pela Anpae, FEAE e FPAE. O tema ser\u00e1: &#8220;<strong>Pol\u00edtica e Gest\u00e3o da Educa\u00e7\u00e3o Ibero-Americano: tend\u00eancias e desafios<\/strong>\u201d.<\/p>\n<p>A expectativa \u00e9 que tenhamos cerca de 450 inscri\u00e7\u00f5es de associados da ANPAE. As inscri\u00e7\u00f5es ser\u00e3o limitadas em 450 para participantes brasileiros, inscritos via ANPAE.<\/p>\n<p>A <strong>submiss\u00e3o de trabalho<\/strong> (para comunica\u00e7\u00e3o oral) requer a apresenta\u00e7\u00e3o de um <strong>Resumo Ampliado<\/strong> de 5 a 9 mil caracteres (com espa\u00e7o).\u00a0 Veja normas completas no site do Congresso: <a href=\"http:\/\/anpae11.mktnaweb.com\/registra_clique.php?id=H%7C815614%7C244475%7C2087&amp;url=http%3A%2F%2Fwww.anpae.org.br%2FIBERO2018%2Findex.html\">http:\/\/www.anpae.org.br\/IBERO2018\/index.html<\/a><\/p>\n<p><strong>Para se Inscrever no Congresso:<\/strong><\/p>\n<ol>\n<li>a) Acesse o <strong>site do Congresso<\/strong>: <a href=\"http:\/\/anpae11.mktnaweb.com\/registra_clique.php?id=H%7C815614%7C244475%7C2087&amp;url=http%3A%2F%2Fwww.anpae.org.br%2FIBERO2018%2Findex.html\">http:\/\/www.anpae.org.br\/IBERO2018\/index.html<\/a><\/li>\n<li>b) Clique em <strong>Inscri\u00e7\u00e3o<\/strong>. Clique em <strong>Inscreva-se<\/strong><\/li>\n<li>c) Na p\u00e1gina do sistema da anpae, <strong>insira login: n\u00ba CPF + Senha: n\u00ba CPF<\/strong>. Em seguida: Redefina sua senha. Caso n\u00e3o consiga acessar, fa\u00e7a novo cadastro<\/li>\n<li>d) Ao entrar no sistema, voc\u00ea visualizara os pr\u00f3ximos eventos. Para o ibero clique em <strong>Informa\u00e7\u00f5es\/Inscri\u00e7\u00f5es<\/strong><\/li>\n<li>e) Na parte superior da p\u00e1gina, em Inicio do Evento, clicar em <strong>Inscreva-se<\/strong> e selecione a forma de pagamento: <strong>Cart\u00e3o<\/strong> ou Efetue seu pagamento.<\/li>\n<\/ol>\n<p><strong>Para submeter trabalho no Congresso:<\/strong><\/p>\n<ol>\n<li>a) Em at\u00e9 24 horas a <strong>PagSeguro<\/strong> confirmar\u00e1 seu pagamento e o sistema estar\u00e1 aberto para a submiss\u00e3o do seu trabalho (caso v\u00e1 submeter trabalho no Congresso).<\/li>\n<li>b) Clique em <strong>Informa\u00e7\u00f5es\/Inscri\u00e7\u00f5es<\/strong><\/li>\n<li>c) No final da p\u00e1gina, clique em <strong>Submeter trabalho<\/strong>. Voc\u00ea acessar\u00e1 o <strong>Formul\u00e1rio<\/strong>.\u00a0 Preencha e <strong>Anexe o Arquivo <\/strong>com seu trabalho (<strong>resumo ampliado<\/strong>). Depois, basta enviar.<\/li>\n<li>d) Voc\u00ea receber\u00e1 um Email de confirma\u00e7\u00e3o.<\/li>\n<\/ol>\n","protected":false},"excerpt":{"rendered":"<p>Car@ anpaean@, Estamos com as inscri\u00e7\u00f5es abertas para VI Congresso Ibero-Americano \/ IX Congresso Luso-Brasileiro de Pol\u00edtica e Administra\u00e7\u00e3o da Educa\u00e7\u00e3o, agendado para o per\u00edodo de 28\/05 a 01\/06\/2018 na cidade de Lleida, Espanha. O evento ser\u00e1 promovido, em regime de coparticipa\u00e7\u00e3o, pela Anpae, FEAE e FPAE. O tema ser\u00e1: &#8220;Pol\u00edtica e Gest\u00e3o da Educa\u00e7\u00e3o [&hellip;]<\/p>\n","protected":false},"author":2660,"featured_media":2903,"comment_status":"closed","ping_status":"open","sticky":false,"template":"","format":"standard","meta":{"footnotes":""},"categories":[17,39],"tags":[],"coauthors":[],"class_list":["post-2902","post","type-post","status-publish","format-standard","has-post-thumbnail","hentry","category-destaques","category-eventos-externos"],"_links":{"self":[{"href":"https:\/\/ppgecpan.ufms.br\/es\/wp-json\/wp\/v2\/posts\/2902","targetHints":{"allow":["GET"]}}],"collection":[{"href":"https:\/\/ppgecpan.ufms.br\/es\/wp-json\/wp\/v2\/posts"}],"about":[{"href":"https:\/\/ppgecpan.ufms.br\/es\/wp-json\/wp\/v2\/types\/post"}],"author":[{"embeddable":true,"href":"https:\/\/ppgecpan.ufms.br\/es\/wp-json\/wp\/v2\/users\/2660"}],"replies":[{"embeddable":true,"href":"https:\/\/ppgecpan.ufms.br\/es\/wp-json\/wp\/v2\/comments?post=2902"}],"version-history":[{"count":1,"href":"https:\/\/ppgecpan.ufms.br\/es\/wp-json\/wp\/v2\/posts\/2902\/revisions"}],"predecessor-version":[{"id":2904,"href":"https:\/\/ppgecpan.ufms.br\/es\/wp-json\/wp\/v2\/posts\/2902\/revisions\/2904"}],"wp:featuredmedia":[{"embeddable":true,"href":"https:\/\/ppgecpan.ufms.br\/es\/wp-json\/wp\/v2\/media\/2903"}],"wp:attachment":[{"href":"https:\/\/ppgecpan.ufms.br\/es\/wp-json\/wp\/v2\/media?parent=2902"}],"wp:term":[{"taxonomy":"category","embeddable":true,"href":"https:\/\/ppgecpan.ufms.br\/es\/wp-json\/wp\/v2\/categories?post=2902"},{"taxonomy":"post_tag","embeddable":true,"href":"https:\/\/ppgecpan.ufms.br\/es\/wp-json\/wp\/v2\/tags?post=2902"},{"taxonomy":"author","embeddable":true,"href":"https:\/\/ppgecpan.ufms.br\/es\/wp-json\/wp\/v2\/coauthors?post=2902"}],"curies":[{"name":"wp","href":"https:\/\/api.w.org\/{rel}","templated":true}]}}