{"id":2931,"date":"2017-10-04T11:13:41","date_gmt":"2017-10-04T15:13:41","guid":{"rendered":"https:\/\/ppgecpan.ufms.br\/?p=2931"},"modified":"2017-10-04T11:14:05","modified_gmt":"2017-10-04T15:14:05","slug":"professor-do-programa-de-pos-graduacao-em-educacaocpan-lanca-livro-no-38a-reuniao-nacional-da-anped","status":"publish","type":"post","link":"https:\/\/ppgecpan.ufms.br\/es\/professor-do-programa-de-pos-graduacao-em-educacaocpan-lanca-livro-no-38a-reuniao-nacional-da-anped\/","title":{"rendered":"Professor do Programa de P\u00f3s-Gradua\u00e7\u00e3o em Educa\u00e7\u00e3o\/CPAN lan\u00e7a livro na 38\u00aa Reuni\u00e3o Nacional da ANPED"},"content":{"rendered":"<p>O Professor Doutor Tiago Duque, do Programa de P\u00f3s-Gradua\u00e7\u00e3o em Educa\u00e7\u00e3o\/CPAN, lan\u00e7ou o livro intitulado &#8220;G\u00eaneros Incr\u00edveis&#8221; na 38\u00aa Reuni\u00e3o Nacional da\u00a0Associa\u00e7\u00e3o Nacional de P\u00f3s-Gradua\u00e7\u00e3o e Pesquisa em Educa\u00e7\u00e3o, realizada em S\u00e3o Lu\u00eds, Maranh\u00e3o.<\/p>\n<p>&nbsp;<\/p>\n","protected":false},"excerpt":{"rendered":"<p>O Professor Doutor Tiago Duque, do Programa de P\u00f3s-Gradua\u00e7\u00e3o em Educa\u00e7\u00e3o\/CPAN, lan\u00e7ou o livro intitulado &#8220;G\u00eaneros Incr\u00edveis&#8221; na 38\u00aa Reuni\u00e3o Nacional da\u00a0Associa\u00e7\u00e3o Nacional de P\u00f3s-Gradua\u00e7\u00e3o e Pesquisa em Educa\u00e7\u00e3o, realizada em S\u00e3o Lu\u00eds, Maranh\u00e3o. &nbsp;<\/p>\n","protected":false},"author":11787,"featured_media":2932,"comment_status":"closed","ping_status":"open","sticky":false,"template":"","format":"standard","meta":{"footnotes":""},"categories":[17,1],"tags":[],"coauthors":[],"class_list":["post-2931","post","type-post","status-publish","format-standard","has-post-thumbnail","hentry","category-destaques","category-noticias"],"_links":{"self":[{"href":"https:\/\/ppgecpan.ufms.br\/es\/wp-json\/wp\/v2\/posts\/2931","targetHints":{"allow":["GET"]}}],"collection":[{"href":"https:\/\/ppgecpan.ufms.br\/es\/wp-json\/wp\/v2\/posts"}],"about":[{"href":"https:\/\/ppgecpan.ufms.br\/es\/wp-json\/wp\/v2\/types\/post"}],"author":[{"embeddable":true,"href":"https:\/\/ppgecpan.ufms.br\/es\/wp-json\/wp\/v2\/users\/11787"}],"replies":[{"embeddable":true,"href":"https:\/\/ppgecpan.ufms.br\/es\/wp-json\/wp\/v2\/comments?post=2931"}],"version-history":[{"count":2,"href":"https:\/\/ppgecpan.ufms.br\/es\/wp-json\/wp\/v2\/posts\/2931\/revisions"}],"predecessor-version":[{"id":2934,"href":"https:\/\/ppgecpan.ufms.br\/es\/wp-json\/wp\/v2\/posts\/2931\/revisions\/2934"}],"wp:featuredmedia":[{"embeddable":true,"href":"https:\/\/ppgecpan.ufms.br\/es\/wp-json\/wp\/v2\/media\/2932"}],"wp:attachment":[{"href":"https:\/\/ppgecpan.ufms.br\/es\/wp-json\/wp\/v2\/media?parent=2931"}],"wp:term":[{"taxonomy":"category","embeddable":true,"href":"https:\/\/ppgecpan.ufms.br\/es\/wp-json\/wp\/v2\/categories?post=2931"},{"taxonomy":"post_tag","embeddable":true,"href":"https:\/\/ppgecpan.ufms.br\/es\/wp-json\/wp\/v2\/tags?post=2931"},{"taxonomy":"author","embeddable":true,"href":"https:\/\/ppgecpan.ufms.br\/es\/wp-json\/wp\/v2\/coauthors?post=2931"}],"curies":[{"name":"wp","href":"https:\/\/api.w.org\/{rel}","templated":true}]}}