{"id":2979,"date":"2017-11-08T10:00:56","date_gmt":"2017-11-08T14:00:56","guid":{"rendered":"https:\/\/ppgecpan.ufms.br\/?p=2979"},"modified":"2017-11-10T11:01:41","modified_gmt":"2017-11-10T15:01:41","slug":"grupo-de-estudos-nepi-pantanal-da-ufmscpan-apresenta-pesquisas-em-andamento-em-evento-na-bolivia","status":"publish","type":"post","link":"https:\/\/ppgecpan.ufms.br\/es\/grupo-de-estudos-nepi-pantanal-da-ufmscpan-apresenta-pesquisas-em-andamento-em-evento-na-bolivia\/","title":{"rendered":"Grupo de Estudos NEPI\/ Pantanal da UFMS\/CPAN apresenta pesquisas em andamento em evento na Bol\u00edvia"},"content":{"rendered":"<p>No per\u00edodo de 08 a 11 de novembro\/2017 o Grupo de Estudos e Pesquisas Interdisciplares \u2013 NEPI\/Pantanal da Universidade Federal de Mato Grosso do Sul\/Campus do Pantanal estar\u00e3o representando o pa\u00eds no V Col\u00f3quio Internacional de Pesquisa e na Expo Humanidades \u2013 Feira Facultativa de Ci\u00eancias da Universidade Aut\u00f4noma Gabriel Ren\u00e9 Moreno, em Santa Cruz de La Sierra, na Bol\u00edvia.<\/p>\n<p>S\u00e3o apresenta\u00e7\u00f5es de pesquisas em andamento de discentes de Gradua\u00e7\u00e3o e do Mestrado em Educa\u00e7\u00e3o Social, docentes e t\u00e9cnicos da UFMS\/CPAN, integrantes do Projeto OBSERVAT\u00d3RIO E\u00c7A\u00cd: Educa\u00e7\u00e3o, Sa\u00fade, Desenvolvimento e outros direitos humanos de crian\u00e7as e adolescentes na fronteira Brasil e Bol\u00edvia, fruto do Acordo de Coopera\u00e7\u00e3o Internacional em Pesquisa n\u00ba 112\/2015 em desenvolvimento.<\/p>\n<p>Em 2017 ser\u00e3o apresentados 17 trabalhos completos, participa\u00e7\u00e3o em mesas redondas sobre Educa\u00e7\u00e3o Social e Confer\u00eancias sobre Coopera\u00e7\u00e3o Internacional em Pesquisas, que apresentam a import\u00e2ncia do CPAN na regi\u00e3o oeste do continente e como importante colaborador na parceria entre os pa\u00edses da Am\u00e9rica Latina para o desenvolvimento das ci\u00eancias humanas.<\/p>\n<p>Os artigos elaborados e aprovados para o evento, ser\u00e3o publicados em revista da Universidade Aut\u00f4noma Gabriel Ren\u00e9 Moreno em 2018.<\/p>\n<p>&nbsp;<\/p>\n<p><a href=\"https:\/\/ppgecpan.ufms.br\/files\/2017\/11\/V-COLOQUIO-INTERNACIONAL-DE-INVESTIGACI\u00d3N-UAGRM-\u2013-UFMS.pdf\" target=\"_blank\" rel=\"noopener noreferrer\">Cronograma<\/a><\/p>\n","protected":false},"excerpt":{"rendered":"<p>No per\u00edodo de 08 a 11 de novembro\/2017 o Grupo de Estudos e Pesquisas Interdisciplares \u2013 NEPI\/Pantanal da Universidade Federal de Mato Grosso do Sul\/Campus do Pantanal estar\u00e3o representando o pa\u00eds no V Col\u00f3quio Internacional de Pesquisa e na Expo Humanidades \u2013 Feira Facultativa de Ci\u00eancias da Universidade Aut\u00f4noma Gabriel Ren\u00e9 Moreno, em Santa Cruz [&hellip;]<\/p>\n","protected":false},"author":2660,"featured_media":2980,"comment_status":"closed","ping_status":"open","sticky":false,"template":"","format":"standard","meta":{"footnotes":""},"categories":[17,1],"tags":[],"coauthors":[],"class_list":["post-2979","post","type-post","status-publish","format-standard","has-post-thumbnail","hentry","category-destaques","category-noticias"],"_links":{"self":[{"href":"https:\/\/ppgecpan.ufms.br\/es\/wp-json\/wp\/v2\/posts\/2979","targetHints":{"allow":["GET"]}}],"collection":[{"href":"https:\/\/ppgecpan.ufms.br\/es\/wp-json\/wp\/v2\/posts"}],"about":[{"href":"https:\/\/ppgecpan.ufms.br\/es\/wp-json\/wp\/v2\/types\/post"}],"author":[{"embeddable":true,"href":"https:\/\/ppgecpan.ufms.br\/es\/wp-json\/wp\/v2\/users\/2660"}],"replies":[{"embeddable":true,"href":"https:\/\/ppgecpan.ufms.br\/es\/wp-json\/wp\/v2\/comments?post=2979"}],"version-history":[{"count":3,"href":"https:\/\/ppgecpan.ufms.br\/es\/wp-json\/wp\/v2\/posts\/2979\/revisions"}],"predecessor-version":[{"id":2985,"href":"https:\/\/ppgecpan.ufms.br\/es\/wp-json\/wp\/v2\/posts\/2979\/revisions\/2985"}],"wp:featuredmedia":[{"embeddable":true,"href":"https:\/\/ppgecpan.ufms.br\/es\/wp-json\/wp\/v2\/media\/2980"}],"wp:attachment":[{"href":"https:\/\/ppgecpan.ufms.br\/es\/wp-json\/wp\/v2\/media?parent=2979"}],"wp:term":[{"taxonomy":"category","embeddable":true,"href":"https:\/\/ppgecpan.ufms.br\/es\/wp-json\/wp\/v2\/categories?post=2979"},{"taxonomy":"post_tag","embeddable":true,"href":"https:\/\/ppgecpan.ufms.br\/es\/wp-json\/wp\/v2\/tags?post=2979"},{"taxonomy":"author","embeddable":true,"href":"https:\/\/ppgecpan.ufms.br\/es\/wp-json\/wp\/v2\/coauthors?post=2979"}],"curies":[{"name":"wp","href":"https:\/\/api.w.org\/{rel}","templated":true}]}}