{"id":2990,"date":"2017-11-29T07:53:41","date_gmt":"2017-11-29T11:53:41","guid":{"rendered":"https:\/\/ppgecpan.ufms.br\/?p=2990"},"modified":"2017-12-12T14:25:15","modified_gmt":"2017-12-12T18:25:15","slug":"convite-curso-de-capacitacao-educacao-e-remicao-aos-privados-de-liberdade","status":"publish","type":"post","link":"https:\/\/ppgecpan.ufms.br\/es\/convite-curso-de-capacitacao-educacao-e-remicao-aos-privados-de-liberdade\/","title":{"rendered":"CONVITE: Curso de Capacita\u00e7\u00e3o &#8220;Educa\u00e7\u00e3o e Remi\u00e7\u00e3o aos privados de liberdade&#8221;"},"content":{"rendered":"<p>O Grupo de Pesquisa, Cultura, Psicologia e Trabalho convida toda a comunidade acad\u00eamica para o\u00a0Curso de Capacita\u00e7\u00e3o &#8220;Educa\u00e7\u00e3o e Remi\u00e7\u00e3o aos privados de liberdade&#8221; que se realizar\u00e1 nos dias 04 e 05 de dezembro de 2017, das 08h \u00e0s 11h e das 13h \u00e0s 16h, no Audit\u00f3rio do Bloco H, Unidade I, Campus do Pantanal, Universidade Federal de Mato Grosso do Sul.<\/p>\n<p>As inscri\u00e7\u00f5es ser\u00e3o gratuitas e devem ser feitas atrav\u00e9s do email projetocpet1@gmail.com.<\/p>\n<p>&nbsp;<\/p>\n","protected":false},"excerpt":{"rendered":"<p>O Grupo de Pesquisa, Cultura, Psicologia e Trabalho convida toda a comunidade acad\u00eamica para o\u00a0Curso de Capacita\u00e7\u00e3o &#8220;Educa\u00e7\u00e3o e Remi\u00e7\u00e3o aos privados de liberdade&#8221; que se realizar\u00e1 nos dias 04 e 05 de dezembro de 2017, das 08h \u00e0s 11h e das 13h \u00e0s 16h, no Audit\u00f3rio do Bloco H, Unidade I, Campus do Pantanal, [&hellip;]<\/p>\n","protected":false},"author":11787,"featured_media":2991,"comment_status":"closed","ping_status":"open","sticky":false,"template":"","format":"standard","meta":{"footnotes":""},"categories":[17,38,1],"tags":[],"coauthors":[],"class_list":["post-2990","post","type-post","status-publish","format-standard","has-post-thumbnail","hentry","category-destaques","category-eventos-internos","category-noticias"],"_links":{"self":[{"href":"https:\/\/ppgecpan.ufms.br\/es\/wp-json\/wp\/v2\/posts\/2990","targetHints":{"allow":["GET"]}}],"collection":[{"href":"https:\/\/ppgecpan.ufms.br\/es\/wp-json\/wp\/v2\/posts"}],"about":[{"href":"https:\/\/ppgecpan.ufms.br\/es\/wp-json\/wp\/v2\/types\/post"}],"author":[{"embeddable":true,"href":"https:\/\/ppgecpan.ufms.br\/es\/wp-json\/wp\/v2\/users\/11787"}],"replies":[{"embeddable":true,"href":"https:\/\/ppgecpan.ufms.br\/es\/wp-json\/wp\/v2\/comments?post=2990"}],"version-history":[{"count":2,"href":"https:\/\/ppgecpan.ufms.br\/es\/wp-json\/wp\/v2\/posts\/2990\/revisions"}],"predecessor-version":[{"id":2993,"href":"https:\/\/ppgecpan.ufms.br\/es\/wp-json\/wp\/v2\/posts\/2990\/revisions\/2993"}],"wp:featuredmedia":[{"embeddable":true,"href":"https:\/\/ppgecpan.ufms.br\/es\/wp-json\/wp\/v2\/media\/2991"}],"wp:attachment":[{"href":"https:\/\/ppgecpan.ufms.br\/es\/wp-json\/wp\/v2\/media?parent=2990"}],"wp:term":[{"taxonomy":"category","embeddable":true,"href":"https:\/\/ppgecpan.ufms.br\/es\/wp-json\/wp\/v2\/categories?post=2990"},{"taxonomy":"post_tag","embeddable":true,"href":"https:\/\/ppgecpan.ufms.br\/es\/wp-json\/wp\/v2\/tags?post=2990"},{"taxonomy":"author","embeddable":true,"href":"https:\/\/ppgecpan.ufms.br\/es\/wp-json\/wp\/v2\/coauthors?post=2990"}],"curies":[{"name":"wp","href":"https:\/\/api.w.org\/{rel}","templated":true}]}}