{"id":300,"date":"2012-05-03T08:06:01","date_gmt":"2012-05-03T12:06:01","guid":{"rendered":"http:\/\/ppgecpan.draconis.ufms.br\/?p=300"},"modified":"2020-07-06T10:20:25","modified_gmt":"2020-07-06T14:20:25","slug":"selecao-2012-divulgada-lista-de-inscricoes-deferidas-e-indeferidas","status":"publish","type":"post","link":"https:\/\/ppgecpan.ufms.br\/es\/selecao-2012-divulgada-lista-de-inscricoes-deferidas-e-indeferidas\/","title":{"rendered":"Sele\u00e7\u00e3o 2012: Divulgada lista de inscri\u00e7\u00f5es deferidas e indeferidas"},"content":{"rendered":"O Programa de P\u00f3s-Gradua\u00e7\u00e3o em Educa\u00e7\u00e3o do Campus do Pantanal\u00a0da Funda\u00e7\u00e3o Universidade Federal de Mato Grosso do Sul torna p\u00fablica a rela\u00e7\u00e3o de inscri\u00e7\u00f5es deferidas e indeferidas do Processo Seletivo visando a sele\u00e7\u00e3o de candidatos para\u00a0preenchimento de vagas no Curso de Mestrado com ingresso no primeiro semestre letivo de 2013.<\/p>\n<p><strong>Inscri\u00e7\u00f5es Deferidas<\/strong><\/p>\n<table width=\"463\" border=\"1\" cellspacing=\"0\" cellpadding=\"0\">\n<tbody>\n<tr>\n<td valign=\"top\" width=\"463\">Ahuakuoufeng Melgueiro Rossi<\/td>\n<\/tr>\n<tr>\n<td valign=\"top\" width=\"463\">Andreza Seixas<\/td>\n<\/tr>\n<tr>\n<td valign=\"top\" width=\"463\">Bruno Marini Bruneri<\/td>\n<\/tr>\n<tr>\n<td valign=\"top\" width=\"463\">Camila Pereira Leijoto<\/td>\n<\/tr>\n<tr>\n<td valign=\"top\" width=\"463\">Carla L\u00facia Alves Soares<\/td>\n<\/tr>\n<tr>\n<td valign=\"top\" width=\"463\">Clariane Siqueira Bispo Wounnsoscky<\/td>\n<\/tr>\n<tr>\n<td valign=\"top\" width=\"463\">Claudia de Oliveira Andrade<\/td>\n<\/tr>\n<tr>\n<td valign=\"top\" width=\"463\">Cristine Novaes Barbosa da Rocha<\/td>\n<\/tr>\n<tr>\n<td valign=\"top\" width=\"463\">D\u00e9bora Rog\u00e9ria Neres de Souza Garcia<\/td>\n<\/tr>\n<tr>\n<td valign=\"top\" width=\"463\">Edith Fany Jobbins<\/td>\n<\/tr>\n<tr>\n<td valign=\"top\" width=\"463\">Elaine Aparecida Terra de Mattos da Silva<\/td>\n<\/tr>\n<tr>\n<td valign=\"top\" width=\"463\">Eliane Toledo da Cruz<\/td>\n<\/tr>\n<tr>\n<td valign=\"top\" width=\"463\">Elzanir Leandro<\/td>\n<\/tr>\n<tr>\n<td valign=\"top\" width=\"463\">Francielli de Arruda Carvalho<\/td>\n<\/tr>\n<tr>\n<td valign=\"top\" width=\"463\">Francisca Alves da Silva<\/td>\n<\/tr>\n<tr>\n<td valign=\"top\" width=\"463\">Francy Laura de Moraes<\/td>\n<\/tr>\n<tr>\n<td valign=\"top\" width=\"463\">Geruza Soares de Souza Papa<\/td>\n<\/tr>\n<tr>\n<td valign=\"top\" width=\"463\">Iris Costa Soares<\/td>\n<\/tr>\n<tr>\n<td valign=\"top\" width=\"463\">Jeane Cristina da Silva Oliveira de Souza<\/td>\n<\/tr>\n<tr>\n<td valign=\"top\" width=\"463\">Jeane dos Santos Silva Viana<\/td>\n<\/tr>\n<tr>\n<td valign=\"top\" width=\"463\">Jo\u00e3o Bosco Ribeiro da Costa<\/td>\n<\/tr>\n<tr>\n<td valign=\"top\" width=\"463\">Layze Aparecida Herrera Cassanha<\/td>\n<\/tr>\n<tr>\n<td valign=\"top\" width=\"463\">Leopoldo Moreira Neto<\/td>\n<\/tr>\n<tr>\n<td valign=\"top\" width=\"463\">Leslie Schueler Martins Hall<\/td>\n<\/tr>\n<tr>\n<td valign=\"top\" width=\"463\">Luciana Maria Espin\u00f3za<\/td>\n<\/tr>\n<tr>\n<td valign=\"top\" width=\"463\">Maicon Martta<\/td>\n<\/tr>\n<tr>\n<td valign=\"top\" width=\"463\">Maria Aparecida Dias de Moura Concei\u00e7\u00e3o<\/td>\n<\/tr>\n<tr>\n<td valign=\"top\" width=\"463\">Maria Auxiliadora Pimenta Junges<\/td>\n<\/tr>\n<tr>\n<td valign=\"top\" width=\"463\">Maria Clarice Servion<\/td>\n<\/tr>\n<tr>\n<td valign=\"top\" width=\"463\">Maria Cristina Maia Souza<\/td>\n<\/tr>\n<tr>\n<td valign=\"top\" width=\"463\">Neli Machado de Oliveira<\/td>\n<\/tr>\n<tr>\n<td valign=\"top\" width=\"463\">Paulo Batista da Silva<\/td>\n<\/tr>\n<tr>\n<td valign=\"top\" width=\"463\">Renata Miceno Papa de Almeida<\/td>\n<\/tr>\n<tr>\n<td valign=\"top\" width=\"463\">Rosa Alesandra Rodrigues Corr\u00eaa<\/td>\n<\/tr>\n<tr>\n<td valign=\"top\" width=\"463\">Rosa Maria da Silva<\/td>\n<\/tr>\n<tr>\n<td valign=\"top\" width=\"463\">Rosiene do Esp\u00edrito Santo Mauro<\/td>\n<\/tr>\n<tr>\n<td valign=\"top\" width=\"463\">Salim Ramos Hassan<\/td>\n<\/tr>\n<tr>\n<td valign=\"top\" width=\"463\">Sebastiana Mendon\u00e7a Monteiro<\/td>\n<\/tr>\n<tr>\n<td valign=\"top\" width=\"463\">Selma de F\u00e1tima Vanderley<\/td>\n<\/tr>\n<tr>\n<td valign=\"top\" width=\"463\">Silvana Alexsandra Coutinho<\/td>\n<\/tr>\n<tr>\n<td valign=\"top\" width=\"463\">Silvia Cristiane Alfonso Vi\u00e9des<\/td>\n<\/tr>\n<tr>\n<td valign=\"top\" width=\"463\">Simone Yara Benites da Silva<\/td>\n<\/tr>\n<tr>\n<td valign=\"top\" width=\"463\">Soara Germiniana Virg\u00ednio Barbosa<\/td>\n<\/tr>\n<tr>\n<td valign=\"top\" width=\"463\">Tammi Fl\u00e1vie<\/td>\n<\/tr>\n<tr>\n<td valign=\"top\" width=\"463\">Tatiane Soares de Oliveira<\/td>\n<\/tr>\n<tr>\n<td valign=\"top\" width=\"463\">Telma Iara Bacarin<\/td>\n<\/tr>\n<tr>\n<td valign=\"top\" width=\"463\">Val\u00e9ria Aparecida Benites Oliveira<\/td>\n<\/tr>\n<tr>\n<td valign=\"top\" width=\"463\">Vanessa Soares dos Santos<\/td>\n<\/tr>\n<\/tbody>\n<\/table>\n<p><strong>Inscri\u00e7\u00e3o Indeferida<\/strong><\/p>\n<table border=\"1\" cellspacing=\"0\" cellpadding=\"0\">\n<tbody>\n<tr>\n<td valign=\"top\" width=\"451\">N\u00e3nashara Cavalcante Boehm da Silva<\/td>\n<\/tr>\n<\/tbody>\n<\/table>","protected":false},"excerpt":{"rendered":"<p>O Programa de P\u00f3s-Gradua\u00e7\u00e3o em Educa\u00e7\u00e3o do Campus do Pantanal\u00a0da Funda\u00e7\u00e3o Universidade Federal de Mato Grosso do Sul torna p\u00fablica a rela\u00e7\u00e3o de inscri\u00e7\u00f5es deferidas e indeferidas do Processo Seletivo visando a sele\u00e7\u00e3o de candidatos para\u00a0preenchimento de vagas no Curso de Mestrado com ingresso no primeiro semestre letivo de 2013. Inscri\u00e7\u00f5es Deferidas Ahuakuoufeng Melgueiro Rossi [&hellip;]<\/p>\n","protected":false},"author":7,"featured_media":0,"comment_status":"closed","ping_status":"open","sticky":false,"template":"","format":"standard","meta":{"footnotes":""},"categories":[9,1],"tags":[],"coauthors":[],"class_list":["post-300","post","type-post","status-publish","format-standard","hentry","category-editais","category-noticias"],"_links":{"self":[{"href":"https:\/\/ppgecpan.ufms.br\/es\/wp-json\/wp\/v2\/posts\/300","targetHints":{"allow":["GET"]}}],"collection":[{"href":"https:\/\/ppgecpan.ufms.br\/es\/wp-json\/wp\/v2\/posts"}],"about":[{"href":"https:\/\/ppgecpan.ufms.br\/es\/wp-json\/wp\/v2\/types\/post"}],"author":[{"embeddable":true,"href":"https:\/\/ppgecpan.ufms.br\/es\/wp-json\/wp\/v2\/users\/7"}],"replies":[{"embeddable":true,"href":"https:\/\/ppgecpan.ufms.br\/es\/wp-json\/wp\/v2\/comments?post=300"}],"version-history":[{"count":5,"href":"https:\/\/ppgecpan.ufms.br\/es\/wp-json\/wp\/v2\/posts\/300\/revisions"}],"predecessor-version":[{"id":4535,"href":"https:\/\/ppgecpan.ufms.br\/es\/wp-json\/wp\/v2\/posts\/300\/revisions\/4535"}],"wp:attachment":[{"href":"https:\/\/ppgecpan.ufms.br\/es\/wp-json\/wp\/v2\/media?parent=300"}],"wp:term":[{"taxonomy":"category","embeddable":true,"href":"https:\/\/ppgecpan.ufms.br\/es\/wp-json\/wp\/v2\/categories?post=300"},{"taxonomy":"post_tag","embeddable":true,"href":"https:\/\/ppgecpan.ufms.br\/es\/wp-json\/wp\/v2\/tags?post=300"},{"taxonomy":"author","embeddable":true,"href":"https:\/\/ppgecpan.ufms.br\/es\/wp-json\/wp\/v2\/coauthors?post=300"}],"curies":[{"name":"wp","href":"https:\/\/api.w.org\/{rel}","templated":true}]}}