{"id":3028,"date":"2017-12-13T22:04:28","date_gmt":"2017-12-14T02:04:28","guid":{"rendered":"https:\/\/ppgecpan.ufms.br\/?p=3028"},"modified":"2017-12-14T19:35:23","modified_gmt":"2017-12-14T23:35:23","slug":"convite-iv-simposio-de-trabalho-de-conclusao-de-curso-curso-de-pedagogia-cpanufms-2017","status":"publish","type":"post","link":"https:\/\/ppgecpan.ufms.br\/es\/convite-iv-simposio-de-trabalho-de-conclusao-de-curso-curso-de-pedagogia-cpanufms-2017\/","title":{"rendered":"Convite: IV Simp\u00f3sio de trabalho de conclus\u00e3o de curso \u2013 Curso de Pedagogia CPAN\/UFMS \u2013 2017"},"content":{"rendered":"<p>Convidamos a comunidade acad\u00eamica e comunidade em geral para prestigiarem o IV Simp\u00f3sio de Trabalho de Conclus\u00e3o de Curso , promovido pelo curso de Pedagogia \u2013 Licenciatura do CPAN.<\/p>\n<p>O evento ocorrer\u00e1 entre os dias 13\/12 e 15\/12 nas depend\u00eancias do Audit\u00f3rio da Unidade III do CPAN.<\/p>\n<p>PROGRAMA\u00c7\u00c3O<\/p>\n<p>Dia 13\/12 (Quarta-feira)<\/p>\n<p>Das 17:00h as 20:00h \u2013 CREDENCIAMENTO<br \/>\n19:00 \u2013 Cerimonial de Abertura<br \/>\n19:30 \u2013 Mesa redonda: \u201cDesafios do in\u00edcio da carreira docente\u201d(Prof.\u00aa Tha\u00eds Aquino Sigarini Botelho &#8211; mestranda PPGE\/CPAN e Prof.s Fabiano Antonio dos Santos, Leandro Costa Vieira e Alexandre Cougo de Cougo)<\/p>\n<p>Dia 14\/12 (Quinta-feira)<\/p>\n<p>Das 13:30h as 17:00h \u2013 APRESENTA\u00c7\u00c3O DE TRABALHOS \u2013 SESS\u00c3O 1<\/p>\n<p>Debatedores: M\u00e1rcia Regina do Nascimento Sambugari<br \/>\nLeandro Costa Vieira<br \/>\nHellen Jaqueline Marques<\/p>\n<p>AUTOR: RAYANNE MARA DE ARRUDA DE ANDRADE<br \/>\nT\u00cdTULO: A M\u00daSICA NO TRABALHO PEDAG\u00d3GICO COM CRIAN\u00c7AS EM PROCESSO DE ALFABETIZA\u00c7\u00c3O E LETRAMENTO<br \/>\nORIENTADORA: M\u00e1rcia Regina do Nascimento Sambugari<\/p>\n<p>AUTORAS: ROSEMARY MACIEL TIN\u00d4CO; VERUSCA REGINA CABRERA ROJAS<br \/>\nT\u00cdTULO: TESES E DISSERTA\u00c7\u00d5ES SOBRE O TRABALHO PEDAG\u00d3GICO NA ALFABETIZA\u00c7\u00c3O: QUAL O ESPA\u00c7O DO BRINCAR?<br \/>\nORIENTADORA: M\u00e1rcia Regina do Nascimento Sambugari<\/p>\n<p>AUTORA: D\u00c9BORA REBECA DA SILVA SANTOS<br \/>\nT\u00cdTULO: CAMINHOS DA CONTA\u00c7\u00c3O DE HIST\u00d3RIAS: UMA REVIS\u00c3O BIBLIOGR\u00c1FICA NA FORMA\u00c7\u00c3O DO PROFESSOR NO CAMPO DA LITERATURA INFANTIL<br \/>\nORIENTADOR: Leandro Costa Vieira.<\/p>\n<p>AUTORAS: JOYCE KELLY ELEUTERIO BENITES; JACIARA KARINA FERNANDES<br \/>\nT\u00cdTULO: LETRAS, JOGOS E BRINCADEIRAS PRA QUE TE QUERO: PROGRAMA MAIS EDUCA\u00c7\u00c3O E SABERES INFANTIS \u2013 A ALFABETIZA\u00c7\u00c3O POR MEIO DA EXPRESS\u00c3O L\u00daDICA<br \/>\nORIENTADOR: Leandro Costa Vieira<\/p>\n<p>AUTORAS: KEILLA SIMONE DOS SANTOS; LILIANA ELIZA MELLO COSTA<br \/>\nT\u00cdTULO: SALTIMBANCOS, SERELEPES, BRINCADEIRAS E PE\u00d5ES, APRENDENDO A APRENDER NO CONV\u00cdVIO COM O OUTRO: PROGRAMA MAIS EDUCA\u00c7\u00c3O E OS COTIDIANOS VIVIDOS NA ESCOLA DOS SABERES DO PANTANAL<br \/>\nORIENTADOR: Leandro Costa Vieira<\/p>\n<p>Das 18:30h as 22:00h \u2013 APRESENTA\u00c7\u00c3O DE TRABALHOS \u2013 SESS\u00c3O 2<\/p>\n<p>Debatedores: Claudia Ara\u00fajo de Lima<br \/>\nEdelir Salom\u00e3o Garcia<br \/>\nM\u00e1rcia Regina do Nascimento Sambugari<\/p>\n<p>AUTORA: ANA GIZA DE SANT\u2019ANNA VARGAS<br \/>\nT\u00cdTULO: EDUCA\u00c7\u00c3O: SER MENINO OU MENINA NOS ANOS INICIAIS<br \/>\nORIENTADORA: Cl\u00e1udia Ara\u00fajo de Lima<\/p>\n<p>AUTOR: JEFFERSON TLAES<br \/>\nT\u00cdTULO: A ARTE COMO INSTRUMENTO DE EMANCIPA\u00c7\u00c3O SOCIAL: O HIP-HOP E A INSER\u00c7\u00c3O DE JOVENS ARTISTAS DE RUA DA CIDADE DE CORUMB\u00c1-MS<br \/>\nORIENTADORA: Cl\u00e1udia Ara\u00fajo de Lima<\/p>\n<p>AUTORA: MARIA ELISA PEREIRA DA SILVA<br \/>\nT\u00cdTULO: G\u00caNERO E AS PR\u00c1TICAS MASCULINIZANTES E FEMINILIZANTES NA FORMA\u00c7\u00c3O DE PEDAGOGOS NA UFMS-CPAN<br \/>\nORIENTADORA: Cl\u00e1udia Ara\u00fajo de Lima<\/p>\n<p>AUTORA: MARCELA MARIA MARQUES<br \/>\nT\u00cdTULO: A VIOL\u00caNCIA ENTRE OS ADOLESCENTES NAS ESCOLAS DE CORUMB\u00c1-MS<br \/>\nORIENTADORA: Cl\u00e1udia Ara\u00fajo de Lima<\/p>\n<p>AUTORA: ADRIANA BISPO OPIMI DE MORAES<br \/>\nT\u00cdTULO: CONTEXTOS DE VULNERABILIDADES NA EDUCA\u00c7\u00c3O EM ESCOLAS P\u00daBLICAS SOB O OLHAR DA PEDAGOGIA SOCIAL<br \/>\nORIENTADORA: Cl\u00e1udia Ara\u00fajo de Lima<\/p>\n<p>Dia 15\/12 (Sexta-feira)<\/p>\n<p>Das 13:30h as 17:00h \u2013 APRESENTA\u00c7\u00c3O DE TRABALHOS \u2013 SESS\u00c3O 3<\/p>\n<p>Debatedores: Alexandre Cougo de Cougo<br \/>\nEdelir Salom\u00e3o Garcia<br \/>\nAndr\u00e9a Duarte de Oliveira<\/p>\n<p>AUTORA: J\u00c9SSICA ROSA DA COSTA<br \/>\nT\u00cdTULO: APONTAMENTOS B\u00c1SICOS ACERCA DA INCLUS\u00c3O DE CRIAN\u00c7AS COM DEFICI\u00caNCIA MENTAL NA REDE COMUM DE ENSINO<br \/>\nORIENTADORA: Andr\u00e9a Duarte de Oliveira<\/p>\n<p>AUTORA: NATI\u00c9LY RAMYLA DE ALMEIDA FERREIRA NOBRE<br \/>\nT\u00cdTULO: PROJETO AVAN\u00c7O DO JOVEM NA APRENDIZAGEM (AJA-MS): NOVA OPORTUNIDADE EDUCACIONAL?<br \/>\nORIENTADORA: Edelir Salom\u00e3o Garcia<\/p>\n<p>AUTORA: ANDREZA BATISTA DE ARAUJO SEVERIANO<br \/>\nT\u00cdTULO: EDUCA\u00c7\u00c3O MORAL NA PERSPECTIVA DE ROUSSEAU<br \/>\nORIENTADOR: Fabr\u00edcio Santiago Almeida<\/p>\n<p>AUTORA: MARIANA PATRICIA SOARES DE OLIVEIRA<br \/>\nT\u00cdTULO: ALTAS HABILIDADES\/SUPERDOTA\u00c7\u00c3O: A CRIATIVIDADE COMO UM DE SEUS DETERMINANTES<br \/>\nORIENTADORA: B\u00e1rbara Amaral Martins<\/p>\n<p>AUTORES: GILSON MELGAR ; JOSILAINE MARTINS<br \/>\nT\u00cdTULO: O PROGRAMA SA\u00daDE NA ESCOLA: UM ESTUDO DE CASO NO MUNIC\u00cdPIO DE CORUMB\u00c1\/MS ORIENTADORA: Ana Carolina Pontes Costa<\/p>\n<p>AUTORA: ELIZANDRA FLORES FRANCO<br \/>\nT\u00cdTULO: OS SABERES PARA A PR\u00c1TICA NA EJA DO CAMPO: SENTIDOS E COMPREENS\u00d5ES DE PROFESSORES<br \/>\nORIENTADOR: Alexandre Cougo de Cougo<\/p>\n<p>Das 18:30h as 22:00h \u2013 APRESENTA\u00c7\u00c3O DE TRABALHOS \u2013 SESS\u00c3O 4<\/p>\n<p>Debatedores: Cl\u00e1udia Ara\u00fajo de Lima<br \/>\nS\u00edlvia Adriana Rodrigues<br \/>\nAndressa Santos Rebelo<\/p>\n<p>AUTORAS: INGRID LORAINI DE ALENCAR DA SILVA; VANESSA DE ALMEIDA<br \/>\nT\u00cdTULO: PR\u00c1TICA PEDAG\u00d3GICA NA\/DA CRECHE: PERSPECTIVAS DAS PROFISSIONAIS DO MUNIC\u00cdPIO DE CORUMB\u00c1\/MS<br \/>\nORIENTADORA: S\u00edlvia Adriana Rodrigues<\/p>\n<p>AUTORA: JORSILAYNE MALHEIROS MAGALH\u00c3ES<br \/>\nT\u00cdTULO: CONCEP\u00c7\u00c3O DE BEB\u00ca: O OLHAR DAS PROFISSIONAIS ATUANTES NAS CRECHES DO MUNIC\u00cdPIO DE CORUMB\u00c1-MS<br \/>\nORIENTADORA: S\u00edlvia Adriana Rodrigues<\/p>\n<p>AUTORA: EDMARA APARECIDA DA SILVA AYALA<br \/>\nT\u00cdTULO: FORMA\u00c7\u00c3O DO(A) PROFESSOR(A) DA\/PARA EDUCA\u00c7\u00c3O INFANTIL: INTERFER\u00caNCIAS DO CURSO DE PEDAGOGIA DA UFMS\/CPAN<br \/>\nORIENTADORA: S\u00edlvia Adriana Rodrigues<\/p>\n<p>AUTORA: ANDREIA APARECIDA RODRIGUES DA SILVA<br \/>\nT\u00cdTULO: A CRIAN\u00c7A FORA DA EDUCA\u00c7\u00c3O INFANTIL<br \/>\nORIENTADORA: Cl\u00e1udia Ara\u00fajo de Lima<\/p>\n<p>AUTORA: RENATA PONTES GERALDO<br \/>\nT\u00cdTULO: O DESENVOLVIMENTO DA APRENDIZAGEM NO AMBIENTE HOSPITALAR DE CRIAN\u00c7AS PORTADORAS DE C\u00c2NCER<br \/>\nORIENTADORA: Cl\u00e1udia Ara\u00fajo de Lima<\/p>\n","protected":false},"excerpt":{"rendered":"<p>Convidamos a comunidade acad\u00eamica e comunidade em geral para prestigiarem o IV Simp\u00f3sio de Trabalho de Conclus\u00e3o de Curso , promovido pelo curso de Pedagogia \u2013 Licenciatura do CPAN. O evento ocorrer\u00e1 entre os dias 13\/12 e 15\/12 nas depend\u00eancias do Audit\u00f3rio da Unidade III do CPAN. PROGRAMA\u00c7\u00c3O Dia 13\/12 (Quarta-feira) Das 17:00h as 20:00h [&hellip;]<\/p>\n","protected":false},"author":2660,"featured_media":3029,"comment_status":"closed","ping_status":"open","sticky":false,"template":"","format":"standard","meta":{"footnotes":""},"categories":[17,38,1],"tags":[],"coauthors":[],"class_list":["post-3028","post","type-post","status-publish","format-standard","has-post-thumbnail","hentry","category-destaques","category-eventos-internos","category-noticias"],"_links":{"self":[{"href":"https:\/\/ppgecpan.ufms.br\/es\/wp-json\/wp\/v2\/posts\/3028","targetHints":{"allow":["GET"]}}],"collection":[{"href":"https:\/\/ppgecpan.ufms.br\/es\/wp-json\/wp\/v2\/posts"}],"about":[{"href":"https:\/\/ppgecpan.ufms.br\/es\/wp-json\/wp\/v2\/types\/post"}],"author":[{"embeddable":true,"href":"https:\/\/ppgecpan.ufms.br\/es\/wp-json\/wp\/v2\/users\/2660"}],"replies":[{"embeddable":true,"href":"https:\/\/ppgecpan.ufms.br\/es\/wp-json\/wp\/v2\/comments?post=3028"}],"version-history":[{"count":3,"href":"https:\/\/ppgecpan.ufms.br\/es\/wp-json\/wp\/v2\/posts\/3028\/revisions"}],"predecessor-version":[{"id":3035,"href":"https:\/\/ppgecpan.ufms.br\/es\/wp-json\/wp\/v2\/posts\/3028\/revisions\/3035"}],"wp:featuredmedia":[{"embeddable":true,"href":"https:\/\/ppgecpan.ufms.br\/es\/wp-json\/wp\/v2\/media\/3029"}],"wp:attachment":[{"href":"https:\/\/ppgecpan.ufms.br\/es\/wp-json\/wp\/v2\/media?parent=3028"}],"wp:term":[{"taxonomy":"category","embeddable":true,"href":"https:\/\/ppgecpan.ufms.br\/es\/wp-json\/wp\/v2\/categories?post=3028"},{"taxonomy":"post_tag","embeddable":true,"href":"https:\/\/ppgecpan.ufms.br\/es\/wp-json\/wp\/v2\/tags?post=3028"},{"taxonomy":"author","embeddable":true,"href":"https:\/\/ppgecpan.ufms.br\/es\/wp-json\/wp\/v2\/coauthors?post=3028"}],"curies":[{"name":"wp","href":"https:\/\/api.w.org\/{rel}","templated":true}]}}