{"id":3031,"date":"2017-12-13T22:06:02","date_gmt":"2017-12-14T02:06:02","guid":{"rendered":"https:\/\/ppgecpan.ufms.br\/?p=3031"},"modified":"2017-12-13T22:06:02","modified_gmt":"2017-12-14T02:06:02","slug":"divulgacao-xxxvi-encontro-anual-helena-antipoff-da-ortopedia-mental-educacao-inclusiva","status":"publish","type":"post","link":"https:\/\/ppgecpan.ufms.br\/es\/divulgacao-xxxvi-encontro-anual-helena-antipoff-da-ortopedia-mental-educacao-inclusiva\/","title":{"rendered":"Divulga\u00e7\u00e3o &#8211; XXXVI Encontro Anual Helena Antipoff: da ortopedia mental \u00e0 educa\u00e7\u00e3o inclusiva"},"content":{"rendered":"","protected":false},"excerpt":{"rendered":"","protected":false},"author":2660,"featured_media":3024,"comment_status":"closed","ping_status":"open","sticky":false,"template":"","format":"standard","meta":{"footnotes":""},"categories":[17,39],"tags":[],"coauthors":[],"class_list":["post-3031","post","type-post","status-publish","format-standard","has-post-thumbnail","hentry","category-destaques","category-eventos-externos"],"_links":{"self":[{"href":"https:\/\/ppgecpan.ufms.br\/es\/wp-json\/wp\/v2\/posts\/3031","targetHints":{"allow":["GET"]}}],"collection":[{"href":"https:\/\/ppgecpan.ufms.br\/es\/wp-json\/wp\/v2\/posts"}],"about":[{"href":"https:\/\/ppgecpan.ufms.br\/es\/wp-json\/wp\/v2\/types\/post"}],"author":[{"embeddable":true,"href":"https:\/\/ppgecpan.ufms.br\/es\/wp-json\/wp\/v2\/users\/2660"}],"replies":[{"embeddable":true,"href":"https:\/\/ppgecpan.ufms.br\/es\/wp-json\/wp\/v2\/comments?post=3031"}],"version-history":[{"count":1,"href":"https:\/\/ppgecpan.ufms.br\/es\/wp-json\/wp\/v2\/posts\/3031\/revisions"}],"predecessor-version":[{"id":3032,"href":"https:\/\/ppgecpan.ufms.br\/es\/wp-json\/wp\/v2\/posts\/3031\/revisions\/3032"}],"wp:featuredmedia":[{"embeddable":true,"href":"https:\/\/ppgecpan.ufms.br\/es\/wp-json\/wp\/v2\/media\/3024"}],"wp:attachment":[{"href":"https:\/\/ppgecpan.ufms.br\/es\/wp-json\/wp\/v2\/media?parent=3031"}],"wp:term":[{"taxonomy":"category","embeddable":true,"href":"https:\/\/ppgecpan.ufms.br\/es\/wp-json\/wp\/v2\/categories?post=3031"},{"taxonomy":"post_tag","embeddable":true,"href":"https:\/\/ppgecpan.ufms.br\/es\/wp-json\/wp\/v2\/tags?post=3031"},{"taxonomy":"author","embeddable":true,"href":"https:\/\/ppgecpan.ufms.br\/es\/wp-json\/wp\/v2\/coauthors?post=3031"}],"curies":[{"name":"wp","href":"https:\/\/api.w.org\/{rel}","templated":true}]}}