{"id":3036,"date":"2017-12-18T19:47:46","date_gmt":"2017-12-18T23:47:46","guid":{"rendered":"https:\/\/ppgecpan.ufms.br\/?p=3036"},"modified":"2017-12-18T19:47:46","modified_gmt":"2017-12-18T23:47:46","slug":"ische-2018-berlim","status":"publish","type":"post","link":"https:\/\/ppgecpan.ufms.br\/es\/ische-2018-berlim\/","title":{"rendered":"ISCHE 2018 Berlim"},"content":{"rendered":"<p class=\"m_-6053724614662909721m_9106130780891405560m_-1599489906916602891m_5464927086192415660m_1714871676473321868gmail-MsoNormal\">Entre 29 de agosto e 1 de setembro de 2018, em Berlim, a 40\u00aa Confer\u00eancia da ISCHE &#8211;\u00a0<i>International Standing Conference for the History of Education<\/i>\u00a0&#8211;\u00a0 tema &#8220;Education and Nature&#8221;.<\/p>\n<p class=\"m_-6053724614662909721m_9106130780891405560m_-1599489906916602891m_5464927086192415660m_1714871676473321868gmail-MsoNormal\">V\u00e1rios\u00a0<i>Standing Working Groups<\/i>\u00a0da ISCHE promovem chamadas particulares dedicadas aos seus respetivos temas:<\/p>\n<p class=\"m_-6053724614662909721m_9106130780891405560m_-1599489906916602891m_5464927086192415660m_1714871676473321868gmail-MsoNormal\"><span lang=\"EN-US\">&#8211;\u00a0History of Laic Education &#8211;\u00a0<\/span><a href=\"http:\/\/www.ische.org\/laic-education-swg-cfp-ische-40\/\" target=\"_blank\" rel=\"noopener noreferrer\"><span lang=\"EN-US\">http:\/\/www.ische.org\/laic-education-swg-cfp-ische-40\/<\/span><\/a><\/p>\n<p class=\"m_-6053724614662909721m_9106130780891405560m_-1599489906916602891m_5464927086192415660m_1714871676473321868gmail-MsoNormal\"><span lang=\"EN-US\">&#8211;\u00a0Mapping the discipline History of Education &#8211;\u00a0<\/span><a title=\"http:\/\/www.ische.org\/mapping-the-discipline-cfp-ische-40\/\nCtrl+Clique ou toque para seguir a liga\u00e7\u00e3o\" href=\"http:\/\/www.ische.org\/mapping-the-discipline-cfp-ische-40\/\" target=\"_blank\" rel=\"noopener noreferrer\"><span lang=\"EN-US\">http:\/\/www.ische.org\/mapping-the-discipline-cfp-ische-40\/<\/span><\/a><\/p>\n<p class=\"m_-6053724614662909721m_9106130780891405560m_-1599489906916602891m_5464927086192415660m_1714871676473321868gmail-MsoNormal\"><span lang=\"EN-US\">&#8211;\u00a0Reforpro: Reformism (s), Progressivism (s), Conservatism (s) in education &#8211;\u00a0<\/span><a href=\"http:\/\/www.ische.org\/reforpro-swg-cfp-ische-40\/\" target=\"_blank\" rel=\"noopener noreferrer\"><span lang=\"EN-US\">http:\/\/www.ische.org\/reforpro-swg-cfp-ische-40\/<\/span><\/a><\/p>\n<p class=\"m_-6053724614662909721m_9106130780891405560m_-1599489906916602891m_5464927086192415660m_1714871676473321868gmail-MsoNormal\">Podem ver mais informa\u00e7\u00f5es sobre os grupos seguindo o link a seguir indicado:\u00a0<a href=\"http:\/\/www.ische.org\/about-ische\/standing-working-groups\/\" target=\"_blank\" rel=\"noopener noreferrer\">http:\/\/www.ische.org\/about-ische\/standing-working-groups\/<\/a><\/p>\n<p class=\"m_-6053724614662909721m_9106130780891405560m_-1599489906916602891m_5464927086192415660m_1714871676473321868gmail-MsoNormal\">O site da confer\u00eancia tem o seguinte endere\u00e7o:\u00a0<a href=\"http:\/\/conferences.ische.org\/ocs-2.3.6\/index.php\/2018\/2018\" target=\"_blank\" rel=\"noopener noreferrer\">http:\/\/conferences.ische.org\/ocs-2.3.6\/index.php\/2018\/2018<\/a><\/p>\n<p class=\"m_-6053724614662909721m_9106130780891405560m_-1599489906916602891m_5464927086192415660m_1714871676473321868gmail-MsoNormal\">Deixamos ainda aqui, para mais informa\u00e7\u00f5es, o endere\u00e7o do site geral da ISCHE:\u00a0<a href=\"http:\/\/www.ische.org\/\" target=\"_blank\" rel=\"noopener noreferrer\">http:\/\/www.ische.org\/<\/a><\/p>\n","protected":false},"excerpt":{"rendered":"<p>Entre 29 de agosto e 1 de setembro de 2018, em Berlim, a 40\u00aa Confer\u00eancia da ISCHE &#8211;\u00a0International Standing Conference for the History of Education\u00a0&#8211;\u00a0 tema &#8220;Education and Nature&#8221;. V\u00e1rios\u00a0Standing Working Groups\u00a0da ISCHE promovem chamadas particulares dedicadas aos seus respetivos temas: &#8211;\u00a0History of Laic Education &#8211;\u00a0http:\/\/www.ische.org\/laic-education-swg-cfp-ische-40\/ &#8211;\u00a0Mapping the discipline History of Education &#8211;\u00a0http:\/\/www.ische.org\/mapping-the-discipline-cfp-ische-40\/ &#8211;\u00a0Reforpro: Reformism [&hellip;]<\/p>\n","protected":false},"author":2660,"featured_media":3037,"comment_status":"closed","ping_status":"open","sticky":false,"template":"","format":"standard","meta":{"footnotes":""},"categories":[17,39],"tags":[],"coauthors":[],"class_list":["post-3036","post","type-post","status-publish","format-standard","has-post-thumbnail","hentry","category-destaques","category-eventos-externos"],"_links":{"self":[{"href":"https:\/\/ppgecpan.ufms.br\/es\/wp-json\/wp\/v2\/posts\/3036","targetHints":{"allow":["GET"]}}],"collection":[{"href":"https:\/\/ppgecpan.ufms.br\/es\/wp-json\/wp\/v2\/posts"}],"about":[{"href":"https:\/\/ppgecpan.ufms.br\/es\/wp-json\/wp\/v2\/types\/post"}],"author":[{"embeddable":true,"href":"https:\/\/ppgecpan.ufms.br\/es\/wp-json\/wp\/v2\/users\/2660"}],"replies":[{"embeddable":true,"href":"https:\/\/ppgecpan.ufms.br\/es\/wp-json\/wp\/v2\/comments?post=3036"}],"version-history":[{"count":1,"href":"https:\/\/ppgecpan.ufms.br\/es\/wp-json\/wp\/v2\/posts\/3036\/revisions"}],"predecessor-version":[{"id":3038,"href":"https:\/\/ppgecpan.ufms.br\/es\/wp-json\/wp\/v2\/posts\/3036\/revisions\/3038"}],"wp:featuredmedia":[{"embeddable":true,"href":"https:\/\/ppgecpan.ufms.br\/es\/wp-json\/wp\/v2\/media\/3037"}],"wp:attachment":[{"href":"https:\/\/ppgecpan.ufms.br\/es\/wp-json\/wp\/v2\/media?parent=3036"}],"wp:term":[{"taxonomy":"category","embeddable":true,"href":"https:\/\/ppgecpan.ufms.br\/es\/wp-json\/wp\/v2\/categories?post=3036"},{"taxonomy":"post_tag","embeddable":true,"href":"https:\/\/ppgecpan.ufms.br\/es\/wp-json\/wp\/v2\/tags?post=3036"},{"taxonomy":"author","embeddable":true,"href":"https:\/\/ppgecpan.ufms.br\/es\/wp-json\/wp\/v2\/coauthors?post=3036"}],"curies":[{"name":"wp","href":"https:\/\/api.w.org\/{rel}","templated":true}]}}