{"id":3073,"date":"2018-01-24T13:32:23","date_gmt":"2018-01-24T17:32:23","guid":{"rendered":"https:\/\/ppgecpan.ufms.br\/?p=3073"},"modified":"2018-01-24T13:32:23","modified_gmt":"2018-01-24T17:32:23","slug":"marcia-adriana-brasil-aguilar-violencia-domestica-e-uso-de-drogas-na-adolescencia-perspectiva-de-quem-vivenciou-essa-realidade-no-municipio-de-corumbams","status":"publish","type":"post","link":"https:\/\/ppgecpan.ufms.br\/es\/marcia-adriana-brasil-aguilar-violencia-domestica-e-uso-de-drogas-na-adolescencia-perspectiva-de-quem-vivenciou-essa-realidade-no-municipio-de-corumbams\/","title":{"rendered":"MARCIA ADRIANA BRASIL AGUILAR &#8211;   Viol\u00eancia dom\u00e9stica e uso de drogas na adolesc\u00eancia: perspectiva de quem vivenciou essa realidade no munic\u00edpio de Corumb\u00e1\/MS"},"content":{"rendered":"<p><strong>RESUMO\u00a0<\/strong><\/p>\n<p>A quest\u00e3o das drogas tem sido considerada uma epidemia que atinge principalmente aos adolescentes, devido \u00e0 fase de vulnerabilidade, podendo ser o problema intensificado, se associado \u00e0 viol\u00eancia dom\u00e9stica. A presente pesquisa tem por objetivo identificar se h\u00e1 rela\u00e7\u00f5es entre a viol\u00eancia dom\u00e9stica e o consumo de subst\u00e2ncias psicoativas pelos adolescentes, evidenciando como se deu o processo de educa\u00e7\u00e3o informal transmitida pela fam\u00edlia no contexto de viol\u00eancia. A abordagem te\u00f3rica fundamenta-se na perspectiva sociol\u00f3gica para analisar as diversas formas de viol\u00eancia e no vi\u00e9s psicanal\u00edtico para analisar a fase da adolesc\u00eancia. A pesquisa de campo, de natureza qualitativa, foi pautada em um estudo de cinco Casos do munic\u00edpio de Corumb\u00e1\/MS, sendo entrevistados cinco adolescentes que usavam drogas e vivenciaram situa\u00e7\u00f5es de viol\u00eancia dom\u00e9stica, bem como suas genitoras ou respons\u00e1veis que tamb\u00e9m vivenciaram situa\u00e7\u00f5es de viol\u00eancia. Os dados da pesquisa foram transcritos, organizados em seis categorias e analisados segundo a perspectiva de hist\u00f3rias de vida. Os resultados evidenciam que: os estilos parentais utilizados pelos casos apresentados s\u00e3o do tipo indulgente, com pouca exig\u00eancia e muita responsividade; o v\u00ednculo afetivo entre adolescentes e familiares passavam pelo processo de ruptura natural ao per\u00edodo da vida que vivenciavam, resultando em situa\u00e7\u00f5es de viol\u00eancia psicol\u00f3gica, levando os adolescentes a permanecer mais tempo fora de casa; as drogas n\u00e3o eram compreendidas pelos adolescentes como prejudicial, visto que os auxiliava a lidar com o estresse em \u00e2mbito dom\u00e9stico e promovia a socializa\u00e7\u00e3o em grupos que compartilham o mesmo drama. A educa\u00e7\u00e3o informal das fam\u00edlias contribuiu para transmiss\u00e3o de valores e h\u00e1bitos que n\u00e3o proporcionavam a constru\u00e7\u00e3o de habilidades sociais adaptativas. Conclui-se que o estilo parental e as viol\u00eancias vivenciadas na din\u00e2mica familiar podem ter influenciado no in\u00edcio do consumo de drogas por parte do adolescente, embora os mesmos e suas genitoras\/respons\u00e1veis n\u00e3o percebam essa rela\u00e7\u00e3o.<\/p>\n<p>&nbsp;<\/p>\n<p><strong>Palavras<\/strong>&#8211;<strong>chave<\/strong>: Viol\u00eancia dom\u00e9stica; Adolesc\u00eancia; Drogas; Educa\u00e7\u00e3o informal.<\/p>\n<ul>\n<li><strong><\/strong><a href=\"https:\/\/ppgecpan.ufms.br\/files\/2018\/01\/Vers\u00e3o-final-disserta\u00e7\u00e3o-AGUILAR-M\u00e1rcia.pdf\" target=\"_blank\" rel=\"noopener noreferrer\">DOWNLOAD<\/a><\/li>\n<\/ul>\n","protected":false},"excerpt":{"rendered":"<p>RESUMO\u00a0 A quest\u00e3o das drogas tem sido considerada uma epidemia que atinge principalmente aos adolescentes, devido \u00e0 fase de vulnerabilidade, podendo ser o problema intensificado, se associado \u00e0 viol\u00eancia dom\u00e9stica. A presente pesquisa tem por objetivo identificar se h\u00e1 rela\u00e7\u00f5es entre a viol\u00eancia dom\u00e9stica e o consumo de subst\u00e2ncias psicoativas pelos adolescentes, evidenciando como se [&hellip;]<\/p>\n","protected":false},"author":11787,"featured_media":1587,"comment_status":"closed","ping_status":"open","sticky":false,"template":"","format":"standard","meta":{"footnotes":""},"categories":[61],"tags":[],"coauthors":[],"class_list":["post-3073","post","type-post","status-publish","format-standard","has-post-thumbnail","hentry","category-61"],"_links":{"self":[{"href":"https:\/\/ppgecpan.ufms.br\/es\/wp-json\/wp\/v2\/posts\/3073","targetHints":{"allow":["GET"]}}],"collection":[{"href":"https:\/\/ppgecpan.ufms.br\/es\/wp-json\/wp\/v2\/posts"}],"about":[{"href":"https:\/\/ppgecpan.ufms.br\/es\/wp-json\/wp\/v2\/types\/post"}],"author":[{"embeddable":true,"href":"https:\/\/ppgecpan.ufms.br\/es\/wp-json\/wp\/v2\/users\/11787"}],"replies":[{"embeddable":true,"href":"https:\/\/ppgecpan.ufms.br\/es\/wp-json\/wp\/v2\/comments?post=3073"}],"version-history":[{"count":1,"href":"https:\/\/ppgecpan.ufms.br\/es\/wp-json\/wp\/v2\/posts\/3073\/revisions"}],"predecessor-version":[{"id":3075,"href":"https:\/\/ppgecpan.ufms.br\/es\/wp-json\/wp\/v2\/posts\/3073\/revisions\/3075"}],"wp:featuredmedia":[{"embeddable":true,"href":"https:\/\/ppgecpan.ufms.br\/es\/wp-json\/wp\/v2\/media\/1587"}],"wp:attachment":[{"href":"https:\/\/ppgecpan.ufms.br\/es\/wp-json\/wp\/v2\/media?parent=3073"}],"wp:term":[{"taxonomy":"category","embeddable":true,"href":"https:\/\/ppgecpan.ufms.br\/es\/wp-json\/wp\/v2\/categories?post=3073"},{"taxonomy":"post_tag","embeddable":true,"href":"https:\/\/ppgecpan.ufms.br\/es\/wp-json\/wp\/v2\/tags?post=3073"},{"taxonomy":"author","embeddable":true,"href":"https:\/\/ppgecpan.ufms.br\/es\/wp-json\/wp\/v2\/coauthors?post=3073"}],"curies":[{"name":"wp","href":"https:\/\/api.w.org\/{rel}","templated":true}]}}