{"id":3077,"date":"2018-01-29T08:47:26","date_gmt":"2018-01-29T12:47:26","guid":{"rendered":"https:\/\/ppgecpan.ufms.br\/?p=3077"},"modified":"2018-01-29T08:50:04","modified_gmt":"2018-01-29T12:50:04","slug":"convocatoria-para-o-congresso-ibero-americano-em-lleidabarcelona","status":"publish","type":"post","link":"https:\/\/ppgecpan.ufms.br\/es\/convocatoria-para-o-congresso-ibero-americano-em-lleidabarcelona\/","title":{"rendered":"Convocat\u00f3ria para o Congresso Ibero Americano em LLeida\/Barcelona"},"content":{"rendered":"<p><strong>CONCOCAT\u00d3RIA<\/strong><\/p>\n<p><strong>VI Congresso Ibero-Americano<\/strong><\/p>\n<p><strong>IX Congresso Luso-Brasileiro de Pol\u00edtica e Administra\u00e7\u00e3o da Educa\u00e7\u00e3o (Local: Lleida \/ Espanha)<\/strong><\/p>\n<p style=\"font-weight: 400\"><strong>\u00a0<\/strong><\/p>\n<p style=\"font-weight: 400\">Temos grande prazer de convid\u00e1-lo a submeter artigo de investiga\u00e7\u00e3o no\u00a0<strong>VI Congresso Ibero-Americano \/ IX Congresso Luso-Brasileiro de Pol\u00edtica e Administra\u00e7\u00e3o da Educa\u00e7\u00e3o.\u00a0<\/strong>O Congresso ser\u00e1 promovido, em regime de coparticipa\u00e7\u00e3o, pela ANPAE e F\u00f3runs de Administra\u00e7\u00e3o de Portugal e Espanha (FPAE e FEAE).\u00a0O Congresso ser\u00e1 realizado nos dias\u00a0<strong>30 e 31 de maio e 1\u00ba de junho de 2018 em Lleida\/Espanha.\u00a0<\/strong>Nos\u00a0<strong>dias 28 e 29 de maio de 2018<\/strong>\u00a0haver\u00e1 atua\u00e7\u00f5es pr\u00e9-congressuais, com reuni\u00f5es de pesquisa e interc\u00e2mbios de investiga\u00e7\u00f5es, bem como mesas e palestras de tem\u00e1ticas de interesse. Nos dias\u00a0<strong>2 e 3 de Junho de 2018<\/strong>\u00a0haver\u00e1 uma programa\u00e7\u00e3o optativa com visitas t\u00e9cnicas e culturais a Lleida e Barcelona (Espanha).<\/p>\n<p style=\"font-weight: 400\">O\u00a0<strong>tema<\/strong>\u00a0ser\u00e1: &#8220;<strong>Pol\u00edtica e Gest\u00e3o da Educa\u00e7\u00e3o Ibero-Americano: tend\u00eancias e desafios<\/strong>\u201d. O Congresso conta com seis\u00a0<strong>eixos tem\u00e1ticos<\/strong>:\u00a0Pol\u00edtica e gest\u00e3o da educa\u00e7\u00e3o b\u00e1sica e p\u00f3s-obrigat\u00f3ria; Pol\u00edtica e gest\u00e3o da educa\u00e7\u00e3o superior; Pol\u00edticas e pr\u00e1ticas de forma\u00e7\u00e3o dos docentes e dirigentes escolares; Pol\u00edticas e pr\u00e1ticas de planejamento, financiamento e avalia\u00e7\u00e3o da educa\u00e7\u00e3o; Gest\u00e3o pedag\u00f3gica, organiza\u00e7\u00e3o curricular e qualidade da educa\u00e7\u00e3o; Educa\u00e7\u00e3o e direitos humanos, diversidade cultural e inclus\u00e3o social.<\/p>\n<p>A ANPAE convida a todos para participarem deste importante Congresso!\u00a0<strong><u>As inscri\u00e7\u00f5es est\u00e3o abertas at\u00e9 15\/02\/2017<\/u><\/strong><\/p>\n<p>Acesse o site:\u00a0<a href=\"http:\/\/anpae11.mktnaweb.com\/registra_clique.php?id=H%7C834829%7C249896%7C2087&amp;url=http%3A%2F%2Fwww.anpae.org.br%2FIBERO2018%2Findex.html\" target=\"_blank\" rel=\"noopener noreferrer\">http:\/\/www.anpae.org.br\/IBERO2018\/index.html<\/a>.<\/p>\n<p><strong><u>INSCRI\u00c7\u00d5ES DE TRABALHOS<\/u><\/strong><strong>:<\/strong><\/p>\n<p><strong>15\/02\/2018 \u2013 Fim do prazo de inscri\u00e7\u00e3o das comunica\u00e7\u00f5es orais (trabalhos).<\/strong><\/p>\n<p><strong>15\/02\/2018 \u2013 Fim do prazo de inscri\u00e7\u00f5es ao Congresso.\u00a0\u00a0<\/strong><strong>N\u00c3O HAVER\u00c1 PRORROGA\u00c7\u00c3O!<\/strong><\/p>\n<p style=\"font-weight: 400\">As\u00a0<strong>INSCRI\u00c7\u00d5ES<\/strong>\u00a0no Congresso est\u00e3o limitadas em 450 para participantes brasileiros, inscritos via ANPAE.<\/p>\n<p style=\"font-weight: 400\">O\u00a0<strong>pagamento das anuidades e inscri\u00e7\u00f5es no Congresso<\/strong>\u00a0est\u00e1 sendo feito via novo sistema Anpae:\u00a0<strong>PagSeguro<\/strong>.<\/p>\n<p style=\"font-weight: 400\">O valor para ASSOCIADOS DA ANPAE quites com sua contribui\u00e7\u00e3o anual 2018 \u00e9 de:\u00a0<strong>R$ 400,00.<\/strong><\/p>\n<p style=\"font-weight: 400\">O valor para participantes N\u00c3O ASSOCIADOS \u00c0 ANPAE ou que n\u00e3o tenham quitado a anuidade \u00e9 de:\u00a0<strong>R$ 650,00<\/strong>.<\/p>\n<p style=\"font-weight: 400\">A\u00a0<strong>submiss\u00e3o e avalia\u00e7\u00e3o dos trabalhos<\/strong>\u00a0(Resumos Ampliados) est\u00e1 ocorrendo por meio de sistema pr\u00f3prio da Anpae (totalmente online).<\/p>\n<p>\u00a0\u00a0\u00a0\u00a0\u00a0\u00a0\u00a0\u00a0\u00a0\u00a0\u00a0\u00a0\u00a0\u00a0\u00a0\u00a0<strong>Acesse mais dados do Congresso<\/strong>:<\/p>\n<p><strong>Veja dados importantes sobre Hotelaria e Traslados<\/strong>:<\/p>\n<p><a href=\"http:\/\/anpae11.mktnaweb.com\/registra_clique.php?id=H%7C834830%7C249896%7C2087&amp;url=http%3A%2F%2Fwww.anpae.org.br%2FIBERO2018%2Fhotelaria.html\" target=\"_blank\" rel=\"noopener noreferrer\">http:\/\/www.anpae.org.br\/IBERO2018\/hotelaria.html<\/a><\/p>\n<p><strong>Comit\u00ea Cient\u00edfico<\/strong>:\u00a0<a href=\"http:\/\/anpae11.mktnaweb.com\/registra_clique.php?id=H%7C834831%7C249896%7C2087&amp;url=http%3A%2F%2Fwww.anpae.org.br%2FIBERO2018%2Fcomite.html\" target=\"_blank\" rel=\"noopener noreferrer\">http:\/\/www.anpae.org.br\/IBERO2018\/comite.html<\/a><\/p>\n<p><strong>Para se Inscrever no Congresso:<\/strong><\/p>\n<ol>\n<li>a)Acesse o\u00a0<strong>site do Congresso<\/strong>:\u00a0<a href=\"http:\/\/anpae11.mktnaweb.com\/registra_clique.php?id=H%7C834829%7C249896%7C2087&amp;url=http%3A%2F%2Fwww.anpae.org.br%2FIBERO2018%2Findex.html\" target=\"_blank\" rel=\"noopener noreferrer\">http:\/\/www.anpae.org.br\/IBERO2018\/index.html<\/a><\/li>\n<li>b)Clique em\u00a0<strong>Inscri\u00e7\u00e3o<\/strong>. Clique em\u00a0<strong>Inscreva-se<\/strong><\/li>\n<li>c)Na p\u00e1gina do sistema da anpae,\u00a0<strong>insira login: n\u00baCPF + Senha: n\u00baCPF<\/strong>. Em seguida: Redefina sua senha. Caso n\u00e3o consiga acessar, fa\u00e7a novo cadastro<\/li>\n<li>d)Ao entrar no sistema, voc\u00ea visualizara os pr\u00f3ximos eventos. Para o ibero clique em\u00a0<strong>Informa\u00e7\u00f5es\/Inscri\u00e7\u00f5es<\/strong><\/li>\n<li>e)Na parte superior da p\u00e1gina, em Inicio do Evento, clicar em\u00a0<strong>Inscreva-se<\/strong>\u00a0e selecione a forma de pagamento:\u00a0<strong>Cart\u00e3o<\/strong>\u00a0ou\u00a0Efetue seu pagamento.<\/li>\n<\/ol>\n<p><strong>Para submeter trabalho no Congresso:<\/strong><\/p>\n<ol>\n<li>a)Em at\u00e9 24 horas a\u00a0<strong>PagSeguro<\/strong>\u00a0confirmar\u00e1 seu pagamento e o sistema estar\u00e1 aberto para a submiss\u00e3o do seu trabalho (caso v\u00e1 submeter trabalho no Congresso).<\/li>\n<li>b)Clique em\u00a0<strong>Informa\u00e7\u00f5es\/Inscri\u00e7\u00f5es<\/strong><\/li>\n<li>c)No final da p\u00e1gina, clique em\u00a0<strong>Submeter trabalho<\/strong>. Voc\u00ea acessar\u00e1o\u00a0<strong>Formul\u00e1rio<\/strong>.\u00a0 Preencha e\u00a0<strong>Anexe o Arquivo<\/strong>com seu trabalho (<strong>resumo ampliado<\/strong>). Depois, basta enviar.<\/li>\n<li>d)Voc\u00ea receber\u00e1um Email de confirma\u00e7\u00e3o.<\/li>\n<\/ol>\n<p><strong><u>INSTRU\u00c7\u00d5ES PARA PAGAMENTO DA ANUIDADE ANPAE 2018<\/u><\/strong><\/p>\n<p>1) Entre no\u00a0<strong>site da Anpae<\/strong>\u00a0(<a href=\"http:\/\/www.anpae.org.br\/website\/\" target=\"_blank\" rel=\"noopener noreferrer\">http:\/\/www.anpae.org.br\/website\/<\/a>)<\/p>\n<p>2) Clicar em\u00a0<strong>Filia\u00e7\u00e3o<\/strong>\u00a0ou\u00a0<strong>Recadastramento de boleto banc\u00e1rio<\/strong><\/p>\n<p>3)\u00a0<strong>Fa\u00e7a seu login (CPF e Senha)<\/strong>,\u00a0<strong>caso seja Cadastrado. Se n\u00e3o for, fa\u00e7a seu Cadastro<\/strong><\/p>\n<p>4) Entreno\u00a0<strong>seu Espa\u00e7o<\/strong>\u00a0e clique no\u00a0<strong>pagamento da sua anuidade<\/strong>. Voc\u00ea poder\u00e1 escolher pagar via Cart\u00e3o ou Boleto por meio do Sistema PagSeguro.<\/p>\n<p><strong><u>Endere\u00e7o da presid\u00eancia e secretaria<\/u><\/strong><strong>\u00a0da Anpae:<\/strong><br \/>\nAnpae \/Faculdade de Educa\u00e7\u00e3o da UFG, Rua 235, s\/n. &#8211; Setor Universit\u00e1rio CEP: 74605-050, Goi\u00e2nia, GO, Fone: (62) 32096220<\/p>\n<p><strong>Email<\/strong>:\u00a0<a href=\"mailto:ibero2018@anpae.org.br\">ibero2018@anpae.org.br<\/a>\u00a0<strong>Site<\/strong>:\u00a0<a href=\"http:\/\/anpae11.mktnaweb.com\/registra_clique.php?id=H%7C834829%7C249896%7C2087&amp;url=http%3A%2F%2Fwww.anpae.org.br%2FIBERO2018%2Findex.html\" target=\"_blank\" rel=\"noopener noreferrer\">http:\/\/www.anpae.org.br\/IBERO2018\/index.html<\/a><\/p>\n<p><strong><u>Endere\u00e7o nacional<\/u><\/strong><strong>:<\/strong><\/p>\n<p>Campus da Universidade Nacional de Bras\u00edlia &#8211; UNB, s\/n Faculdade de Educa\u00e7\u00e3o \u2013 Asa Norte \u2013 Bras\u00edlia \u2013 DF<\/p>\n<p><strong>Email:<\/strong><a href=\"mailto:anpae@anpae.org.br\">anpae@anpae.org.br<\/a><strong>\u00a0Site:\u00a0<\/strong><a href=\"http:\/\/anpae11.mktnaweb.com\/registra_clique.php?id=H%7C834828%7C249896%7C2087&amp;url=http%3A%2F%2Fwww.anpae.org.br%2F\" target=\"_blank\" rel=\"noopener noreferrer\">http:\/\/www.anpae.org.br\/<\/a><\/p>\n","protected":false},"excerpt":{"rendered":"<p>CONCOCAT\u00d3RIA VI Congresso Ibero-Americano IX Congresso Luso-Brasileiro de Pol\u00edtica e Administra\u00e7\u00e3o da Educa\u00e7\u00e3o (Local: Lleida \/ Espanha) \u00a0 Temos grande prazer de convid\u00e1-lo a submeter artigo de investiga\u00e7\u00e3o no\u00a0VI Congresso Ibero-Americano \/ IX Congresso Luso-Brasileiro de Pol\u00edtica e Administra\u00e7\u00e3o da Educa\u00e7\u00e3o.\u00a0O Congresso ser\u00e1 promovido, em regime de coparticipa\u00e7\u00e3o, pela ANPAE e F\u00f3runs de Administra\u00e7\u00e3o de [&hellip;]<\/p>\n","protected":false},"author":2660,"featured_media":2189,"comment_status":"closed","ping_status":"open","sticky":false,"template":"","format":"standard","meta":{"footnotes":""},"categories":[37,17],"tags":[],"coauthors":[],"class_list":["post-3077","post","type-post","status-publish","format-standard","has-post-thumbnail","hentry","category-calls-for-publication","category-destaques"],"_links":{"self":[{"href":"https:\/\/ppgecpan.ufms.br\/es\/wp-json\/wp\/v2\/posts\/3077","targetHints":{"allow":["GET"]}}],"collection":[{"href":"https:\/\/ppgecpan.ufms.br\/es\/wp-json\/wp\/v2\/posts"}],"about":[{"href":"https:\/\/ppgecpan.ufms.br\/es\/wp-json\/wp\/v2\/types\/post"}],"author":[{"embeddable":true,"href":"https:\/\/ppgecpan.ufms.br\/es\/wp-json\/wp\/v2\/users\/2660"}],"replies":[{"embeddable":true,"href":"https:\/\/ppgecpan.ufms.br\/es\/wp-json\/wp\/v2\/comments?post=3077"}],"version-history":[{"count":3,"href":"https:\/\/ppgecpan.ufms.br\/es\/wp-json\/wp\/v2\/posts\/3077\/revisions"}],"predecessor-version":[{"id":3080,"href":"https:\/\/ppgecpan.ufms.br\/es\/wp-json\/wp\/v2\/posts\/3077\/revisions\/3080"}],"wp:featuredmedia":[{"embeddable":true,"href":"https:\/\/ppgecpan.ufms.br\/es\/wp-json\/wp\/v2\/media\/2189"}],"wp:attachment":[{"href":"https:\/\/ppgecpan.ufms.br\/es\/wp-json\/wp\/v2\/media?parent=3077"}],"wp:term":[{"taxonomy":"category","embeddable":true,"href":"https:\/\/ppgecpan.ufms.br\/es\/wp-json\/wp\/v2\/categories?post=3077"},{"taxonomy":"post_tag","embeddable":true,"href":"https:\/\/ppgecpan.ufms.br\/es\/wp-json\/wp\/v2\/tags?post=3077"},{"taxonomy":"author","embeddable":true,"href":"https:\/\/ppgecpan.ufms.br\/es\/wp-json\/wp\/v2\/coauthors?post=3077"}],"curies":[{"name":"wp","href":"https:\/\/api.w.org\/{rel}","templated":true}]}}