{"id":3118,"date":"2018-03-06T16:42:31","date_gmt":"2018-03-06T20:42:31","guid":{"rendered":"https:\/\/ppgecpan.ufms.br\/?p=3118"},"modified":"2018-03-06T16:42:31","modified_gmt":"2018-03-06T20:42:31","slug":"selecao-de-alunos-especiais-2018-1-lista-de-candidatos-com-inscricao-deferida","status":"publish","type":"post","link":"https:\/\/ppgecpan.ufms.br\/es\/selecao-de-alunos-especiais-2018-1-lista-de-candidatos-com-inscricao-deferida\/","title":{"rendered":"Sele\u00e7\u00e3o de Alunos Especiais 2018.1: Lista de candidatos com inscri\u00e7\u00e3o deferida"},"content":{"rendered":"<p><strong>Sele\u00e7\u00e3o de Alunos Especiais 2018.1<\/strong><\/p>\n<p><strong>Lista de candidatos com inscri\u00e7\u00e3o deferida<\/strong><\/p>\n<p>&nbsp;<\/p>\n<p><strong>ATEN\u00c7\u00c3O: A DATA DA MATR\u00cdCULA SER\u00c1 S\u00d3 NOS DIA 08 E 09 DE MAR\u00c7O DE 2018, DAS 07H30 \u00c0S 11H E DAS 13H30 \u00c0S 17H.<\/strong><\/p>\n<p><strong>\u00a0<\/strong><\/p>\n<p><strong>DOCUMENTOS PARA MATR\u00cdCULA:<\/strong><\/p>\n<p>Os candidatos que tiveram sua inscri\u00e7\u00e3o deferida dever\u00e3o comparecer na secretaria do PPGE (Rua Domingos Sahib,99, Bairro Cervejaria, em frente ao Centro de Conven\u00e7\u00f5es), na data acima mencionada para efetuar a matr\u00edcula com:<\/p>\n<p>&#8211; Requerimento de Matr\u00edcula dispon\u00edvel em: www.ppgecpan.ufms.br\/formularios\/ (Formul\u00e1rio n\u00b004);<\/p>\n<p>&#8211; Documentos originais e c\u00f3pias ou somente c\u00f3pias autenticadas de:<\/p>\n<p>&#8211; Certid\u00e3o de Nascimento ou Casamento;<\/p>\n<p>&#8211; C\u00e9dula de Identidade, Carteira de Identidade ou Documento de Identidade oficial;<\/p>\n<p>&#8211; CPF;<\/p>\n<p>&#8211; T\u00edtulo de Eleitor, dispensado no caso de estrangeiros;<\/p>\n<p>&#8211; Certificado de Conclus\u00e3o de Gradua\u00e7\u00e3o ou Diploma, no caso de estrangeiros o diploma dever\u00e1 ser revalidado ou expedido por institui\u00e7\u00e3o estrangeira e devidamente autenticado na reparti\u00e7\u00e3o consular brasileira no pa\u00eds de origem do estrangeiro;<\/p>\n<p>&#8211; Comprovante de quita\u00e7\u00e3o com o Servi\u00e7o Militar (homens), dispensado no caso de estrangeiro.<\/p>\n<p><strong>\u00a0<\/strong><\/p>\n<p><strong>Disciplina: Educa\u00e7\u00e3o e Direitos Humanos &#8211; 60h &#8211; Prof.\u00aa Dr.\u00aa Cl\u00e1udia Ara\u00fajo de Lima &#8211; Das 08h \u00e0s 12h e das 14h \u00e0s 18h, no dias 18\/05, 25\/05, 01\/06, 08\/06, 15\/06, 22\/06 e 29\/06;<\/strong><\/p>\n<p>ADRIANA BISPO OPIMI DE MORAES<\/p>\n<p>ANDREIA CRISTINA CAMPOS DE MORAES<\/p>\n<p>ANDREZA BATISTA DE ARA\u00daJO SEVERIANO<\/p>\n<p>BEATRIZ ROS\u00c1LIA RIBEIRO CAVASSA DE OLIVEIRA,<\/p>\n<p>CHARYZE DE HOLANDA VIEIRA<\/p>\n<p>CRISTIANE FERREIRA VERLAINE DE OLIVEIRA<\/p>\n<p>D\u00c9BORA SODR\u00c9 GON\u00c7ALVES CARNEIRO<\/p>\n<p>JAQUELINE RICARDE VITAL ALMEIDA<\/p>\n<p>KALINNY QUEIROZ DE MOURA VALC\u00c1CIO<\/p>\n<p>LAWRENCE MATHEUS DE SOUZA LEITE<\/p>\n<p>MARCELA MARIA MARQUES<\/p>\n<p>MAYARA DA SILVA PORF\u00cdRIO<\/p>\n<p>NICOLE CLARO MOREIRA<\/p>\n<p>SHELMA GRA\u00c7A REGINA DE OLIVEIRA ZALESKI<\/p>\n<p>WALDRIELY GOMES DA COSTA<\/p>\n<p>WANIA ALECRIM DE LIMA<\/p>\n<p>YASMIN ESPINOSA GRA\u00c7AS<\/p>\n<p>&nbsp;<\/p>\n<p><strong>Disciplina: Forma\u00e7\u00e3o, identidade e profissionaliza\u00e7\u00e3o docente &#8211; 60h &#8211; Prof.\u00aa Dr.\u00aa S\u00edlvia Adriana Rodrigues &#8211; \u00c0s ter\u00e7as feiras, das 18h30 \u00e0s 22h30;<\/strong><\/p>\n<p>ANDR\u00c9A DUARTE DE OLIVEIRA<\/p>\n<p>BENEDITO GL\u00caDSON MUNIZ LUSTOZA<\/p>\n<p>CLEYTON PICOLOMINI METRAN<\/p>\n<p>CRISTIANE BRITO BOTELHO PEIXOTO.<\/p>\n<p>EDMARA APARECIDA DA SILVA AYALA<\/p>\n<p>ELENIR CATARINA FERREIRA BRANDAO<\/p>\n<p>ELIANE RITA ROSA DA SILVA<\/p>\n<p>GILMAR DE LIMA GALV\u00c3O<\/p>\n<p>JOAMIR DO NASCIMENTO SILVA<\/p>\n<p>JORSILAYNE MALHEIROS MAGALHAES<\/p>\n<p>LEANDRO DUARTE DUTRA<\/p>\n<p>MARIA ELISA PEREIRA DA SILVA<\/p>\n<p>MAURENIL ROSA DA SILVA COLINO<\/p>\n<p>PATRICIA COSTA DA SILVA<\/p>\n<p>SIMONE DO VALLE LEONE PEINADO<\/p>\n<p>TACIANA AMARILIO DOS SANTOS<\/p>\n<p>TIAGO MARTINS DE MELO<\/p>\n<p><strong>Disciplina: Organiza\u00e7\u00e3o do Trabalho pedag\u00f3gico na Educa\u00e7\u00e3o da inf\u00e2ncia: A Crian\u00e7a, sua inf\u00e2ncia e a cultura escrita \u2013 60h &#8211; Prof.\u00aa Dr.\u00aa Regina Aparecida Marques de Souza;<\/strong><\/p>\n<p>ALINE PIRES COSTA<\/p>\n<p>ANA GIZA DE SANT ANNA VARGAS<\/p>\n<p>ANA ZILDA RODRIGUES DE SOUZA<\/p>\n<p>ANG\u00c9LICA CRISTINA AZAMBUJA<\/p>\n<p>DANIELLE SANT&#8217;ANNA DE SOUZA<\/p>\n<p>ELISA DE F\u00c1TIMA NASCIMENTO JATOB\u00c1<\/p>\n<p>FRANCISCA ALVES DA SILVA STEFANELLI<\/p>\n<p>GERUZA SOARES DE SOUZA PAPA RODRIGUES<\/p>\n<p>HELLEN RUFINO MARTINS<\/p>\n<p>IVA SEVERINA DA SILVA GOMES<\/p>\n<p>JESSIKA ALVARENGA LIMA<\/p>\n<p>JOSLEIDIR VIANA DE SOUZA CARRATO<\/p>\n<p>LENE CRISTINA SALLES DA CRUZ<\/p>\n<p>LUIZA ANEZIA GUEDES REGUFE LOPES<\/p>\n<p>LUZANIRA DE DEUS PEREIRA DA SILVA<\/p>\n<p>M\u00c0RCIA GUIMAR\u00c3ES DA SILVA<\/p>\n<p>MARTA MARIA CALDEIRA PADILHA<\/p>\n<p>MIRIAN BASTOS DE OLIVEIRA DA CRUZ<\/p>\n<p>NAIR TEREZINHA GONZAGA ROSA DE OLIVEIRA<\/p>\n<p>PATRICIA ASSAD CHUVE<\/p>\n<p>RICARDO HENRIQUE DE SOUZA<\/p>\n<p>ROSENILDA CARDOSO DA SILVA<\/p>\n<p>ROSIMARY ALVES DE SOUZA GARCIA<\/p>\n<p>SANDRA CASTRO<\/p>\n<p>SANDRA IN\u00caS OLIVEIRA DIAS<\/p>\n<p>SANDRA SILVA ZABALA<\/p>\n<p>SARA PATR\u00cdCIA FIGUEIREDO GOMES DE OLIVEIRA<\/p>\n<p>TAMMI FL\u00c1VIE PERES BORGES<\/p>\n<p>TARISSA MARQUES RODRIGUES DOS SANTOS<\/p>\n<p><strong>Disciplina: Subjetividade, sa\u00fade mental e trabalho na educa\u00e7\u00e3o &#8211; 60h &#8211; Prof.\u00aa Dr.\u00aa Vanessa Catherina Neumann Figueiredo \u2013 \u00c0s ter\u00e7as e quintas feiras, das 18h \u00e0s 22h;<\/strong><\/p>\n<p>ANDREZA SUM\u00c1RA GOMES DOS SANTOS<\/p>\n<p>ANNIE VERLAINE ALMEIDA THIAGO DA SILVA FERNANDES<\/p>\n<p>CANDIDA WILMA FONSECA REZENDE LUCENA DOS SANTOS<\/p>\n<p>CHRISTIANE MELGAR SALVATIERRA SAMOZA<\/p>\n<p>L\u00c9LIA GOMES DA CRUZ<\/p>\n<p>VIVIANE MARINHO DA SILVA<\/p>\n<p>ZENAIDE VALERIA LEITE OLARTE<\/p>\n<p>&nbsp;<\/p>\n<p><strong>Disciplina: Teoria Cr\u00edtica e Educa\u00e7\u00e3o Social &#8211; 60h &#8211; Prof.\u00aa Dr.\u00aa Isabella Fernanda Ferreira &#8211; \u00c0s quartas feiras, das 18h30 \u00e0s 22h30;<\/strong><\/p>\n<p>&nbsp;<\/p>\n<p>BRUNO APARECIDO DA SILVA<\/p>\n<p>IANNA LOUISE ARA\u00daJO CHAGAS<\/p>\n<p>LUIZ AUGUSTO DOS SANTOS RICCO<\/p>\n<p>PEDRO ALFONSO LOSANE<\/p>\n<p>SANDRA LAURA DE CAMPOS SANTIAGO GARC\u00cdA<\/p>\n<p>&nbsp;<\/p>\n<p>&nbsp;<\/p>\n<p>Em caso de d\u00favidas, entrar em contato com a Secretaria.<\/p>\n<p>Telf.: (67) 3234-6214 ou (67) 3234-6212.<\/p>\n<p>Email:\u00a0<a href=\"mailto:ppge.cpan@ufms.br\">ppge.cpan@ufms.br<\/a><\/p>\n<p>&nbsp;<\/p>\n","protected":false},"excerpt":{"rendered":"<p>Sele\u00e7\u00e3o de Alunos Especiais 2018.1 Lista de candidatos com inscri\u00e7\u00e3o deferida &nbsp; ATEN\u00c7\u00c3O: A DATA DA MATR\u00cdCULA SER\u00c1 S\u00d3 NOS DIA 08 E 09 DE MAR\u00c7O DE 2018, DAS 07H30 \u00c0S 11H E DAS 13H30 \u00c0S 17H. \u00a0 DOCUMENTOS PARA MATR\u00cdCULA: Os candidatos que tiveram sua inscri\u00e7\u00e3o deferida dever\u00e3o comparecer na secretaria do PPGE (Rua [&hellip;]<\/p>\n","protected":false},"author":11787,"featured_media":2094,"comment_status":"closed","ping_status":"open","sticky":false,"template":"","format":"standard","meta":{"footnotes":""},"categories":[17,1],"tags":[],"coauthors":[],"class_list":["post-3118","post","type-post","status-publish","format-standard","has-post-thumbnail","hentry","category-destaques","category-noticias"],"_links":{"self":[{"href":"https:\/\/ppgecpan.ufms.br\/es\/wp-json\/wp\/v2\/posts\/3118","targetHints":{"allow":["GET"]}}],"collection":[{"href":"https:\/\/ppgecpan.ufms.br\/es\/wp-json\/wp\/v2\/posts"}],"about":[{"href":"https:\/\/ppgecpan.ufms.br\/es\/wp-json\/wp\/v2\/types\/post"}],"author":[{"embeddable":true,"href":"https:\/\/ppgecpan.ufms.br\/es\/wp-json\/wp\/v2\/users\/11787"}],"replies":[{"embeddable":true,"href":"https:\/\/ppgecpan.ufms.br\/es\/wp-json\/wp\/v2\/comments?post=3118"}],"version-history":[{"count":1,"href":"https:\/\/ppgecpan.ufms.br\/es\/wp-json\/wp\/v2\/posts\/3118\/revisions"}],"predecessor-version":[{"id":3119,"href":"https:\/\/ppgecpan.ufms.br\/es\/wp-json\/wp\/v2\/posts\/3118\/revisions\/3119"}],"wp:featuredmedia":[{"embeddable":true,"href":"https:\/\/ppgecpan.ufms.br\/es\/wp-json\/wp\/v2\/media\/2094"}],"wp:attachment":[{"href":"https:\/\/ppgecpan.ufms.br\/es\/wp-json\/wp\/v2\/media?parent=3118"}],"wp:term":[{"taxonomy":"category","embeddable":true,"href":"https:\/\/ppgecpan.ufms.br\/es\/wp-json\/wp\/v2\/categories?post=3118"},{"taxonomy":"post_tag","embeddable":true,"href":"https:\/\/ppgecpan.ufms.br\/es\/wp-json\/wp\/v2\/tags?post=3118"},{"taxonomy":"author","embeddable":true,"href":"https:\/\/ppgecpan.ufms.br\/es\/wp-json\/wp\/v2\/coauthors?post=3118"}],"curies":[{"name":"wp","href":"https:\/\/api.w.org\/{rel}","templated":true}]}}