{"id":3124,"date":"2018-03-22T09:40:44","date_gmt":"2018-03-22T13:40:44","guid":{"rendered":"https:\/\/ppgecpan.ufms.br\/?p=3124"},"modified":"2018-03-22T09:40:44","modified_gmt":"2018-03-22T13:40:44","slug":"seminario-pessoas-com-deficiencia-rupturas-do-capacitismo-e-despatologizacao-de-identidades","status":"publish","type":"post","link":"https:\/\/ppgecpan.ufms.br\/es\/seminario-pessoas-com-deficiencia-rupturas-do-capacitismo-e-despatologizacao-de-identidades\/","title":{"rendered":"Semin\u00e1rio\u00a0Pessoas com defici\u00eancia: rupturas do capacitismo e despatologiza\u00e7\u00e3o de identidades"},"content":{"rendered":"<p style=\"font-weight: 400\">Data: 16 e 17 de maio de 2018<\/p>\n<p style=\"font-weight: 400\">Local: Faculdade de Educa\u00e7\u00e3o USP (<a href=\"https:\/\/maps.google.com\/?q=Av.+da+Universidade,+308&amp;entry=gmail&amp;source=g\">Av. da Universidade, 308<\/a>, Cidade Universit\u00e1ria. S\u00e3o Paulo\/SP)<\/p>\n<p style=\"font-weight: 400\">Clique para\u00a0<a href=\"https:\/\/goo.gl\/xN6yhC\" target=\"_blank\" rel=\"noopener noreferrer\">Inscri\u00e7\u00f5es e instru\u00e7\u00f5es para submiss\u00e3o de trabalhos<\/a><\/p>\n<p style=\"font-weight: 400\">Acompanhe pelo\u00a0<a href=\"https:\/\/goo.gl\/PXDFkQ\" target=\"_blank\" rel=\"noopener noreferrer\">facebook\u00a0<\/a>.<\/p>\n<p>&nbsp;<\/p>\n<p><u>Objetivo Geral<\/u><\/p>\n<p>Debater amplamente a efetiva\u00e7\u00e3o dos direitos das pessoas com defici\u00eancia, a partir das pol\u00edticas p\u00fablicas e o ativismo de pessoas com defici\u00eancia, considerando principalmente, as contribui\u00e7\u00f5es da Psicologia, como ci\u00eancia e profiss\u00e3o.<\/p>\n<p><u>Objetivos Espec\u00edficos<\/u><\/p>\n<p>Promover a discuss\u00e3o interdisciplinar e multiprofissional sobre as barreiras atualmente vividas pela popula\u00e7\u00e3o com defici\u00eancia, bem como compartilhar as experi\u00eancias de enfrentamento;<\/p>\n<p>Ampliar a visibilidade do tema junto a psic\u00f3logas\/os e demais profissionais das pol\u00edticas p\u00fablicas e estudantes de gradua\u00e7\u00e3o;<\/p>\n<p>Contribuir com as discuss\u00f5es intersecionais, incluindo, al\u00e9m dos marcadores sociais de g\u00eanero e etnicorracial, o marcador social referente \u00e0 defici\u00eancia.<\/p>\n","protected":false},"excerpt":{"rendered":"<p>Data: 16 e 17 de maio de 2018 Local: Faculdade de Educa\u00e7\u00e3o USP (Av. da Universidade, 308, Cidade Universit\u00e1ria. S\u00e3o Paulo\/SP) Clique para\u00a0Inscri\u00e7\u00f5es e instru\u00e7\u00f5es para submiss\u00e3o de trabalhos Acompanhe pelo\u00a0facebook\u00a0. &nbsp; Objetivo Geral Debater amplamente a efetiva\u00e7\u00e3o dos direitos das pessoas com defici\u00eancia, a partir das pol\u00edticas p\u00fablicas e o ativismo de pessoas com [&hellip;]<\/p>\n","protected":false},"author":2660,"featured_media":3125,"comment_status":"closed","ping_status":"open","sticky":false,"template":"","format":"standard","meta":{"footnotes":""},"categories":[17,39],"tags":[],"coauthors":[],"class_list":["post-3124","post","type-post","status-publish","format-standard","has-post-thumbnail","hentry","category-destaques","category-eventos-externos"],"_links":{"self":[{"href":"https:\/\/ppgecpan.ufms.br\/es\/wp-json\/wp\/v2\/posts\/3124","targetHints":{"allow":["GET"]}}],"collection":[{"href":"https:\/\/ppgecpan.ufms.br\/es\/wp-json\/wp\/v2\/posts"}],"about":[{"href":"https:\/\/ppgecpan.ufms.br\/es\/wp-json\/wp\/v2\/types\/post"}],"author":[{"embeddable":true,"href":"https:\/\/ppgecpan.ufms.br\/es\/wp-json\/wp\/v2\/users\/2660"}],"replies":[{"embeddable":true,"href":"https:\/\/ppgecpan.ufms.br\/es\/wp-json\/wp\/v2\/comments?post=3124"}],"version-history":[{"count":1,"href":"https:\/\/ppgecpan.ufms.br\/es\/wp-json\/wp\/v2\/posts\/3124\/revisions"}],"predecessor-version":[{"id":3126,"href":"https:\/\/ppgecpan.ufms.br\/es\/wp-json\/wp\/v2\/posts\/3124\/revisions\/3126"}],"wp:featuredmedia":[{"embeddable":true,"href":"https:\/\/ppgecpan.ufms.br\/es\/wp-json\/wp\/v2\/media\/3125"}],"wp:attachment":[{"href":"https:\/\/ppgecpan.ufms.br\/es\/wp-json\/wp\/v2\/media?parent=3124"}],"wp:term":[{"taxonomy":"category","embeddable":true,"href":"https:\/\/ppgecpan.ufms.br\/es\/wp-json\/wp\/v2\/categories?post=3124"},{"taxonomy":"post_tag","embeddable":true,"href":"https:\/\/ppgecpan.ufms.br\/es\/wp-json\/wp\/v2\/tags?post=3124"},{"taxonomy":"author","embeddable":true,"href":"https:\/\/ppgecpan.ufms.br\/es\/wp-json\/wp\/v2\/coauthors?post=3124"}],"curies":[{"name":"wp","href":"https:\/\/api.w.org\/{rel}","templated":true}]}}