{"id":314,"date":"2012-06-29T16:57:15","date_gmt":"2012-06-29T20:57:15","guid":{"rendered":"http:\/\/ppgecpan.draconis.ufms.br\/?p=314"},"modified":"2020-07-06T10:18:19","modified_gmt":"2020-07-06T14:18:19","slug":"divulgacao-de-local-data-e-horarios-das-entrevistas-para-selecao-de-mestrado-ingresso-2013","status":"publish","type":"post","link":"https:\/\/ppgecpan.ufms.br\/es\/divulgacao-de-local-data-e-horarios-das-entrevistas-para-selecao-de-mestrado-ingresso-2013\/","title":{"rendered":"Divulga\u00e7\u00e3o de local, data e hor\u00e1rios das entrevistas para sele\u00e7\u00e3o de Mestrado \u2013 ingresso 2013"},"content":{"rendered":"<p>Local: Bloco H do Campus do Pantanal da UFMS<\/p>\n<p>Dia 6\/7\/2012 (sexta-feira) \u00e0s 08:00<\/p>\n<p>Andreza Seixas<\/p>\n<p>Bruno Marini Bruneri<\/p>\n<p>Camila Pereira Leijoto<\/p>\n<p>Jeane Cristina da Silva Oliveira de Souza<\/p>\n<p>Jeane dos Santos S. Viana<\/p>\n<p>Luciana Maria Espin\u00f3za<\/p>\n<p>Paulo Batista da Silva<\/p>\n<p>Silvana Alexandra Coutinho<\/p>\n<p>Simone Y. B. da Silva<\/p>\n<p>Soara G. Virg\u00edneo Barbosa<\/p>\n<p>Tammi Flvavie<\/p>\n<p>Val\u00e9ria A. Benites Oliveira<\/p>\n<p>&nbsp;<\/p>\n<p>Dia 6\/7\/2012 (sexta-feira) \u00e0s 14:00<\/p>\n<p>Cristiane N. B. da Rocha<\/p>\n<p>D\u00e9bora Rog\u00e9ria N. S. Garcia<\/p>\n<p>Edith F. Jobbins<\/p>\n<p>Elzanir Leandro<\/p>\n<p>Francisca A. da Silva<\/p>\n<p>Layze A. Herrera Cassanha<\/p>\n<p>Telma Iara Bacarin<\/p>\n<p>Vanessa S. dos Santos<\/p>\n","protected":false},"excerpt":{"rendered":"<p>Local: Bloco H do Campus do Pantanal da UFMS Dia 6\/7\/2012 (sexta-feira) \u00e0s 08:00 Andreza Seixas Bruno Marini Bruneri Camila Pereira Leijoto Jeane Cristina da Silva Oliveira de Souza Jeane dos Santos S. Viana Luciana Maria Espin\u00f3za Paulo Batista da Silva Silvana Alexandra Coutinho Simone Y. B. da Silva Soara G. Virg\u00edneo Barbosa Tammi Flvavie [&hellip;]<\/p>\n","protected":false},"author":7,"featured_media":0,"comment_status":"closed","ping_status":"open","sticky":false,"template":"","format":"standard","meta":{"footnotes":""},"categories":[9,1],"tags":[],"coauthors":[],"class_list":["post-314","post","type-post","status-publish","format-standard","hentry","category-editais","category-noticias"],"_links":{"self":[{"href":"https:\/\/ppgecpan.ufms.br\/es\/wp-json\/wp\/v2\/posts\/314","targetHints":{"allow":["GET"]}}],"collection":[{"href":"https:\/\/ppgecpan.ufms.br\/es\/wp-json\/wp\/v2\/posts"}],"about":[{"href":"https:\/\/ppgecpan.ufms.br\/es\/wp-json\/wp\/v2\/types\/post"}],"author":[{"embeddable":true,"href":"https:\/\/ppgecpan.ufms.br\/es\/wp-json\/wp\/v2\/users\/7"}],"replies":[{"embeddable":true,"href":"https:\/\/ppgecpan.ufms.br\/es\/wp-json\/wp\/v2\/comments?post=314"}],"version-history":[{"count":1,"href":"https:\/\/ppgecpan.ufms.br\/es\/wp-json\/wp\/v2\/posts\/314\/revisions"}],"predecessor-version":[{"id":315,"href":"https:\/\/ppgecpan.ufms.br\/es\/wp-json\/wp\/v2\/posts\/314\/revisions\/315"}],"wp:attachment":[{"href":"https:\/\/ppgecpan.ufms.br\/es\/wp-json\/wp\/v2\/media?parent=314"}],"wp:term":[{"taxonomy":"category","embeddable":true,"href":"https:\/\/ppgecpan.ufms.br\/es\/wp-json\/wp\/v2\/categories?post=314"},{"taxonomy":"post_tag","embeddable":true,"href":"https:\/\/ppgecpan.ufms.br\/es\/wp-json\/wp\/v2\/tags?post=314"},{"taxonomy":"author","embeddable":true,"href":"https:\/\/ppgecpan.ufms.br\/es\/wp-json\/wp\/v2\/coauthors?post=314"}],"curies":[{"name":"wp","href":"https:\/\/api.w.org\/{rel}","templated":true}]}}