{"id":3152,"date":"2018-04-10T14:15:52","date_gmt":"2018-04-10T18:15:52","guid":{"rendered":"https:\/\/ppgecpan.ufms.br\/?p=3152"},"modified":"2018-04-10T14:16:56","modified_gmt":"2018-04-10T18:16:56","slug":"coloquio-luso-afro-brasileiro-de-questoes-curriculareslisboa-portugal","status":"publish","type":"post","link":"https:\/\/ppgecpan.ufms.br\/es\/coloquio-luso-afro-brasileiro-de-questoes-curriculareslisboa-portugal\/","title":{"rendered":"Col\u00f3quio Luso-Afro-Brasileiro de Quest\u00f5es Curriculares\/Lisboa, Portugal"},"content":{"rendered":"<div class=\"gmail_quote\">\n<div dir=\"ltr\">\n<p dir=\"ltr\">Em nome da \u00a0Comiss\u00e3o Organizadora do \u00a0XIII Col\u00f3quio sobre Quest\u00f5es Curriculares\/IX Col\u00f3quio Luso-Brasileiro &amp; IV Col\u00f3quio Luso-Afro-Brasileiro de Quest\u00f5es Curriculares sentimo-nos honrados em convid\u00e1-los para participarem das atividades que ser\u00e3o realizadas no per\u00edodo de 10, 11 e 12 de setembro de 2018, no Instituto de Educa\u00e7\u00e3o da Universidade de Lisboa, localizado em Lisboa, Portugal.<\/p>\n<p><b><br \/>\n<\/b><\/p>\n<p dir=\"ltr\">Para al\u00e9m de Confer\u00eancias est\u00e1 prevista a realiza\u00e7\u00e3o de 9 Mesas Redondas sobre os principais temas tratados no Col\u00f3quio:<\/p>\n<p dir=\"ltr\">1. Curr\u00edculo e internacionaliza\u00e7\u00e3o<\/p>\n<p dir=\"ltr\">2. Pol\u00edticas educativas e curriculares<\/p>\n<p dir=\"ltr\">3. Curr\u00edculo e diversidade cultural<\/p>\n<p dir=\"ltr\">4. Curr\u00edculo, teoria e produ\u00e7\u00e3o cient\u00edfica<\/p>\n<p dir=\"ltr\">5. Curr\u00edculo, TIC e mudan\u00e7as nas conce\u00e7\u00f5es de aprendizagem<\/p>\n<p dir=\"ltr\">6. Curr\u00edculo, inova\u00e7\u00e3o e flexibiliza\u00e7\u00e3o<\/p>\n<p dir=\"ltr\">7. Curr\u00edculo e avalia\u00e7\u00e3o<\/p>\n<p dir=\"ltr\">8. Curr\u00edculo, Inclus\u00e3o e Educa\u00e7\u00e3o Especial<\/p>\n<p dir=\"ltr\">9. Forma\u00e7\u00e3o de professores e inova\u00e7\u00e3o curricular<\/p>\n<p>&nbsp;<\/p>\n<p>&nbsp;<\/p>\n<p dir=\"ltr\">A tem\u00e1tica a ser discutida no evento ser\u00e1 Decis\u00f5es Curriculares: Ensinar e Aprender na escola e na sociedade.<\/p>\n<p><b><br \/>\n<\/b><\/p>\n<p dir=\"ltr\">A programa\u00e7\u00e3o completa, os prazos e as normas para a apresenta\u00e7\u00e3o de trabalhos j\u00e1 est\u00e3o dispon\u00edveis no site:<a href=\"https:\/\/www.coloquiocurriculo2018.ie.ulisboa.pt\/\" target=\"_blank\" rel=\"noopener noreferrer\">https:\/\/www.coloquiocurriculo2018.ie.ulisboa.pt\/<\/a>.<\/p>\n<p><b><br \/>\n<\/b><\/p>\n<p dir=\"ltr\">Agradecemos e contamos com sua participa\u00e7\u00e3o e a ampla divulga\u00e7\u00e3o do evento em seus contatos e destacamos que o prazo para submiss\u00e3o de trabalhos \u00e9 at\u00e9 04 de maio de 2018.<\/p>\n<p><b><\/b><span class=\"HOEnZb adL\"><span style=\"color: #888888\"><span class=\"m_3644332988571198190HOEnZb\">&#8212;<br \/>\n<\/span><\/span><\/span><\/p>\n<div class=\"m_3644332988571198190m_-6096136666959184472gmail_signature\">\n<div dir=\"ltr\">\n<div><span style=\"color: #741b47;font-family: tahoma, sans-serif;font-size: xx-small\"><b>\u00a0<\/b><\/span><\/div>\n<p><span style=\"color: #741b47;font-family: tahoma, sans-serif;font-size: xx-small\"><b>Comiss\u00e3o Organizadora &#8211; \u00a0Brasil<br \/>\nXIII Col\u00f3quio sobre Quest\u00f5es Curriculares<br \/>\nIX Col\u00f3quio Luso-Brasileiro &amp;\u00a0IV Col\u00f3quio Luso-Afro-Brasileiro de Quest\u00f5es Curriculares &#8211;\u00a0<\/b><\/span><b><span lang=\"PT\"><i><span style=\"color: #4c1130\">Decis\u00f5es Curriculares: Ensinar e Aprender na escola e na sociedade<\/span><\/i><\/span><\/b><\/p>\n<\/div>\n<\/div>\n<\/div>\n<\/div>\n<p>&nbsp;<\/p>\n","protected":false},"excerpt":{"rendered":"<p>Em nome da \u00a0Comiss\u00e3o Organizadora do \u00a0XIII Col\u00f3quio sobre Quest\u00f5es Curriculares\/IX Col\u00f3quio Luso-Brasileiro &amp; IV Col\u00f3quio Luso-Afro-Brasileiro de Quest\u00f5es Curriculares sentimo-nos honrados em convid\u00e1-los para participarem das atividades que ser\u00e3o realizadas no per\u00edodo de 10, 11 e 12 de setembro de 2018, no Instituto de Educa\u00e7\u00e3o da Universidade de Lisboa, localizado em Lisboa, Portugal. Para [&hellip;]<\/p>\n","protected":false},"author":2660,"featured_media":3153,"comment_status":"closed","ping_status":"open","sticky":false,"template":"","format":"standard","meta":{"footnotes":""},"categories":[17,39],"tags":[],"coauthors":[],"class_list":["post-3152","post","type-post","status-publish","format-standard","has-post-thumbnail","hentry","category-destaques","category-eventos-externos"],"_links":{"self":[{"href":"https:\/\/ppgecpan.ufms.br\/es\/wp-json\/wp\/v2\/posts\/3152","targetHints":{"allow":["GET"]}}],"collection":[{"href":"https:\/\/ppgecpan.ufms.br\/es\/wp-json\/wp\/v2\/posts"}],"about":[{"href":"https:\/\/ppgecpan.ufms.br\/es\/wp-json\/wp\/v2\/types\/post"}],"author":[{"embeddable":true,"href":"https:\/\/ppgecpan.ufms.br\/es\/wp-json\/wp\/v2\/users\/2660"}],"replies":[{"embeddable":true,"href":"https:\/\/ppgecpan.ufms.br\/es\/wp-json\/wp\/v2\/comments?post=3152"}],"version-history":[{"count":2,"href":"https:\/\/ppgecpan.ufms.br\/es\/wp-json\/wp\/v2\/posts\/3152\/revisions"}],"predecessor-version":[{"id":3155,"href":"https:\/\/ppgecpan.ufms.br\/es\/wp-json\/wp\/v2\/posts\/3152\/revisions\/3155"}],"wp:featuredmedia":[{"embeddable":true,"href":"https:\/\/ppgecpan.ufms.br\/es\/wp-json\/wp\/v2\/media\/3153"}],"wp:attachment":[{"href":"https:\/\/ppgecpan.ufms.br\/es\/wp-json\/wp\/v2\/media?parent=3152"}],"wp:term":[{"taxonomy":"category","embeddable":true,"href":"https:\/\/ppgecpan.ufms.br\/es\/wp-json\/wp\/v2\/categories?post=3152"},{"taxonomy":"post_tag","embeddable":true,"href":"https:\/\/ppgecpan.ufms.br\/es\/wp-json\/wp\/v2\/tags?post=3152"},{"taxonomy":"author","embeddable":true,"href":"https:\/\/ppgecpan.ufms.br\/es\/wp-json\/wp\/v2\/coauthors?post=3152"}],"curies":[{"name":"wp","href":"https:\/\/api.w.org\/{rel}","templated":true}]}}