{"id":3160,"date":"2018-04-13T16:48:06","date_gmt":"2018-04-13T20:48:06","guid":{"rendered":"https:\/\/ppgecpan.ufms.br\/?p=3160"},"modified":"2018-04-13T16:50:59","modified_gmt":"2018-04-13T20:50:59","slug":"inscricoes-abertas-para-selecao-de-alunos-regulares-mestrado-em-educacao-2018","status":"publish","type":"post","link":"https:\/\/ppgecpan.ufms.br\/es\/inscricoes-abertas-para-selecao-de-alunos-regulares-mestrado-em-educacao-2018\/","title":{"rendered":"Inscri\u00e7\u00f5es abertas para sele\u00e7\u00e3o de alunos regulares \u2013 Mestrado em Educa\u00e7\u00e3o 2018"},"content":{"rendered":"<p>A Funda\u00e7\u00e3o Universidade Federal de Mato Grosso do Sul &#8211; UFMS, por meio do Coordenador de curso, torna p\u00fablico o presente Edital que tem por objeto a abertura de inscri\u00e7\u00f5es para o Processo Seletivo visando \u00e0 sele\u00e7\u00e3o de candidatos para preenchimento de vagas no Programa de P\u00f3s-Gradua\u00e7\u00e3o em Educa\u00e7\u00e3o, Curso de Mestrado, do C\u00e2mpus do Pantanal, com 24 vagas e ingresso no segundo semestre letivo de 2018.<\/p>\n<p><strong>Acesse o edital, <a href=\"https:\/\/ppgecpan.ufms.br\/inscricoes-abertas-para-selecao-de-alunos-regulares-mestrado-em-educacao-2018\/edital__mestrado_em_educacao_cpan__n_2__de_09_04_2018-2\/\" target=\"_blank\" rel=\"noopener noreferrer\">AQUI<\/a>.<\/strong><\/p>\n<p>&nbsp;<\/p>\n","protected":false},"excerpt":{"rendered":"<p>A Funda\u00e7\u00e3o Universidade Federal de Mato Grosso do Sul &#8211; UFMS, por meio do Coordenador de curso, torna p\u00fablico o presente Edital que tem por objeto a abertura de inscri\u00e7\u00f5es para o Processo Seletivo visando \u00e0 sele\u00e7\u00e3o de candidatos para preenchimento de vagas no Programa de P\u00f3s-Gradua\u00e7\u00e3o em Educa\u00e7\u00e3o, Curso de Mestrado, do C\u00e2mpus do [&hellip;]<\/p>\n","protected":false},"author":11787,"featured_media":1818,"comment_status":"closed","ping_status":"open","sticky":false,"template":"","format":"standard","meta":{"footnotes":""},"categories":[17,1,57],"tags":[],"coauthors":[],"class_list":["post-3160","post","type-post","status-publish","format-standard","has-post-thumbnail","hentry","category-destaques","category-noticias","category-processos-seletivos-noticias"],"_links":{"self":[{"href":"https:\/\/ppgecpan.ufms.br\/es\/wp-json\/wp\/v2\/posts\/3160","targetHints":{"allow":["GET"]}}],"collection":[{"href":"https:\/\/ppgecpan.ufms.br\/es\/wp-json\/wp\/v2\/posts"}],"about":[{"href":"https:\/\/ppgecpan.ufms.br\/es\/wp-json\/wp\/v2\/types\/post"}],"author":[{"embeddable":true,"href":"https:\/\/ppgecpan.ufms.br\/es\/wp-json\/wp\/v2\/users\/11787"}],"replies":[{"embeddable":true,"href":"https:\/\/ppgecpan.ufms.br\/es\/wp-json\/wp\/v2\/comments?post=3160"}],"version-history":[{"count":3,"href":"https:\/\/ppgecpan.ufms.br\/es\/wp-json\/wp\/v2\/posts\/3160\/revisions"}],"predecessor-version":[{"id":3166,"href":"https:\/\/ppgecpan.ufms.br\/es\/wp-json\/wp\/v2\/posts\/3160\/revisions\/3166"}],"wp:featuredmedia":[{"embeddable":true,"href":"https:\/\/ppgecpan.ufms.br\/es\/wp-json\/wp\/v2\/media\/1818"}],"wp:attachment":[{"href":"https:\/\/ppgecpan.ufms.br\/es\/wp-json\/wp\/v2\/media?parent=3160"}],"wp:term":[{"taxonomy":"category","embeddable":true,"href":"https:\/\/ppgecpan.ufms.br\/es\/wp-json\/wp\/v2\/categories?post=3160"},{"taxonomy":"post_tag","embeddable":true,"href":"https:\/\/ppgecpan.ufms.br\/es\/wp-json\/wp\/v2\/tags?post=3160"},{"taxonomy":"author","embeddable":true,"href":"https:\/\/ppgecpan.ufms.br\/es\/wp-json\/wp\/v2\/coauthors?post=3160"}],"curies":[{"name":"wp","href":"https:\/\/api.w.org\/{rel}","templated":true}]}}