{"id":3211,"date":"2018-04-30T13:58:53","date_gmt":"2018-04-30T17:58:53","guid":{"rendered":"https:\/\/ppgecpan.ufms.br\/?p=3211"},"modified":"2018-04-30T13:58:53","modified_gmt":"2018-04-30T17:58:53","slug":"prazos-reunioes-regionais-2018","status":"publish","type":"post","link":"https:\/\/ppgecpan.ufms.br\/es\/prazos-reunioes-regionais-2018\/","title":{"rendered":"Prazos | Reuni\u00f5es Regionais 2018"},"content":{"rendered":"<p>A\u00a0<b>ANPEd<\/b>\u00a0realiza ao longo de\u00a0<b>2018\u00a0<\/b>suas\u00a0<b>Reuni\u00f5es Cient\u00edficas Regionais<\/b>, contemplando as cinco regi\u00f5es do pa\u00eds. Os encontros s\u00e3o promovidos pelos FOPREDs locais, em parceria com as institui\u00e7\u00f5es sedes e com apoio da ANPEd Nacional. Cada encontro tem p\u00e1gina virtual pr\u00f3pria, com informa\u00e7\u00f5es sobre submiss\u00e3o, inscri\u00e7\u00e3o, com acesso tamb\u00e9m pelo portal da Associa\u00e7\u00e3o.<\/p>\n<div><\/div>\n<div>No ano em que a ANPEd completa 40 anos de trajet\u00f3ria, contamos com sua\u00a0<b>presen\u00e7a e mobiliza\u00e7\u00e3o<\/b>\u00a0para defender e fortalecer a educa\u00e7\u00e3o p\u00fablica e a pesquisa em educa\u00e7\u00e3o.\u00a0<u>#anped40anos<\/u><\/div>\n<div><\/div>\n<div>Atente-se aos\u00a0<b>prazos de submiss\u00e3o de cada regional<\/b>, que j\u00e1 se encerram no in\u00edcio deste m\u00eas de maio para alguns dos encontros. \u00c9 necess\u00e1rio\u00a0<a href=\"http:\/\/anped.mktenvios.net\/registra_clique.php?id=H%7C461501%7C151967%7C25238&amp;url=http%3A%2F%2Fwww.anped.org.br%2Fnews%2Fpagamento-de-boleto-de-anuidade-para-regionais-anped-2018\" target=\"_blank\" rel=\"noopener noreferrer\">associar-se \u00e0 ANPEd\u00a0<\/a>para submeter trabalhos nas reuni\u00f5es cient\u00edficas regionais &#8211; o procedimento \u00e9 feito pelo portal da Associa\u00e7\u00e3o.<\/div>\n<div><\/div>\n<div><b>#anped40anos<\/b><\/div>\n<div><\/div>\n<div>\n<p><strong>REGIONAIS ANPED 2018\u00a0<\/strong><\/p>\n<p><strong>Sudeste<\/strong>\u00a0&#8211;\u00a015\/07 &#8211; 18\/07\u00a0|\u00a0<a href=\"http:\/\/anped.mktenvios.net\/registra_clique.php?id=H%7C461502%7C151967%7C25238&amp;url=http%3A%2F%2Fregionais.anped.org.br%2Fsudeste2018%2F%3F_ga%3D2.7140021.621173342.1524750388-336760393.1443891933\" target=\"_blank\" rel=\"noopener noreferrer\">site<\/a>\u00a0| Campinas\/SP\u00a0|<\/p>\n<p><strong>Sul<\/strong>\u00a0&#8211;\u00a023\/07 &#8211; 26\/07\u00a0|\u00a0<a href=\"http:\/\/anped.mktenvios.net\/registra_clique.php?id=H%7C461503%7C151967%7C25238&amp;url=http%3A%2F%2Fwww.regionais.anped.org.br%2Fsul2018%3F_ga%3D2.36827431.621173342.1524750388-336760393.1443891933\" target=\"_blank\" rel=\"noopener noreferrer\">site<\/a>\u00a0| Porto Alegre\/RS\u00a0|<\/p>\n<p><strong>Centro-Oeste<\/strong>\u00a0&#8211;\u00a015\/10 &#8211; 18\/10\u00a0|\u00a0<a href=\"http:\/\/anped.mktenvios.net\/registra_clique.php?id=H%7C461504%7C151967%7C25238&amp;url=http%3A%2F%2Fregionais.anped.org.br%2Fcentro-oeste2018%2F%3F_ga%3D2.36827431.621173342.1524750388-336760393.1443891933\" target=\"_blank\" rel=\"noopener noreferrer\">site<\/a>\u00a0| C\u00e1ceres\/MT\u00a0|<\/p>\n<p><strong>Norte<\/strong>\u00a0&#8211;\u00a024\/10 &#8211; 26\/10\u00a0|\u00a0<a href=\"http:\/\/anped.mktenvios.net\/registra_clique.php?id=H%7C461505%7C151967%7C25238&amp;url=http%3A%2F%2Fregionais.anped.org.br%2Fnorte2018%2F%3F_ga%3D2.36827431.621173342.1524750388-336760393.1443891933\" target=\"_blank\" rel=\"noopener noreferrer\">site<\/a>\u00a0| Rio Branco\/AC\u00a0|<\/p>\n<p><strong>Nordeste<\/strong>\u00a0&#8211;\u00a019\/11 &#8211; 22\/11\u00a0| site em constru\u00e7\u00e3o |\u00a0\u00a0| Jo\u00e3o Pessoa\/PB\u00a0|<\/p>\n<\/div>\n","protected":false},"excerpt":{"rendered":"<p>A\u00a0ANPEd\u00a0realiza ao longo de\u00a02018\u00a0suas\u00a0Reuni\u00f5es Cient\u00edficas Regionais, contemplando as cinco regi\u00f5es do pa\u00eds. Os encontros s\u00e3o promovidos pelos FOPREDs locais, em parceria com as institui\u00e7\u00f5es sedes e com apoio da ANPEd Nacional. Cada encontro tem p\u00e1gina virtual pr\u00f3pria, com informa\u00e7\u00f5es sobre submiss\u00e3o, inscri\u00e7\u00e3o, com acesso tamb\u00e9m pelo portal da Associa\u00e7\u00e3o. No ano em que a ANPEd [&hellip;]<\/p>\n","protected":false},"author":2660,"featured_media":3212,"comment_status":"closed","ping_status":"open","sticky":false,"template":"","format":"standard","meta":{"footnotes":""},"categories":[17,38],"tags":[],"coauthors":[],"class_list":["post-3211","post","type-post","status-publish","format-standard","has-post-thumbnail","hentry","category-destaques","category-eventos-internos"],"_links":{"self":[{"href":"https:\/\/ppgecpan.ufms.br\/es\/wp-json\/wp\/v2\/posts\/3211","targetHints":{"allow":["GET"]}}],"collection":[{"href":"https:\/\/ppgecpan.ufms.br\/es\/wp-json\/wp\/v2\/posts"}],"about":[{"href":"https:\/\/ppgecpan.ufms.br\/es\/wp-json\/wp\/v2\/types\/post"}],"author":[{"embeddable":true,"href":"https:\/\/ppgecpan.ufms.br\/es\/wp-json\/wp\/v2\/users\/2660"}],"replies":[{"embeddable":true,"href":"https:\/\/ppgecpan.ufms.br\/es\/wp-json\/wp\/v2\/comments?post=3211"}],"version-history":[{"count":1,"href":"https:\/\/ppgecpan.ufms.br\/es\/wp-json\/wp\/v2\/posts\/3211\/revisions"}],"predecessor-version":[{"id":3213,"href":"https:\/\/ppgecpan.ufms.br\/es\/wp-json\/wp\/v2\/posts\/3211\/revisions\/3213"}],"wp:featuredmedia":[{"embeddable":true,"href":"https:\/\/ppgecpan.ufms.br\/es\/wp-json\/wp\/v2\/media\/3212"}],"wp:attachment":[{"href":"https:\/\/ppgecpan.ufms.br\/es\/wp-json\/wp\/v2\/media?parent=3211"}],"wp:term":[{"taxonomy":"category","embeddable":true,"href":"https:\/\/ppgecpan.ufms.br\/es\/wp-json\/wp\/v2\/categories?post=3211"},{"taxonomy":"post_tag","embeddable":true,"href":"https:\/\/ppgecpan.ufms.br\/es\/wp-json\/wp\/v2\/tags?post=3211"},{"taxonomy":"author","embeddable":true,"href":"https:\/\/ppgecpan.ufms.br\/es\/wp-json\/wp\/v2\/coauthors?post=3211"}],"curies":[{"name":"wp","href":"https:\/\/api.w.org\/{rel}","templated":true}]}}