{"id":3223,"date":"2018-05-16T16:39:49","date_gmt":"2018-05-16T20:39:49","guid":{"rendered":"https:\/\/ppgecpan.ufms.br\/?p=3223"},"modified":"2018-05-16T16:52:08","modified_gmt":"2018-05-16T20:52:08","slug":"convite","status":"publish","type":"post","link":"https:\/\/ppgecpan.ufms.br\/es\/convite\/","title":{"rendered":"CONVITE &#8211; Palestras: Forma\u00e7\u00e3o de Professores (as) e a Cultura Escrita na Inf\u00e2ncia: di\u00e1logos entre Pesquisas e PNAIC\/UFMS &#8211; Comemora\u00e7\u00e3o dos 10 anos do PPGE\/CPAN"},"content":{"rendered":"<div>Convidamos toda a comunidade para a Quinta atividade em comemora\u00e7\u00e3o aos 10 anos de cria\u00e7\u00e3o do Programa de P\u00f3s-Gradua\u00e7\u00e3o em Educa\u00e7\u00e3o\/CPAN.<\/div>\n<div>Ao longo deste ano faremos mais debates pertinentes \u00e0s tem\u00e1ticas das linhas de pesquisa.<\/div>\n<div>A quinta delas ser\u00e1 o II Col\u00f3quio do N\u00facleo de Estudos e Pesquisas em Linguagem, Educa\u00e7\u00e3o e Inf\u00e2ncia, Linha de Pesquisa Forma\u00e7\u00e3o de Educadores e Diversidade \u2013 Mestrado em Educa\u00e7\u00e3o campus do Pantanal e Pacto Nacional pela Alfabetiza\u00e7\u00e3o na Idade Certa\/PNAIC\/UFMS e Secretaria Municipal de Educa\u00e7\u00e3o de Corumb\u00e1\/SEMED<\/div>\n<p align=\"LEFT\">&#8220;Forma\u00e7\u00e3o de Professores (as) e a Cultura Escrita na Inf\u00e2ncia: di\u00e1logos entre Pesquisas e PNAIC\/UFMS\u201d<\/p>\n<p align=\"LEFT\">Palestra: A contribui\u00e7\u00e3o da brincadeira para a escrita na Educa\u00e7\u00e3o Infantil \u2013 <strong>Prof\u00aa. Dr\u00aa. S\u00f4nia Regina do Santos Teixeira<\/strong><\/p>\n<p align=\"LEFT\">Media\u00e7\u00e3o: <strong>Prof\u00aa Dr\u00aa Anamaria Santana<\/strong><\/p>\n<p align=\"LEFT\">Palestra: O papel da cultura escrita no desenvolvimento infantil: implica\u00e7\u00f5es dos estudos de L. Vigotski &#8211; <strong>Prof\u00aa. Dr\u00aa. Ana Maria Esteves Bortolonza<\/strong><\/p>\n<p align=\"LEFT\">Media\u00e7\u00e3o: <strong>Prof\u00aa. Dr\u00aa Regina Aparecida Marques de Souza<\/strong><\/p>\n<p align=\"LEFT\">Data: 25 de maio de 2018<\/p>\n<p align=\"LEFT\">Hor\u00e1rio: 8h<\/p>\n<p align=\"LEFT\">Local: Audit\u00f3rio H108 UNIDADE 1 CPAN\/UFMS<\/p>\n<p>Coordena\u00e7\u00e3o Geral: Prof\u00aa. Dr\u00aa. Regina Aparecida Marques de Souza<\/p>\n<p>&nbsp;<\/p>\n","protected":false},"excerpt":{"rendered":"<p>Convidamos toda a comunidade para a Quinta atividade em comemora\u00e7\u00e3o aos 10 anos de cria\u00e7\u00e3o do Programa de P\u00f3s-Gradua\u00e7\u00e3o em Educa\u00e7\u00e3o\/CPAN. Ao longo deste ano faremos mais debates pertinentes \u00e0s tem\u00e1ticas das linhas de pesquisa. A quinta delas ser\u00e1 o II Col\u00f3quio do N\u00facleo de Estudos e Pesquisas em Linguagem, Educa\u00e7\u00e3o e Inf\u00e2ncia, Linha de [&hellip;]<\/p>\n","protected":false},"author":2660,"featured_media":3233,"comment_status":"closed","ping_status":"open","sticky":false,"template":"","format":"standard","meta":{"footnotes":""},"categories":[17,38,1],"tags":[],"coauthors":[],"class_list":["post-3223","post","type-post","status-publish","format-standard","has-post-thumbnail","hentry","category-destaques","category-eventos-internos","category-noticias"],"_links":{"self":[{"href":"https:\/\/ppgecpan.ufms.br\/es\/wp-json\/wp\/v2\/posts\/3223","targetHints":{"allow":["GET"]}}],"collection":[{"href":"https:\/\/ppgecpan.ufms.br\/es\/wp-json\/wp\/v2\/posts"}],"about":[{"href":"https:\/\/ppgecpan.ufms.br\/es\/wp-json\/wp\/v2\/types\/post"}],"author":[{"embeddable":true,"href":"https:\/\/ppgecpan.ufms.br\/es\/wp-json\/wp\/v2\/users\/2660"}],"replies":[{"embeddable":true,"href":"https:\/\/ppgecpan.ufms.br\/es\/wp-json\/wp\/v2\/comments?post=3223"}],"version-history":[{"count":8,"href":"https:\/\/ppgecpan.ufms.br\/es\/wp-json\/wp\/v2\/posts\/3223\/revisions"}],"predecessor-version":[{"id":3234,"href":"https:\/\/ppgecpan.ufms.br\/es\/wp-json\/wp\/v2\/posts\/3223\/revisions\/3234"}],"wp:featuredmedia":[{"embeddable":true,"href":"https:\/\/ppgecpan.ufms.br\/es\/wp-json\/wp\/v2\/media\/3233"}],"wp:attachment":[{"href":"https:\/\/ppgecpan.ufms.br\/es\/wp-json\/wp\/v2\/media?parent=3223"}],"wp:term":[{"taxonomy":"category","embeddable":true,"href":"https:\/\/ppgecpan.ufms.br\/es\/wp-json\/wp\/v2\/categories?post=3223"},{"taxonomy":"post_tag","embeddable":true,"href":"https:\/\/ppgecpan.ufms.br\/es\/wp-json\/wp\/v2\/tags?post=3223"},{"taxonomy":"author","embeddable":true,"href":"https:\/\/ppgecpan.ufms.br\/es\/wp-json\/wp\/v2\/coauthors?post=3223"}],"curies":[{"name":"wp","href":"https:\/\/api.w.org\/{rel}","templated":true}]}}