{"id":3245,"date":"2018-05-23T10:46:04","date_gmt":"2018-05-23T14:46:04","guid":{"rendered":"https:\/\/ppgecpan.ufms.br\/?p=3245"},"modified":"2018-05-23T10:46:04","modified_gmt":"2018-05-23T14:46:04","slug":"inscricoes-deferidas-e-indeferidas-mestrado-em-educacao-2018","status":"publish","type":"post","link":"https:\/\/ppgecpan.ufms.br\/es\/inscricoes-deferidas-e-indeferidas-mestrado-em-educacao-2018\/","title":{"rendered":"Inscri\u00e7\u00f5es deferidas e indeferidas \u2013 Mestrado em Educa\u00e7\u00e3o 2018"},"content":{"rendered":"<p>Confira as inscri\u00e7\u00f5es deferidas e indeferidas para a sele\u00e7\u00e3o do Mestrado em Educa\u00e7\u00e3o 2018, clicando\u00a0<a href=\"https:\/\/ppgecpan.ufms.br\/files\/2018\/05\/Lista-de-inscri\u00e7\u00f5es-deferidas-e-indeferidas-2018.pdf\" target=\"_blank\" rel=\"noopener noreferrer\"><strong>AQUI<\/strong><\/a>.<\/p>\n","protected":false},"excerpt":{"rendered":"<p>Confira as inscri\u00e7\u00f5es deferidas e indeferidas para a sele\u00e7\u00e3o do Mestrado em Educa\u00e7\u00e3o 2018, clicando\u00a0AQUI.<\/p>\n","protected":false},"author":11787,"featured_media":2634,"comment_status":"closed","ping_status":"open","sticky":false,"template":"","format":"standard","meta":{"footnotes":""},"categories":[17,1,57],"tags":[],"coauthors":[],"class_list":["post-3245","post","type-post","status-publish","format-standard","has-post-thumbnail","hentry","category-destaques","category-noticias","category-processos-seletivos-noticias"],"_links":{"self":[{"href":"https:\/\/ppgecpan.ufms.br\/es\/wp-json\/wp\/v2\/posts\/3245","targetHints":{"allow":["GET"]}}],"collection":[{"href":"https:\/\/ppgecpan.ufms.br\/es\/wp-json\/wp\/v2\/posts"}],"about":[{"href":"https:\/\/ppgecpan.ufms.br\/es\/wp-json\/wp\/v2\/types\/post"}],"author":[{"embeddable":true,"href":"https:\/\/ppgecpan.ufms.br\/es\/wp-json\/wp\/v2\/users\/11787"}],"replies":[{"embeddable":true,"href":"https:\/\/ppgecpan.ufms.br\/es\/wp-json\/wp\/v2\/comments?post=3245"}],"version-history":[{"count":1,"href":"https:\/\/ppgecpan.ufms.br\/es\/wp-json\/wp\/v2\/posts\/3245\/revisions"}],"predecessor-version":[{"id":3248,"href":"https:\/\/ppgecpan.ufms.br\/es\/wp-json\/wp\/v2\/posts\/3245\/revisions\/3248"}],"wp:featuredmedia":[{"embeddable":true,"href":"https:\/\/ppgecpan.ufms.br\/es\/wp-json\/wp\/v2\/media\/2634"}],"wp:attachment":[{"href":"https:\/\/ppgecpan.ufms.br\/es\/wp-json\/wp\/v2\/media?parent=3245"}],"wp:term":[{"taxonomy":"category","embeddable":true,"href":"https:\/\/ppgecpan.ufms.br\/es\/wp-json\/wp\/v2\/categories?post=3245"},{"taxonomy":"post_tag","embeddable":true,"href":"https:\/\/ppgecpan.ufms.br\/es\/wp-json\/wp\/v2\/tags?post=3245"},{"taxonomy":"author","embeddable":true,"href":"https:\/\/ppgecpan.ufms.br\/es\/wp-json\/wp\/v2\/coauthors?post=3245"}],"curies":[{"name":"wp","href":"https:\/\/api.w.org\/{rel}","templated":true}]}}