{"id":3265,"date":"2018-06-08T21:32:50","date_gmt":"2018-06-09T01:32:50","guid":{"rendered":"https:\/\/ppgecpan.ufms.br\/?p=3265"},"modified":"2018-06-08T21:32:50","modified_gmt":"2018-06-09T01:32:50","slug":"divulgacao-campanha-eu-respeito-inclusaoacoes-afirmativas","status":"publish","type":"post","link":"https:\/\/ppgecpan.ufms.br\/es\/divulgacao-campanha-eu-respeito-inclusaoacoes-afirmativas\/","title":{"rendered":"Divulga\u00e7\u00e3o: Campanha Eu Respeito Inclus\u00e3o\/A\u00e7\u00f5es afirmativas"},"content":{"rendered":"<p>A campanha Eu Respeito do m\u00eas de junho tem como tema as A\u00e7\u00f5es Afirmativas, que procuram garantir igualdade em oposi\u00e7\u00e3o \u00e0 discrimina\u00e7\u00e3o. O objetivo da campanha \u00e9 promover o respeito entre a comunidade acad\u00eamica, como um valor que deve ser colocado em pr\u00e1tica nas intera\u00e7\u00f5es do dia a dia. As atividades desenvolvidas no Campus do Pantanal tratam sobre inclus\u00e3o e diversidade na educa\u00e7\u00e3o b\u00e1sica e educa\u00e7\u00e3o superior.<\/p>\n<p>Inscri\u00e7\u00f5es em: <a href=\"https:\/\/docs.google.com\/forms\/d\/e\/1FAIpQLSdzXGY6FPXGrl8GyPUJYpsDMFFStbQA33CKLAsoCX2xr0YGdw\/viewform?usp=sf_link\" target=\"_blank\" rel=\"noopener noreferrer\">https:\/\/docs.google.com\/forms\/d\/e\/1FAIpQLSdzXGY6FPXGrl8GyPUJYpsDMFFStbQA33CKLAsoCX2xr0YGdw\/viewform?usp=sf_link<\/a><\/p>\n<p>Confira a programa\u00e7\u00e3o:<\/p>\n<p><strong>Campanha Eu Respeito \u2013 UFMS Junho<\/strong><\/p>\n<table>\n<tbody>\n<tr>\n<td width=\"242\"><strong>20\/06 (quarta-feira) &#8211; noite<\/strong><\/td>\n<td width=\"242\"><strong>21\/06 (quinta-feira) &#8211; tarde<\/strong><\/td>\n<td width=\"241\"><strong>21\/06 (quinta-feira) &#8211; noite<\/strong><\/td>\n<\/tr>\n<tr>\n<td width=\"242\">\n<p><strong>18h30- 21h30<\/strong><\/p>\n<p><strong>Local: Audit\u00f3rio H-108 (Unidade I)<\/strong><\/p>\n<p>&nbsp;<\/p>\n<p>Mesa redonda: Inclus\u00e3o e diversidade na educa\u00e7\u00e3o b\u00e1sica e educa\u00e7\u00e3o superior<\/p>\n<p>&nbsp;<\/p>\n<p>\u201cAcesso e acessibilidade: um olhar para o ensino superior\u201d &#8211; Prof. Me. Daniel Mendes da Silva Filho (Secretaria de Educa\u00e7\u00e3o de Lad\u00e1rio)<\/p>\n<p>&nbsp;<\/p>\n<p>\u201cA gest\u00e3o escolar e as pol\u00edticas da educa\u00e7\u00e3o especial\u201d \u2013 Psic. Dnda. Fl\u00e1via Pedrosa de Camargo (IFMS)<\/p>\n<p>&nbsp;<\/p>\n<p>\u201cTrajet\u00f3ria de pessoas com defici\u00eancia na educa\u00e7\u00e3o b\u00e1sica e no ensino superior\u201d<\/p>\n<p>Gabrielli Ferreira Rios (Pedagoga e professora de AEE)<\/p>\n<p>Robeson Adrison Barbosa Leite (Acad. de Letras-Ingl\u00eas, UFMS\/CPAN)<\/p>\n<p>&nbsp;<\/p>\n<p>Media\u00e7\u00e3o: Profa. Dra. Andressa Santos Rebelo (UFMS)<\/td>\n<td width=\"242\">\n<p><strong>16h-17h00<\/strong><\/p>\n<p><strong>Local: Audit\u00f3rio H-108 (Unidade I)<\/strong><\/p>\n<p>Oficina:<\/p>\n<p>\u201cNecessidades educacionais especiais e tecnologia assistiva\u201d \u2013 Acad\u00eamicas do Mestrado em Educa\u00e7\u00e3o UFMS\/CPAN Profa. Rosa Alessandra Rodrigues Corr\u00eaa (Secretaria de Educa\u00e7\u00e3o de Corumb\u00e1) e Profa. Tha\u00eds Aquino Sigarini Botelho (Bolsista CAPES).<\/p>\n<p><strong>\u00a0<\/strong><\/p>\n<p><strong>17h00-18h00<\/strong><\/p>\n<p><strong>Local: Audit\u00f3rio H-108 (Unidade I)<\/strong><\/p>\n<p>Oficina:<\/p>\n<p>\u201cInclus\u00e3o e intera\u00e7\u00e3o atrav\u00e9s da Comunica\u00e7\u00e3o Suplementar e Alternativa\u201d \u2013 Ivan Roger dos Santos Leite (Acad. de Letras-Espanhol, UFMS\/CPAN)<\/p>\n<p>&nbsp;<\/p>\n<p><strong>Obs<\/strong>: Os participantes das oficinas devem instalar previamente em seu celular os aplicativos gratuitos <strong>Hand Talk<\/strong> e <strong>LetMe Talk<\/strong>, dispon\u00edveis na Play Store.<\/td>\n<td width=\"241\">\n<p><strong>18h30- 21h30<\/strong><\/p>\n<p><strong>Local: Audit\u00f3rio H-108 (Unidade I)<\/strong><\/p>\n<p>&nbsp;<\/p>\n<p>Mesa redonda: Pol\u00edticas e pr\u00e1ticas de educa\u00e7\u00e3o e inclus\u00e3o<\/p>\n<p>&nbsp;<\/p>\n<p>\u201cMovimento e pr\u00e1ticas inclusivas\u201d \u2013 Profa. Dra. Sarita de Mendon\u00e7a Bacciotti (UFMS)<\/p>\n<p>&nbsp;<\/p>\n<p>\u201cA import\u00e2ncia da aprendizagem da Libras para crian\u00e7as surdas em contextos n\u00e3o escolares\u201d &#8211; Profa. Ma. Andrea Duarte de Oliveira (IFMS)<\/p>\n<p>&nbsp;<\/p>\n<p>\u201cO papel do professor de apoio na educa\u00e7\u00e3o b\u00e1sica\u201d &#8211; Profa. Rosa Alessandra Rodrigues Corr\u00eaa (Secretaria de Educa\u00e7\u00e3o de Corumb\u00e1)<\/p>\n<p>&nbsp;<\/p>\n<p>\u201cPol\u00edtica de cotas\u201d \u2013 Profa. Ma. Cl\u00e1udia Elizabete da Costa\u00a0Moraes Mondini (UFMS)<\/p>\n<p>&nbsp;<\/p>\n<p>Media\u00e7\u00e3o: Profa. Dra. Andressa Santos Rebelo (UFMS)<\/td>\n<\/tr>\n<\/tbody>\n<\/table>\n<p>Ser\u00e1 entregue declara\u00e7\u00e3o (de 10h) aos participantes a partir do dia 02\/07, na Secretaria do Mestrado em Educa\u00e7\u00e3o, Unidade III, Campus do Pantanal.<\/p>\n","protected":false},"excerpt":{"rendered":"<p>A campanha Eu Respeito do m\u00eas de junho tem como tema as A\u00e7\u00f5es Afirmativas, que procuram garantir igualdade em oposi\u00e7\u00e3o \u00e0 discrimina\u00e7\u00e3o. O objetivo da campanha \u00e9 promover o respeito entre a comunidade acad\u00eamica, como um valor que deve ser colocado em pr\u00e1tica nas intera\u00e7\u00f5es do dia a dia. As atividades desenvolvidas no Campus do [&hellip;]<\/p>\n","protected":false},"author":2660,"featured_media":3267,"comment_status":"closed","ping_status":"open","sticky":false,"template":"","format":"standard","meta":{"footnotes":""},"categories":[38],"tags":[],"coauthors":[],"class_list":["post-3265","post","type-post","status-publish","format-standard","has-post-thumbnail","hentry","category-eventos-internos"],"_links":{"self":[{"href":"https:\/\/ppgecpan.ufms.br\/es\/wp-json\/wp\/v2\/posts\/3265","targetHints":{"allow":["GET"]}}],"collection":[{"href":"https:\/\/ppgecpan.ufms.br\/es\/wp-json\/wp\/v2\/posts"}],"about":[{"href":"https:\/\/ppgecpan.ufms.br\/es\/wp-json\/wp\/v2\/types\/post"}],"author":[{"embeddable":true,"href":"https:\/\/ppgecpan.ufms.br\/es\/wp-json\/wp\/v2\/users\/2660"}],"replies":[{"embeddable":true,"href":"https:\/\/ppgecpan.ufms.br\/es\/wp-json\/wp\/v2\/comments?post=3265"}],"version-history":[{"count":1,"href":"https:\/\/ppgecpan.ufms.br\/es\/wp-json\/wp\/v2\/posts\/3265\/revisions"}],"predecessor-version":[{"id":3268,"href":"https:\/\/ppgecpan.ufms.br\/es\/wp-json\/wp\/v2\/posts\/3265\/revisions\/3268"}],"wp:featuredmedia":[{"embeddable":true,"href":"https:\/\/ppgecpan.ufms.br\/es\/wp-json\/wp\/v2\/media\/3267"}],"wp:attachment":[{"href":"https:\/\/ppgecpan.ufms.br\/es\/wp-json\/wp\/v2\/media?parent=3265"}],"wp:term":[{"taxonomy":"category","embeddable":true,"href":"https:\/\/ppgecpan.ufms.br\/es\/wp-json\/wp\/v2\/categories?post=3265"},{"taxonomy":"post_tag","embeddable":true,"href":"https:\/\/ppgecpan.ufms.br\/es\/wp-json\/wp\/v2\/tags?post=3265"},{"taxonomy":"author","embeddable":true,"href":"https:\/\/ppgecpan.ufms.br\/es\/wp-json\/wp\/v2\/coauthors?post=3265"}],"curies":[{"name":"wp","href":"https:\/\/api.w.org\/{rel}","templated":true}]}}