{"id":3316,"date":"2018-07-17T08:37:16","date_gmt":"2018-07-17T12:37:16","guid":{"rendered":"https:\/\/ppgecpan.ufms.br\/?p=3316"},"modified":"2018-07-17T08:37:16","modified_gmt":"2018-07-17T12:37:16","slug":"resultado-final-selecao-de-alunos-regulares-mestrado-em-educacao-2018","status":"publish","type":"post","link":"https:\/\/ppgecpan.ufms.br\/es\/resultado-final-selecao-de-alunos-regulares-mestrado-em-educacao-2018\/","title":{"rendered":"Resultado Final \u2013 Sele\u00e7\u00e3o de alunos regulares \u2013 Mestrado em Educa\u00e7\u00e3o 2018"},"content":{"rendered":"<p>Para acessar\u00a0Resultado da defesa oral, an\u00e1lise do curr\u00edculo e a classifica\u00e7\u00e3o final\u00a0dos aprovados na\u00a0Sele\u00e7\u00e3o de alunos regulares \u2013 Mestrado em Educa\u00e7\u00e3o 2018\u00a0clique <a href=\"https:\/\/ppgecpan.ufms.br\/files\/2018\/07\/LISTA-CLASSIFICA\u00c7\u00c3O-FINAL_APROVADOS.pdf\" target=\"_blank\" rel=\"noopener noreferrer\"><strong>aqui<\/strong><\/a>.<u><\/u><\/p>\n","protected":false},"excerpt":{"rendered":"<p>Para acessar\u00a0Resultado da defesa oral, an\u00e1lise do curr\u00edculo e a classifica\u00e7\u00e3o final\u00a0dos aprovados na\u00a0Sele\u00e7\u00e3o de alunos regulares \u2013 Mestrado em Educa\u00e7\u00e3o 2018\u00a0clique aqui.<\/p>\n","protected":false},"author":2660,"featured_media":3318,"comment_status":"closed","ping_status":"open","sticky":false,"template":"","format":"standard","meta":{"footnotes":""},"categories":[17,1],"tags":[],"coauthors":[],"class_list":["post-3316","post","type-post","status-publish","format-standard","has-post-thumbnail","hentry","category-destaques","category-noticias"],"_links":{"self":[{"href":"https:\/\/ppgecpan.ufms.br\/es\/wp-json\/wp\/v2\/posts\/3316","targetHints":{"allow":["GET"]}}],"collection":[{"href":"https:\/\/ppgecpan.ufms.br\/es\/wp-json\/wp\/v2\/posts"}],"about":[{"href":"https:\/\/ppgecpan.ufms.br\/es\/wp-json\/wp\/v2\/types\/post"}],"author":[{"embeddable":true,"href":"https:\/\/ppgecpan.ufms.br\/es\/wp-json\/wp\/v2\/users\/2660"}],"replies":[{"embeddable":true,"href":"https:\/\/ppgecpan.ufms.br\/es\/wp-json\/wp\/v2\/comments?post=3316"}],"version-history":[{"count":1,"href":"https:\/\/ppgecpan.ufms.br\/es\/wp-json\/wp\/v2\/posts\/3316\/revisions"}],"predecessor-version":[{"id":3320,"href":"https:\/\/ppgecpan.ufms.br\/es\/wp-json\/wp\/v2\/posts\/3316\/revisions\/3320"}],"wp:featuredmedia":[{"embeddable":true,"href":"https:\/\/ppgecpan.ufms.br\/es\/wp-json\/wp\/v2\/media\/3318"}],"wp:attachment":[{"href":"https:\/\/ppgecpan.ufms.br\/es\/wp-json\/wp\/v2\/media?parent=3316"}],"wp:term":[{"taxonomy":"category","embeddable":true,"href":"https:\/\/ppgecpan.ufms.br\/es\/wp-json\/wp\/v2\/categories?post=3316"},{"taxonomy":"post_tag","embeddable":true,"href":"https:\/\/ppgecpan.ufms.br\/es\/wp-json\/wp\/v2\/tags?post=3316"},{"taxonomy":"author","embeddable":true,"href":"https:\/\/ppgecpan.ufms.br\/es\/wp-json\/wp\/v2\/coauthors?post=3316"}],"curies":[{"name":"wp","href":"https:\/\/api.w.org\/{rel}","templated":true}]}}