{"id":3367,"date":"2018-08-09T09:40:43","date_gmt":"2018-08-09T13:40:43","guid":{"rendered":"https:\/\/ppgecpan.ufms.br\/?p=3367"},"modified":"2018-08-09T09:40:43","modified_gmt":"2018-08-09T13:40:43","slug":"divulgacao-iii-congresso-de-educacao-do-cpan-ii-semana-integrada-de-graduacao-e-pos-graduacao","status":"publish","type":"post","link":"https:\/\/ppgecpan.ufms.br\/es\/divulgacao-iii-congresso-de-educacao-do-cpan-ii-semana-integrada-de-graduacao-e-pos-graduacao\/","title":{"rendered":"Divulga\u00e7\u00e3o: III Congresso de Educa\u00e7\u00e3o do CPAN &#8211; II Semana Integrada de Gradua\u00e7\u00e3o e P\u00f3s-gradua\u00e7\u00e3o"},"content":{"rendered":"<div>Est\u00e3o abertas as inscri\u00e7\u00f5es e submiss\u00f5es de trabalhos para o\u00a0<strong>III Congresso de Educa\u00e7\u00e3o do CPAN &#8211; II Semana Integrada de Gradua\u00e7\u00e3o e P\u00f3s-gradua\u00e7\u00e3o<\/strong>, a ser realizado entre os dias 26 e 29 de novembro de 2018.<\/div>\n<div><\/div>\n<div><strong>As inscri\u00e7\u00f5es s\u00e3o gratuitas<\/strong>.<\/div>\n<div><\/div>\n<div>Mais informa\u00e7\u00f5es em:\u00a0<a href=\"https:\/\/www.even3.com.br\/cecpan\" target=\"_blank\" rel=\"noopener noreferrer\">https:\/\/www.even3.com.br\/cecpan<\/a><\/div>\n","protected":false},"excerpt":{"rendered":"<p>Est\u00e3o abertas as inscri\u00e7\u00f5es e submiss\u00f5es de trabalhos para o\u00a0III Congresso de Educa\u00e7\u00e3o do CPAN &#8211; II Semana Integrada de Gradua\u00e7\u00e3o e P\u00f3s-gradua\u00e7\u00e3o, a ser realizado entre os dias 26 e 29 de novembro de 2018. As inscri\u00e7\u00f5es s\u00e3o gratuitas. Mais informa\u00e7\u00f5es em:\u00a0https:\/\/www.even3.com.br\/cecpan<\/p>\n","protected":false},"author":2660,"featured_media":3322,"comment_status":"closed","ping_status":"open","sticky":false,"template":"","format":"standard","meta":{"footnotes":""},"categories":[17,38,1],"tags":[],"coauthors":[],"class_list":["post-3367","post","type-post","status-publish","format-standard","has-post-thumbnail","hentry","category-destaques","category-eventos-internos","category-noticias"],"_links":{"self":[{"href":"https:\/\/ppgecpan.ufms.br\/es\/wp-json\/wp\/v2\/posts\/3367","targetHints":{"allow":["GET"]}}],"collection":[{"href":"https:\/\/ppgecpan.ufms.br\/es\/wp-json\/wp\/v2\/posts"}],"about":[{"href":"https:\/\/ppgecpan.ufms.br\/es\/wp-json\/wp\/v2\/types\/post"}],"author":[{"embeddable":true,"href":"https:\/\/ppgecpan.ufms.br\/es\/wp-json\/wp\/v2\/users\/2660"}],"replies":[{"embeddable":true,"href":"https:\/\/ppgecpan.ufms.br\/es\/wp-json\/wp\/v2\/comments?post=3367"}],"version-history":[{"count":1,"href":"https:\/\/ppgecpan.ufms.br\/es\/wp-json\/wp\/v2\/posts\/3367\/revisions"}],"predecessor-version":[{"id":3368,"href":"https:\/\/ppgecpan.ufms.br\/es\/wp-json\/wp\/v2\/posts\/3367\/revisions\/3368"}],"wp:featuredmedia":[{"embeddable":true,"href":"https:\/\/ppgecpan.ufms.br\/es\/wp-json\/wp\/v2\/media\/3322"}],"wp:attachment":[{"href":"https:\/\/ppgecpan.ufms.br\/es\/wp-json\/wp\/v2\/media?parent=3367"}],"wp:term":[{"taxonomy":"category","embeddable":true,"href":"https:\/\/ppgecpan.ufms.br\/es\/wp-json\/wp\/v2\/categories?post=3367"},{"taxonomy":"post_tag","embeddable":true,"href":"https:\/\/ppgecpan.ufms.br\/es\/wp-json\/wp\/v2\/tags?post=3367"},{"taxonomy":"author","embeddable":true,"href":"https:\/\/ppgecpan.ufms.br\/es\/wp-json\/wp\/v2\/coauthors?post=3367"}],"curies":[{"name":"wp","href":"https:\/\/api.w.org\/{rel}","templated":true}]}}