{"id":3441,"date":"2018-09-18T10:11:44","date_gmt":"2018-09-18T14:11:44","guid":{"rendered":"https:\/\/ppgecpan.ufms.br\/?p=3441"},"modified":"2018-09-18T10:15:04","modified_gmt":"2018-09-18T14:15:04","slug":"divulgacao-coloquio-internacional-heloise-7-9-fev-2019","status":"publish","type":"post","link":"https:\/\/ppgecpan.ufms.br\/es\/divulgacao-coloquio-internacional-heloise-7-9-fev-2019\/","title":{"rendered":"Divulga\u00e7\u00e3o Col\u00f3quio Internacional Heloise | 7-9 fev. 2019"},"content":{"rendered":"<p>Divulgamos o Col\u00f3quio Internacional <strong><em>P\u00e9dagogies de la D\u00e9mocratie et de la R\u00e9sistance en Europe au XX\u00e8me si\u00e8cle, <\/em><\/strong>que se realizar\u00e1 em Barcelona, no Instituto de Estudos Catal\u00e3es, entre 7 e 9 de fevereiro 2019.<\/p>\n<p>O prazo para submiss\u00e3o de propostas de comunica\u00e7\u00e3o \u00e9 15 de Outubro de 2018.<\/p>\n<p>Poder\u00e1 encontrar informa\u00e7\u00f5es detalhadas no documento que segue em anexo ou na p\u00e1gina do evento atrav\u00e9s do link: <a href=\"http:\/\/pedagogues-heloise.eu\/agenda-dheloise\/\" target=\"_blank\" rel=\"noopener noreferrer\">http:\/\/pedagogues-heloise.eu\/agenda-dheloise\/<\/a><\/p>\n<p><a href=\"https:\/\/ppgecpan.ufms.br\/files\/2018\/09\/Colloque-Heloise.pdf\" target=\"_blank\" rel=\"noopener noreferrer\">Folder<\/a><\/p>\n","protected":false},"excerpt":{"rendered":"<p>Divulgamos o Col\u00f3quio Internacional P\u00e9dagogies de la D\u00e9mocratie et de la R\u00e9sistance en Europe au XX\u00e8me si\u00e8cle, que se realizar\u00e1 em Barcelona, no Instituto de Estudos Catal\u00e3es, entre 7 e 9 de fevereiro 2019. O prazo para submiss\u00e3o de propostas de comunica\u00e7\u00e3o \u00e9 15 de Outubro de 2018. Poder\u00e1 encontrar informa\u00e7\u00f5es detalhadas no documento que [&hellip;]<\/p>\n","protected":false},"author":2660,"featured_media":3442,"comment_status":"closed","ping_status":"open","sticky":false,"template":"","format":"standard","meta":{"footnotes":""},"categories":[17,39],"tags":[],"coauthors":[],"class_list":["post-3441","post","type-post","status-publish","format-standard","has-post-thumbnail","hentry","category-destaques","category-eventos-externos"],"_links":{"self":[{"href":"https:\/\/ppgecpan.ufms.br\/es\/wp-json\/wp\/v2\/posts\/3441","targetHints":{"allow":["GET"]}}],"collection":[{"href":"https:\/\/ppgecpan.ufms.br\/es\/wp-json\/wp\/v2\/posts"}],"about":[{"href":"https:\/\/ppgecpan.ufms.br\/es\/wp-json\/wp\/v2\/types\/post"}],"author":[{"embeddable":true,"href":"https:\/\/ppgecpan.ufms.br\/es\/wp-json\/wp\/v2\/users\/2660"}],"replies":[{"embeddable":true,"href":"https:\/\/ppgecpan.ufms.br\/es\/wp-json\/wp\/v2\/comments?post=3441"}],"version-history":[{"count":3,"href":"https:\/\/ppgecpan.ufms.br\/es\/wp-json\/wp\/v2\/posts\/3441\/revisions"}],"predecessor-version":[{"id":3446,"href":"https:\/\/ppgecpan.ufms.br\/es\/wp-json\/wp\/v2\/posts\/3441\/revisions\/3446"}],"wp:featuredmedia":[{"embeddable":true,"href":"https:\/\/ppgecpan.ufms.br\/es\/wp-json\/wp\/v2\/media\/3442"}],"wp:attachment":[{"href":"https:\/\/ppgecpan.ufms.br\/es\/wp-json\/wp\/v2\/media?parent=3441"}],"wp:term":[{"taxonomy":"category","embeddable":true,"href":"https:\/\/ppgecpan.ufms.br\/es\/wp-json\/wp\/v2\/categories?post=3441"},{"taxonomy":"post_tag","embeddable":true,"href":"https:\/\/ppgecpan.ufms.br\/es\/wp-json\/wp\/v2\/tags?post=3441"},{"taxonomy":"author","embeddable":true,"href":"https:\/\/ppgecpan.ufms.br\/es\/wp-json\/wp\/v2\/coauthors?post=3441"}],"curies":[{"name":"wp","href":"https:\/\/api.w.org\/{rel}","templated":true}]}}