{"id":369,"date":"2013-07-12T18:45:37","date_gmt":"2013-07-12T22:45:37","guid":{"rendered":"http:\/\/ppgecpan.draconis.ufms.br\/?p=369"},"modified":"2016-02-19T16:01:20","modified_gmt":"2016-02-19T20:01:20","slug":"matriculas-20132","status":"publish","type":"post","link":"https:\/\/ppgecpan.ufms.br\/es\/matriculas-20132\/","title":{"rendered":"Matr\u00edculas 2013\/2"},"content":{"rendered":"<p>05 e 06\/08\/2013 &#8211; Matr\u00edcula para alunos regulares (on line)<\/p>\n<p>07\/08\/2013 \u2013 Inscri\u00e7\u00e3o de alunos de outros Programas de p\u00f3s-gradua\u00e7\u00e3o*<\/p>\n<p>09\/08\/2013 \u2013 Resultado de aceite de alunos de outros Programas de p\u00f3s-gradua\u00e7\u00e3o (a ser divulgado nesta p\u00e1gina)<\/p>\n<p>09\/08\/2013 \u2013 Inscri\u00e7\u00e3o de alunos especiais*<\/p>\n<p>13\/08\/2013 &#8211; Resultado de alunos especiais (a ser divulgado nesta p\u00e1gina)<\/p>\n<p>16\/08\/2013 \u2013 Matr\u00edcula de alunos de outros Programas de p\u00f3s-gradua\u00e7\u00e3o e de alunos especiais (na secretaria do PPGE\/CPAN)<\/p>\n<p>19\/08\/\/2013 &#8211; Data do in\u00edcio das aulas<\/p>\n<div>_____<\/div>\n<div>*\u00a0Os candidatos a\u00a0alunos especiais e de outros programas de p\u00f3s-gradua\u00e7\u00e3o devem enviar toda documenta\u00e7\u00e3o para o\u00a0e-mail <strong><a href=\"mailto:ppge@cpan.ufms.br\" target=\"_blank\">ppge@cpan.ufms.br<\/a>.\u00a0Documentos:<\/strong> formul\u00e1rio de inscri\u00e7\u00e3o\u00a0 (dispon\u00edvel nesta p\u00e1gina) e o link\u00a0do curr\u00edculo Lattes do candidato (dispon\u00edvel em <a href=\"http:\/\/lattes.cnpq.br\/\" target=\"_blank\">http:\/\/lattes.cnpq.br\/<\/a>). Cada candidato poder\u00e1 inscrever-se apenas para uma disciplina.<\/div>\n<p>&nbsp;<\/p>\n","protected":false},"excerpt":{"rendered":"<p>05 e 06\/08\/2013 &#8211; Matr\u00edcula para alunos regulares (on line) 07\/08\/2013 \u2013 Inscri\u00e7\u00e3o de alunos de outros Programas de p\u00f3s-gradua\u00e7\u00e3o* 09\/08\/2013 \u2013 Resultado de aceite de alunos de outros Programas de p\u00f3s-gradua\u00e7\u00e3o (a ser divulgado nesta p\u00e1gina) 09\/08\/2013 \u2013 Inscri\u00e7\u00e3o de alunos especiais* 13\/08\/2013 &#8211; Resultado de alunos especiais (a ser divulgado nesta p\u00e1gina) 16\/08\/2013 [&hellip;]<\/p>\n","protected":false},"author":18799,"featured_media":0,"comment_status":"closed","ping_status":"open","sticky":false,"template":"","format":"standard","meta":{"footnotes":""},"categories":[1],"tags":[],"coauthors":[],"class_list":["post-369","post","type-post","status-publish","format-standard","hentry","category-noticias"],"_links":{"self":[{"href":"https:\/\/ppgecpan.ufms.br\/es\/wp-json\/wp\/v2\/posts\/369","targetHints":{"allow":["GET"]}}],"collection":[{"href":"https:\/\/ppgecpan.ufms.br\/es\/wp-json\/wp\/v2\/posts"}],"about":[{"href":"https:\/\/ppgecpan.ufms.br\/es\/wp-json\/wp\/v2\/types\/post"}],"author":[{"embeddable":true,"href":"https:\/\/ppgecpan.ufms.br\/es\/wp-json\/wp\/v2\/users\/18799"}],"replies":[{"embeddable":true,"href":"https:\/\/ppgecpan.ufms.br\/es\/wp-json\/wp\/v2\/comments?post=369"}],"version-history":[{"count":11,"href":"https:\/\/ppgecpan.ufms.br\/es\/wp-json\/wp\/v2\/posts\/369\/revisions"}],"predecessor-version":[{"id":1469,"href":"https:\/\/ppgecpan.ufms.br\/es\/wp-json\/wp\/v2\/posts\/369\/revisions\/1469"}],"wp:attachment":[{"href":"https:\/\/ppgecpan.ufms.br\/es\/wp-json\/wp\/v2\/media?parent=369"}],"wp:term":[{"taxonomy":"category","embeddable":true,"href":"https:\/\/ppgecpan.ufms.br\/es\/wp-json\/wp\/v2\/categories?post=369"},{"taxonomy":"post_tag","embeddable":true,"href":"https:\/\/ppgecpan.ufms.br\/es\/wp-json\/wp\/v2\/tags?post=369"},{"taxonomy":"author","embeddable":true,"href":"https:\/\/ppgecpan.ufms.br\/es\/wp-json\/wp\/v2\/coauthors?post=369"}],"curies":[{"name":"wp","href":"https:\/\/api.w.org\/{rel}","templated":true}]}}