{"id":380,"date":"2013-07-12T18:53:10","date_gmt":"2013-07-12T22:53:10","guid":{"rendered":"http:\/\/ppgecpan.draconis.ufms.br\/?p=380"},"modified":"2013-07-12T18:53:10","modified_gmt":"2013-07-12T22:53:10","slug":"em-breve-edital-de-selecao-turma-2014","status":"publish","type":"post","link":"https:\/\/ppgecpan.ufms.br\/es\/em-breve-edital-de-selecao-turma-2014\/","title":{"rendered":"EM BREVE EDITAL DE SELE\u00c7\u00c3O TURMA 2014"},"content":{"rendered":"<p><strong>Em breve ser\u00e1 lan\u00e7ado edital de sele\u00e7\u00e3o de mestrado para ingresso da turma de 2014.<\/strong><\/p>\n","protected":false},"excerpt":{"rendered":"<p>Em breve ser\u00e1 lan\u00e7ado edital de sele\u00e7\u00e3o de mestrado para ingresso da turma de 2014.<\/p>\n","protected":false},"author":18799,"featured_media":0,"comment_status":"closed","ping_status":"open","sticky":false,"template":"","format":"standard","meta":{"footnotes":""},"categories":[1],"tags":[],"coauthors":[],"class_list":["post-380","post","type-post","status-publish","format-standard","hentry","category-noticias"],"_links":{"self":[{"href":"https:\/\/ppgecpan.ufms.br\/es\/wp-json\/wp\/v2\/posts\/380","targetHints":{"allow":["GET"]}}],"collection":[{"href":"https:\/\/ppgecpan.ufms.br\/es\/wp-json\/wp\/v2\/posts"}],"about":[{"href":"https:\/\/ppgecpan.ufms.br\/es\/wp-json\/wp\/v2\/types\/post"}],"author":[{"embeddable":true,"href":"https:\/\/ppgecpan.ufms.br\/es\/wp-json\/wp\/v2\/users\/18799"}],"replies":[{"embeddable":true,"href":"https:\/\/ppgecpan.ufms.br\/es\/wp-json\/wp\/v2\/comments?post=380"}],"version-history":[{"count":2,"href":"https:\/\/ppgecpan.ufms.br\/es\/wp-json\/wp\/v2\/posts\/380\/revisions"}],"predecessor-version":[{"id":382,"href":"https:\/\/ppgecpan.ufms.br\/es\/wp-json\/wp\/v2\/posts\/380\/revisions\/382"}],"wp:attachment":[{"href":"https:\/\/ppgecpan.ufms.br\/es\/wp-json\/wp\/v2\/media?parent=380"}],"wp:term":[{"taxonomy":"category","embeddable":true,"href":"https:\/\/ppgecpan.ufms.br\/es\/wp-json\/wp\/v2\/categories?post=380"},{"taxonomy":"post_tag","embeddable":true,"href":"https:\/\/ppgecpan.ufms.br\/es\/wp-json\/wp\/v2\/tags?post=380"},{"taxonomy":"author","embeddable":true,"href":"https:\/\/ppgecpan.ufms.br\/es\/wp-json\/wp\/v2\/coauthors?post=380"}],"curies":[{"name":"wp","href":"https:\/\/api.w.org\/{rel}","templated":true}]}}