{"id":383,"date":"2013-07-12T19:06:22","date_gmt":"2013-07-12T23:06:22","guid":{"rendered":"http:\/\/ppgecpan.draconis.ufms.br\/?p=383"},"modified":"2015-11-12T15:19:35","modified_gmt":"2015-11-12T19:19:35","slug":"vii-encontro-brasileiro-da-rede-estrado","status":"publish","type":"post","link":"https:\/\/ppgecpan.ufms.br\/es\/vii-encontro-brasileiro-da-rede-estrado\/","title":{"rendered":"VII Encontro Brasileiro da Rede Estrado"},"content":{"rendered":"<div>\n<p>TRABALHO DOCENTE E POL\u00cdTICAS DE RESPONSABILIZA\u00c7\u00c3O<\/p>\n<p>Local e Data de realiza\u00e7\u00e3o do evento:<\/p>\n<p>VIT\u00d3RIA &#8211; 20 A 22 DE NOVEMBRO DE 2013<\/p>\n<p>Convite:<\/p>\n<p>A Rede Latinoamericana de Estudos Sobre Trabalho Docente (Rede ESTRADO) convida para seu VII Encontro Brasileiro, nos dias 20, 21 e 22 de novembro de 2013, na Universidade Federal do Esp\u00edrito Santo (UFES), na cidade de Vit\u00f3ria, Esp\u00edrito Santo. A organiza\u00e7\u00e3o de mais este evento vem firmar o compromisso da Rede ESTRADO na consolida\u00e7\u00e3o do campo de estudos e pesquisas sobre trabalho docente.<\/p>\n<p>&nbsp;<\/p>\n<p>Prazos:<\/p>\n<p>Inscri\u00e7\u00f5es: A partir de 15\/06\/2013<\/p>\n<p>Data limite para envio das inscri\u00e7\u00f5es de trabalhos: 15\/08\/2013<\/p>\n<p>&nbsp;<\/p>\n<p>Link do evento:<\/p>\n<p>http:\/\/www.eventos.ufes.br\/index.php\/ebre\/VIIEBRE<\/p>\n<p>&nbsp;<\/p>\n<p>&nbsp;<\/p>\n<\/div>\n","protected":false},"excerpt":{"rendered":"<p>TRABALHO DOCENTE E POL\u00cdTICAS DE RESPONSABILIZA\u00c7\u00c3O Local e Data de realiza\u00e7\u00e3o do evento: VIT\u00d3RIA &#8211; 20 A 22 DE NOVEMBRO DE 2013 Convite: A Rede Latinoamericana de Estudos Sobre Trabalho Docente (Rede ESTRADO) convida para seu VII Encontro Brasileiro, nos dias 20, 21 e 22 de novembro de 2013, na Universidade Federal do Esp\u00edrito Santo [&hellip;]<\/p>\n","protected":false},"author":18799,"featured_media":0,"comment_status":"closed","ping_status":"open","sticky":false,"template":"","format":"standard","meta":{"footnotes":""},"categories":[10,39],"tags":[],"coauthors":[],"class_list":["post-383","post","type-post","status-publish","format-standard","hentry","category-eventos","category-eventos-externos"],"_links":{"self":[{"href":"https:\/\/ppgecpan.ufms.br\/es\/wp-json\/wp\/v2\/posts\/383","targetHints":{"allow":["GET"]}}],"collection":[{"href":"https:\/\/ppgecpan.ufms.br\/es\/wp-json\/wp\/v2\/posts"}],"about":[{"href":"https:\/\/ppgecpan.ufms.br\/es\/wp-json\/wp\/v2\/types\/post"}],"author":[{"embeddable":true,"href":"https:\/\/ppgecpan.ufms.br\/es\/wp-json\/wp\/v2\/users\/18799"}],"replies":[{"embeddable":true,"href":"https:\/\/ppgecpan.ufms.br\/es\/wp-json\/wp\/v2\/comments?post=383"}],"version-history":[{"count":3,"href":"https:\/\/ppgecpan.ufms.br\/es\/wp-json\/wp\/v2\/posts\/383\/revisions"}],"predecessor-version":[{"id":1188,"href":"https:\/\/ppgecpan.ufms.br\/es\/wp-json\/wp\/v2\/posts\/383\/revisions\/1188"}],"wp:attachment":[{"href":"https:\/\/ppgecpan.ufms.br\/es\/wp-json\/wp\/v2\/media?parent=383"}],"wp:term":[{"taxonomy":"category","embeddable":true,"href":"https:\/\/ppgecpan.ufms.br\/es\/wp-json\/wp\/v2\/categories?post=383"},{"taxonomy":"post_tag","embeddable":true,"href":"https:\/\/ppgecpan.ufms.br\/es\/wp-json\/wp\/v2\/tags?post=383"},{"taxonomy":"author","embeddable":true,"href":"https:\/\/ppgecpan.ufms.br\/es\/wp-json\/wp\/v2\/coauthors?post=383"}],"curies":[{"name":"wp","href":"https:\/\/api.w.org\/{rel}","templated":true}]}}