{"id":409,"date":"2013-07-23T11:42:08","date_gmt":"2013-07-23T15:42:08","guid":{"rendered":"http:\/\/ppgecpan.draconis.ufms.br\/?p=409"},"modified":"2013-07-24T17:00:55","modified_gmt":"2013-07-24T21:00:55","slug":"409","status":"publish","type":"post","link":"https:\/\/ppgecpan.ufms.br\/es\/409\/","title":{"rendered":"Disciplinas 2013\/2"},"content":{"rendered":"<div>\n<div><\/div>\n<table width=\"596\" border=\"1\" cellspacing=\"0\" cellpadding=\"0\">\n<tbody>\n<tr>\n<td valign=\"top\" width=\"215\">\n<p align=\"center\"><strong>Disciplina<\/strong><\/p>\n<\/td>\n<td valign=\"top\" width=\"152\">\n<p align=\"center\"><strong>Professor<\/strong><\/p>\n<\/td>\n<td valign=\"top\" width=\"128\">\n<p align=\"center\"><strong>N\u00ba de Alunos especiais<\/strong><\/p>\n<\/td>\n<td valign=\"top\" width=\"102\">\n<p align=\"center\"><strong>Dia e hor\u00e1rio da disciplina<\/strong><\/p>\n<\/td>\n<\/tr>\n<tr>\n<td width=\"215\">Semin\u00e1rio de Pesquisa I &#8211; <strong>Obrigat\u00f3ria<\/strong><\/td>\n<td width=\"152\">Fabiano Antonio dos Santos e M\u00f4nica de Carvalho Magalh\u00e3es Kassar<\/td>\n<td valign=\"top\" width=\"128\">0<\/td>\n<td valign=\"top\" width=\"102\">Sexta Feira Manh\u00e3 &#8211; tarde*<\/td>\n<\/tr>\n<tr>\n<td width=\"215\">Fundamentos Hist\u00f3rico-Filos\u00f3ficos da Educa\u00e7\u00e3o &#8211; <strong>Obrigat\u00f3ria<\/strong><\/td>\n<td width=\"152\">Anamaria Santana da Silva e Ana L\u00facia Esp\u00edndola<\/td>\n<td valign=\"top\" width=\"128\">0<\/td>\n<td valign=\"top\" width=\"102\">Sexta Feira Manh\u00e3- tarde*<\/td>\n<\/tr>\n<tr>\n<td width=\"215\">Inf\u00e2ncia e Letramento &#8211; <strong>Optativa<\/strong><br \/>\n<strong><\/strong><\/td>\n<td width=\"152\">Regina Marques de Souza, Lucimar Rosa Dias e Ana L\u00facia Esp\u00edndola<\/td>\n<td valign=\"top\" width=\"128\">Alunos de outros PPGs &#8211; 3 (tr\u00eas)Alunos especiais &#8211; 5 (cinco)<\/td>\n<td valign=\"top\" width=\"102\">Segunda Feira Manh\u00e3 &#8211; tarde*<\/td>\n<\/tr>\n<tr>\n<td width=\"215\">Estrat\u00e9gias Culturais e Escolariza\u00e7\u00e3o &#8211; <strong>Optativa<\/strong><\/td>\n<td width=\"152\">Marcia Regina do Nascimento Sambugari.<\/td>\n<td valign=\"top\" width=\"128\">Alunos de outros PPGs &#8211; 3 (tr\u00eas)Alunos especiais &#8211; 2 (dois)<\/td>\n<td valign=\"top\" width=\"102\">\u00a0Quarta Feira Manh\u00e3 &#8211; tarde*<\/td>\n<\/tr>\n<tr>\n<td width=\"215\"><\/td>\n<td width=\"152\"><\/td>\n<td valign=\"top\" width=\"128\"><\/td>\n<td valign=\"top\" width=\"102\"><\/td>\n<\/tr>\n<\/tbody>\n<\/table>\n<\/div>\n<p>* Disciplinas ministradas quinzenalmente<\/p>\n","protected":false},"excerpt":{"rendered":"<p>Disciplina Professor N\u00ba de Alunos especiais Dia e hor\u00e1rio da disciplina Semin\u00e1rio de Pesquisa I &#8211; Obrigat\u00f3ria Fabiano Antonio dos Santos e M\u00f4nica de Carvalho Magalh\u00e3es Kassar 0 Sexta Feira Manh\u00e3 &#8211; tarde* Fundamentos Hist\u00f3rico-Filos\u00f3ficos da Educa\u00e7\u00e3o &#8211; Obrigat\u00f3ria Anamaria Santana da Silva e Ana L\u00facia Esp\u00edndola 0 Sexta Feira Manh\u00e3- tarde* Inf\u00e2ncia e Letramento [&hellip;]<\/p>\n","protected":false},"author":18799,"featured_media":0,"comment_status":"closed","ping_status":"open","sticky":false,"template":"","format":"standard","meta":{"footnotes":""},"categories":[12],"tags":[],"coauthors":[],"class_list":["post-409","post","type-post","status-publish","format-standard","hentry","category-grade-horaria"],"_links":{"self":[{"href":"https:\/\/ppgecpan.ufms.br\/es\/wp-json\/wp\/v2\/posts\/409","targetHints":{"allow":["GET"]}}],"collection":[{"href":"https:\/\/ppgecpan.ufms.br\/es\/wp-json\/wp\/v2\/posts"}],"about":[{"href":"https:\/\/ppgecpan.ufms.br\/es\/wp-json\/wp\/v2\/types\/post"}],"author":[{"embeddable":true,"href":"https:\/\/ppgecpan.ufms.br\/es\/wp-json\/wp\/v2\/users\/18799"}],"replies":[{"embeddable":true,"href":"https:\/\/ppgecpan.ufms.br\/es\/wp-json\/wp\/v2\/comments?post=409"}],"version-history":[{"count":3,"href":"https:\/\/ppgecpan.ufms.br\/es\/wp-json\/wp\/v2\/posts\/409\/revisions"}],"predecessor-version":[{"id":412,"href":"https:\/\/ppgecpan.ufms.br\/es\/wp-json\/wp\/v2\/posts\/409\/revisions\/412"}],"wp:attachment":[{"href":"https:\/\/ppgecpan.ufms.br\/es\/wp-json\/wp\/v2\/media?parent=409"}],"wp:term":[{"taxonomy":"category","embeddable":true,"href":"https:\/\/ppgecpan.ufms.br\/es\/wp-json\/wp\/v2\/categories?post=409"},{"taxonomy":"post_tag","embeddable":true,"href":"https:\/\/ppgecpan.ufms.br\/es\/wp-json\/wp\/v2\/tags?post=409"},{"taxonomy":"author","embeddable":true,"href":"https:\/\/ppgecpan.ufms.br\/es\/wp-json\/wp\/v2\/coauthors?post=409"}],"curies":[{"name":"wp","href":"https:\/\/api.w.org\/{rel}","templated":true}]}}