{"id":437,"date":"2013-08-13T13:45:56","date_gmt":"2013-08-13T17:45:56","guid":{"rendered":"http:\/\/ppgecpan.draconis.ufms.br\/?p=437"},"modified":"2016-03-13T11:04:50","modified_gmt":"2016-03-13T15:04:50","slug":"mesa-redonda-ppgecpan","status":"publish","type":"post","link":"https:\/\/ppgecpan.ufms.br\/es\/mesa-redonda-ppgecpan\/","title":{"rendered":"Mesa Redonda &#8211; PPGE\/CPAN"},"content":{"rendered":"<p>O Programa de P\u00f3s-Gradua\u00e7\u00e3o em Educa\u00e7\u00e3o \u2013 PPGE\/CPAN da Universidade Federal de Mato Grosso do Sul convida para a mesa-redonda \u201cCaracter\u00edsticas da Educa\u00e7\u00e3o Especial em munic\u00edpios brasileiros diante da pol\u00edtica de educa\u00e7\u00e3o inclusiva\u201d, como parte das comemora\u00e7\u00f5es dos 20 anos do Centro de Refer\u00eancia de Estudos da Inf\u00e2ncia e da Adolesc\u00eancia &#8211; CREIA.<\/p>\n<div>Componentes:<\/div>\n<div>Adriana Lia Frszman de Laplane \u2013 UNICAMP<\/div>\n<div>Edelir Salom\u00e3o Garcia \u2013 UFMS<\/div>\n<div>K\u00e1tia Regina Moreno Caiado \u2013 UFSCar<\/div>\n<div>M\u00f4nica de Carvalho Magalh\u00e3es Kassar \u2013 UFMS<\/div>\n<div>Rosalba Maria Cardoso Garcia \u2013 UFSC<\/div>\n<div>S\u00edlvia M\u00e1rcia Ferreira Meletti &#8211; UEL<\/div>\n<div><\/div>\n<div>Local:<\/div>\n<div>Sala 108 do Bloco H.<\/div>\n<div><\/div>\n<div>Data e hor\u00e1rio:<\/div>\n<div>Dia 21\/08\/2013 (quarta-feira), \u00e0s 16:00 h.<\/div>\n","protected":false},"excerpt":{"rendered":"<p>O Programa de P\u00f3s-Gradua\u00e7\u00e3o em Educa\u00e7\u00e3o \u2013 PPGE\/CPAN da Universidade Federal de Mato Grosso do Sul convida para a mesa-redonda \u201cCaracter\u00edsticas da Educa\u00e7\u00e3o Especial em munic\u00edpios brasileiros diante da pol\u00edtica de educa\u00e7\u00e3o inclusiva\u201d, como parte das comemora\u00e7\u00f5es dos 20 anos do Centro de Refer\u00eancia de Estudos da Inf\u00e2ncia e da Adolesc\u00eancia &#8211; CREIA. Componentes: Adriana [&hellip;]<\/p>\n","protected":false},"author":18799,"featured_media":1154,"comment_status":"closed","ping_status":"open","sticky":false,"template":"","format":"standard","meta":{"footnotes":""},"categories":[10,38],"tags":[],"coauthors":[],"class_list":["post-437","post","type-post","status-publish","format-standard","has-post-thumbnail","hentry","category-eventos","category-eventos-internos"],"_links":{"self":[{"href":"https:\/\/ppgecpan.ufms.br\/es\/wp-json\/wp\/v2\/posts\/437","targetHints":{"allow":["GET"]}}],"collection":[{"href":"https:\/\/ppgecpan.ufms.br\/es\/wp-json\/wp\/v2\/posts"}],"about":[{"href":"https:\/\/ppgecpan.ufms.br\/es\/wp-json\/wp\/v2\/types\/post"}],"author":[{"embeddable":true,"href":"https:\/\/ppgecpan.ufms.br\/es\/wp-json\/wp\/v2\/users\/18799"}],"replies":[{"embeddable":true,"href":"https:\/\/ppgecpan.ufms.br\/es\/wp-json\/wp\/v2\/comments?post=437"}],"version-history":[{"count":5,"href":"https:\/\/ppgecpan.ufms.br\/es\/wp-json\/wp\/v2\/posts\/437\/revisions"}],"predecessor-version":[{"id":1611,"href":"https:\/\/ppgecpan.ufms.br\/es\/wp-json\/wp\/v2\/posts\/437\/revisions\/1611"}],"wp:featuredmedia":[{"embeddable":true,"href":"https:\/\/ppgecpan.ufms.br\/es\/wp-json\/wp\/v2\/media\/1154"}],"wp:attachment":[{"href":"https:\/\/ppgecpan.ufms.br\/es\/wp-json\/wp\/v2\/media?parent=437"}],"wp:term":[{"taxonomy":"category","embeddable":true,"href":"https:\/\/ppgecpan.ufms.br\/es\/wp-json\/wp\/v2\/categories?post=437"},{"taxonomy":"post_tag","embeddable":true,"href":"https:\/\/ppgecpan.ufms.br\/es\/wp-json\/wp\/v2\/tags?post=437"},{"taxonomy":"author","embeddable":true,"href":"https:\/\/ppgecpan.ufms.br\/es\/wp-json\/wp\/v2\/coauthors?post=437"}],"curies":[{"name":"wp","href":"https:\/\/api.w.org\/{rel}","templated":true}]}}