{"id":4433,"date":"2020-03-26T13:34:55","date_gmt":"2020-03-26T17:34:55","guid":{"rendered":"https:\/\/ppgecpan.ufms.br\/?p=4433"},"modified":"2020-03-26T13:34:55","modified_gmt":"2020-03-26T17:34:55","slug":"jackeline-cristina-nogueira-guerrero-a-organizacao-do-espaco-pedagogico-e-geografico-no-1o-ano-do-ensino-fundamental-e-as-implicacoes-teorico-metodologicas-um-olhar-no-processo-de-apropriacao-da-li","status":"publish","type":"post","link":"https:\/\/ppgecpan.ufms.br\/es\/jackeline-cristina-nogueira-guerrero-a-organizacao-do-espaco-pedagogico-e-geografico-no-1o-ano-do-ensino-fundamental-e-as-implicacoes-teorico-metodologicas-um-olhar-no-processo-de-apropriacao-da-li\/","title":{"rendered":"(Portugu\u00eas do Brasil) JACKELINE CRISTINA NOGUEIRA GUERRERO &#8211; A Organiza\u00e7\u00e3o do Espa\u00e7o Pedag\u00f3gico e Geogr\u00e1fico no 1\u00ba Ano do Ensino Fundamental e as Implica\u00e7\u00f5es Te\u00f3rico-Metodol\u00f3gicas: Um Olhar no Processo de Apropria\u00e7\u00e3o da Linguagem Escrita"},"content":{"rendered":"<p class=\"qtranxs-available-languages-message qtranxs-available-languages-message-es\">Disculpa, pero esta entrada est\u00e1 disponible s\u00f3lo en <a href=\"https:\/\/ppgecpan.ufms.br\/pb\/wp-json\/wp\/v2\/posts\/4433\" class=\"qtranxs-available-language-link qtranxs-available-language-link-pb\" title=\"Portugu\u00eas do Brasil\">Portugu\u00eas do Brasil<\/a>.<\/p>","protected":false},"excerpt":{"rendered":"<p>Disculpa, pero esta entrada est\u00e1 disponible s\u00f3lo en Portugu\u00eas do Brasil.<\/p>\n","protected":false},"author":28260,"featured_media":3442,"comment_status":"closed","ping_status":"open","sticky":false,"template":"","format":"standard","meta":{"footnotes":""},"categories":[68,8],"tags":[],"coauthors":[],"class_list":["post-4433","post","type-post","status-publish","format-standard","has-post-thumbnail","hentry","category-2019-dissertacoes-defendidas","category-dissertacoes"],"_links":{"self":[{"href":"https:\/\/ppgecpan.ufms.br\/es\/wp-json\/wp\/v2\/posts\/4433","targetHints":{"allow":["GET"]}}],"collection":[{"href":"https:\/\/ppgecpan.ufms.br\/es\/wp-json\/wp\/v2\/posts"}],"about":[{"href":"https:\/\/ppgecpan.ufms.br\/es\/wp-json\/wp\/v2\/types\/post"}],"author":[{"embeddable":true,"href":"https:\/\/ppgecpan.ufms.br\/es\/wp-json\/wp\/v2\/users\/28260"}],"replies":[{"embeddable":true,"href":"https:\/\/ppgecpan.ufms.br\/es\/wp-json\/wp\/v2\/comments?post=4433"}],"version-history":[{"count":1,"href":"https:\/\/ppgecpan.ufms.br\/es\/wp-json\/wp\/v2\/posts\/4433\/revisions"}],"predecessor-version":[{"id":4435,"href":"https:\/\/ppgecpan.ufms.br\/es\/wp-json\/wp\/v2\/posts\/4433\/revisions\/4435"}],"wp:featuredmedia":[{"embeddable":true,"href":"https:\/\/ppgecpan.ufms.br\/es\/wp-json\/wp\/v2\/media\/3442"}],"wp:attachment":[{"href":"https:\/\/ppgecpan.ufms.br\/es\/wp-json\/wp\/v2\/media?parent=4433"}],"wp:term":[{"taxonomy":"category","embeddable":true,"href":"https:\/\/ppgecpan.ufms.br\/es\/wp-json\/wp\/v2\/categories?post=4433"},{"taxonomy":"post_tag","embeddable":true,"href":"https:\/\/ppgecpan.ufms.br\/es\/wp-json\/wp\/v2\/tags?post=4433"},{"taxonomy":"author","embeddable":true,"href":"https:\/\/ppgecpan.ufms.br\/es\/wp-json\/wp\/v2\/coauthors?post=4433"}],"curies":[{"name":"wp","href":"https:\/\/api.w.org\/{rel}","templated":true}]}}