{"id":4618,"date":"2020-08-04T13:40:23","date_gmt":"2020-08-04T17:40:23","guid":{"rendered":"https:\/\/ppgecpan.ufms.br\/?p=4618"},"modified":"2020-08-04T13:42:30","modified_gmt":"2020-08-04T17:42:30","slug":"andre-freire-mastrorocco-mapeamento-das-tendencias-de-ensino-e-da-identidade-profissional-docente-em-arte-nos-projetos-politicos-pedagogicos-dos-cursos-de-licenciatura-em-linguagens-artisticas-do-ma","status":"publish","type":"post","link":"https:\/\/ppgecpan.ufms.br\/es\/andre-freire-mastrorocco-mapeamento-das-tendencias-de-ensino-e-da-identidade-profissional-docente-em-arte-nos-projetos-politicos-pedagogicos-dos-cursos-de-licenciatura-em-linguagens-artisticas-do-ma\/","title":{"rendered":"(Portugu\u00eas do Brasil) ANDR\u00c9 FREIRE MASTROROCCO &#8211; Mapeamento das Tend\u00eancias de Ensino e da Identidade Profissional Docente em Arte nos Projetos Pol\u00edticos Pedag\u00f3gicos dos Cursos de Licenciatura em Linguagens Art\u00edsticas do Mato Grosso do Sul: Considera\u00e7\u00f5es Te\u00f3rico-cr\u00edticas"},"content":{"rendered":"<p class=\"qtranxs-available-languages-message qtranxs-available-languages-message-es\">Disculpa, pero esta entrada est\u00e1 disponible s\u00f3lo en <a href=\"https:\/\/ppgecpan.ufms.br\/pb\/wp-json\/wp\/v2\/posts\/4618\" class=\"qtranxs-available-language-link qtranxs-available-language-link-pb\" title=\"Portugu\u00eas do Brasil\">Portugu\u00eas do Brasil<\/a>.<\/p>","protected":false},"excerpt":{"rendered":"<p>Disculpa, pero esta entrada est\u00e1 disponible s\u00f3lo en Portugu\u00eas do Brasil.<\/p>\n","protected":false},"author":28260,"featured_media":1596,"comment_status":"closed","ping_status":"open","sticky":false,"template":"","format":"standard","meta":{"footnotes":""},"categories":[69,8],"tags":[],"coauthors":[],"class_list":["post-4618","post","type-post","status-publish","format-standard","has-post-thumbnail","hentry","category-69","category-dissertacoes"],"_links":{"self":[{"href":"https:\/\/ppgecpan.ufms.br\/es\/wp-json\/wp\/v2\/posts\/4618","targetHints":{"allow":["GET"]}}],"collection":[{"href":"https:\/\/ppgecpan.ufms.br\/es\/wp-json\/wp\/v2\/posts"}],"about":[{"href":"https:\/\/ppgecpan.ufms.br\/es\/wp-json\/wp\/v2\/types\/post"}],"author":[{"embeddable":true,"href":"https:\/\/ppgecpan.ufms.br\/es\/wp-json\/wp\/v2\/users\/28260"}],"replies":[{"embeddable":true,"href":"https:\/\/ppgecpan.ufms.br\/es\/wp-json\/wp\/v2\/comments?post=4618"}],"version-history":[{"count":1,"href":"https:\/\/ppgecpan.ufms.br\/es\/wp-json\/wp\/v2\/posts\/4618\/revisions"}],"predecessor-version":[{"id":4620,"href":"https:\/\/ppgecpan.ufms.br\/es\/wp-json\/wp\/v2\/posts\/4618\/revisions\/4620"}],"wp:featuredmedia":[{"embeddable":true,"href":"https:\/\/ppgecpan.ufms.br\/es\/wp-json\/wp\/v2\/media\/1596"}],"wp:attachment":[{"href":"https:\/\/ppgecpan.ufms.br\/es\/wp-json\/wp\/v2\/media?parent=4618"}],"wp:term":[{"taxonomy":"category","embeddable":true,"href":"https:\/\/ppgecpan.ufms.br\/es\/wp-json\/wp\/v2\/categories?post=4618"},{"taxonomy":"post_tag","embeddable":true,"href":"https:\/\/ppgecpan.ufms.br\/es\/wp-json\/wp\/v2\/tags?post=4618"},{"taxonomy":"author","embeddable":true,"href":"https:\/\/ppgecpan.ufms.br\/es\/wp-json\/wp\/v2\/coauthors?post=4618"}],"curies":[{"name":"wp","href":"https:\/\/api.w.org\/{rel}","templated":true}]}}