{"id":4740,"date":"2020-11-05T09:44:32","date_gmt":"2020-11-05T13:44:32","guid":{"rendered":"https:\/\/ppgecpan.ufms.br\/?p=4740"},"modified":"2025-05-29T11:04:46","modified_gmt":"2025-05-29T15:04:46","slug":"artigos-publicados","status":"publish","type":"post","link":"https:\/\/ppgecpan.ufms.br\/es\/artigos-publicados\/","title":{"rendered":"Artigos Publicados"},"content":{"rendered":"<div class=\"panel-group\" id=\"custom-collapse-8\"><br class=\"nc\" \/><div class=\"panel panel-default\">\n\t\t\t\t<div class=\"panel-heading\">\n\t\t\t\t\t<h4 class=\"panel-title\">\n\t\t\t\t\t\t<a class=\"collapsed\" data-toggle=\"collapse\" data-parent=\"#custom-collapse-8\" href=\"#custom-collapse-8-8\">PUBLICA\u00c7\u00d5ES 2021<\/a>\n\t\t\t\t\t<\/h4>\n\t\t\t\t<\/div>\n\t\t\t\t<div id=\"custom-collapse-8-8\" class=\"panel-collapse collapse\">\n\t\t\t\t\t<div class=\"panel-body\"><br class=\"nc\" \/><br class=\"nc\" \/><\/div>\n\t\t\t\t<\/div>\n\t\t\t<\/div><br class=\"nc\" \/><\/div>\n<div class=\"panel-group\" id=\"custom-collapse-9\"><br class=\"nc\" \/><div class=\"panel panel-default\">\n\t\t\t\t<div class=\"panel-heading\">\n\t\t\t\t\t<h4 class=\"panel-title\">\n\t\t\t\t\t\t<a class=\"collapsed\" data-toggle=\"collapse\" data-parent=\"#custom-collapse-9\" href=\"#custom-collapse-9-9\"> PUBLICA\u00c7\u00d5ES 2020 <\/a>\n\t\t\t\t\t<\/h4>\n\t\t\t\t<\/div>\n\t\t\t\t<div id=\"custom-collapse-9-9\" class=\"panel-collapse collapse\">\n\t\t\t\t\t<div class=\"panel-body\">\n<table style=\"height: 240px;width: 100%;border-collapse: collapse;border-style: groove\" border=\"1\">\n<tbody>\n<tr style=\"height: 49px\">\n<td style=\"width: 83.1294%;text-align: center;border-style: groove;border-color: #453b3b;height: 40px\" colspan=\"2\">\n<h3><strong>2020<\/strong><\/h3>\n<\/td>\n<\/tr>\n<tr style=\"border-style: none\">\n<td style=\"width: 49.7961%;text-align: center;height: 40px;border-style: groove;border-color: #453b3b\"><strong>T\u00edtulo\u00a0<\/strong><\/td>\n<td style=\"width: 33.3333%;text-align: center;height: 40px;border-style: groove;border-color: #453b3b\"><strong>Autor<\/strong><\/td>\n<\/tr>\n<tr>\n<td style=\"width: 49.7961%;border-style: groove;border-color: #453b3b\">Prioridades para a agenda internacional da educa\u00e7\u00e3o: qualidade da educa\u00e7\u00e3o, aprendizagem, qualidade docente e avalia\u00e7\u00e3o externa.<\/td>\n<td style=\"width: 33.3333%;border-style: groove;border-color: #453b3b\">SANTOS, FABIANO ANTONIO DOS; SANTOS, RENNAN ANDRADE DOS ; MORAIS, NICOLE DE ; SILVA, CRISTIELLY CAMPOS DA ; FRANCISCO, JONAS ANT\u00d3NIO<\/td>\n<\/tr>\n<tr style=\"height: 48px\">\n<td style=\"width: 49.7961%;border-style: groove;border-color: #453b3b;height: 48px\">Produ\u00e7\u00e3o acad\u00eamica sobre surdez e Libras em banco de dados bibliogr\u00e1fico: uma revis\u00e3o de literatura.<\/td>\n<td style=\"width: 33.3333%;border-style: groove;border-color: #453b3b;height: 48px\">GIL, J. C. S. ; SOARES, L. L. S. ;\u00a0REBELO, A. S.<\/td>\n<\/tr>\n<tr style=\"height: 96px\">\n<td style=\"width: 49.7961%;border-style: groove;border-color: #453b3b;height: 96px\">Desafios da gest\u00e3o nas escolas das \u00e1guas.<\/td>\n<td style=\"width: 33.3333%;border-style: groove;border-color: #453b3b;height: 96px\">NOZU, WASHINGTON CESAR SHOITI ;\u00a0REBELO, ANDRESSA SANTOS\u00a0; KASSAR, M\u00d4NICA DE CARVALHO MAGALH\u00c3ES<\/td>\n<\/tr>\n<tr style=\"height: 48px\">\n<td style=\"width: 49.7961%;border-style: groove;border-color: #453b3b;height: 48px\">Forma\u00e7\u00e3o continuada para a educa\u00e7\u00e3o de surdos em um munic\u00edpio de Mato Grosso do Sul.<\/td>\n<td style=\"width: 33.3333%;border-style: groove;border-color: #453b3b;height: 48px\">CARDOSO, FERNANDA C\u00c2MARA; REBELO, ANDRESSA<\/td>\n<\/tr>\n<tr style=\"height: 72px\">\n<td style=\"width: 49.7961%;border-style: groove;border-color: #453b3b;height: 72px\">Centro de Refer\u00eancia de Estudos da Inf\u00e2ncia e Adolesc\u00eancia &#8211; CREIA.<\/td>\n<td style=\"width: 33.3333%;border-style: groove;border-color: #453b3b;height: 72px\">REBELO, A. S.; COSTA, C. A. S. GARCIA, E. S.\u00a0; LEITE, J. S. ;\u00a0KASSAR, M. C. M.<\/td>\n<\/tr>\n<tr style=\"height: 48px\">\n<td style=\"width: 49.7961%;border-style: groove;border-color: #453b3b;height: 48px\">Escala de Efic\u00e1cia Docente para Pr\u00e1ticas Inclusivas: Valida\u00e7\u00e3o da Teacher Efficacy for Inclusive Practices (TEIP) Scale.<\/td>\n<td style=\"width: 33.3333%;border-style: groove;border-color: #453b3b;height: 48px\">MARTINS, B. A.;\u00a0CHACON<\/td>\n<\/tr>\n<tr style=\"height: 72px\">\n<td style=\"width: 49.7961%;border-style: groove;border-color: #453b3b;height: 72px\">ALTAS HABILIDADES\/SUPERDOTA\u00c7\u00c3O NA FORMA\u00c7\u00c3O DE PROFESSORES BRASILEIROS E PORTUGUESES: UM ESTUDO COMPARATIVO ENTRE OS CASOS DA UNESP E DA UMINHO.<\/td>\n<td style=\"width: 33.3333%;border-style: groove;border-color: #453b3b;height: 72px\">MARTINS, B. A<b>.<\/b>;\u00a0CHACON\u00a0; ALMEIDA, L. S.<\/td>\n<\/tr>\n<tr style=\"height: 48px\">\n<td style=\"width: 49.7961%;border-style: groove;border-color: #453b3b;height: 48px\">The absence of literature in the National Curricular Common Base for high school.<\/td>\n<td style=\"width: 33.3333%;border-style: groove;border-color: #453b3b;height: 48px\">FONTES, NATHALIA SOARES ;\u00a0SANTOS, FABIANO ANTONIO<\/td>\n<\/tr>\n<tr style=\"height: 48px\">\n<td style=\"width: 49.7961%;border-style: groove;border-color: #453b3b;height: 48px\">As estrat\u00e9gias do -Movimento Pela Base- na constru\u00e7\u00e3o da BNCC: consenso e privatiza\u00e7\u00e3o.<\/td>\n<td style=\"width: 33.3333%;border-style: groove;border-color: #453b3b;height: 48px\">FERREIRA, FAB\u00cdOLA DA SILVA ;\u00a0SANTOS, FABIANO ANTONIO DOS<\/td>\n<\/tr>\n<tr style=\"height: 72px\">\n<td style=\"width: 49.7961%;border-style: groove;border-color: #453b3b;height: 72px\">Desafios pol\u00edticos, econ\u00f4micos e sociais para os docentes na Am\u00e9rica Latina.<\/td>\n<td style=\"width: 33.3333%;border-style: groove;border-color: #453b3b;height: 72px\">SANTOS, FABIANO ANTONIO DOS; ZANARDINI, JO\u00c3O BATISTA ; MARQUES, Hellen Jaqueline<\/td>\n<\/tr>\n<tr style=\"height: 48px\">\n<td style=\"width: 49.7961%;border-style: groove;border-color: #453b3b;height: 48px\">Escolariza\u00e7\u00e3o de crian\u00e7as e adolescentes pantaneiros em tempos de COVID-19.<\/td>\n<td style=\"width: 33.3333%;border-style: groove;border-color: #453b3b;height: 48px\">NOZU, WASHINGTON CESAR SHOITI ;\u00a0Kassar, M\u00f4nica de Carvalho Magalh\u00e3es<\/td>\n<\/tr>\n<tr style=\"height: 48px\">\n<td style=\"width: 49.7961%;border-style: groove;border-color: #453b3b;height: 48px\">A forma\u00e7\u00e3o de professores e os saberes disciplinares de professores de ci\u00eancias.<\/td>\n<td style=\"width: 33.3333%;border-style: groove;border-color: #453b3b;height: 48px\">PEREIRA, A. M<\/td>\n<\/tr>\n<tr style=\"height: 48px\">\n<td style=\"width: 49.7961%;border-style: groove;border-color: #453b3b;height: 48px\">O uso do livro did\u00e1tico por professores de Educa\u00e7\u00e3o F\u00edsica: uma primeira impress\u00e3o.<\/td>\n<td style=\"width: 33.3333%;border-style: groove;border-color: #453b3b;height: 48px\">ZAIM DE MELO, R. ;\u00a0RIZZO, D. T. S<\/td>\n<\/tr>\n<tr style=\"height: 48px\">\n<td style=\"width: 49.7961%;border-style: groove;border-color: #453b3b;height: 48px\">Jogos e\/na inicia\u00e7\u00e3o esportiva.<\/td>\n<td style=\"width: 33.3333%;border-style: groove;border-color: #453b3b;height: 48px\">RIZZO, Deyvid Tenner de Souz<b>a<\/b>; ZAIM-DE-MELO, ROGERIO ; TAQUES, MARCELO JOS\u00c9<\/td>\n<\/tr>\n<tr style=\"height: 72px\">\n<td style=\"width: 49.7961%;border-style: groove;border-color: #453b3b;height: 72px\">Produ\u00e7\u00e3o cient\u00ed\u00adfica sobre atividades circenses no centro-oeste do Brasil no per\u00ed\u00adodo 2015-2020.<\/td>\n<td style=\"width: 33.3333%;border-style: groove;border-color: #453b3b;height: 72px\">CONCEI\u00c7\u00c3O JUNIOR, ELIAS JOS\u00c9 MENDES ; GODOY, LUIS BRUNO ;\u00a0RIZZO, Deyvid Tenner de Souza\u00a0; ZAIM-DE-MELO, ROG\u00c9RIO<\/td>\n<\/tr>\n<tr style=\"height: 48px\">\n<td style=\"width: 49.7961%;border-style: groove;border-color: #453b3b;height: 48px\">Conhecimento do professor de educa\u00e7\u00e3o f\u00edsica sobre primeiros socorros no ambiente escolar.<\/td>\n<td style=\"width: 33.3333%;border-style: groove;border-color: #453b3b;height: 48px\">SOUSA, A. P. M. ;\u00a0RIZZO, D. T. S.\u00a0; DOMINGOS, G. S. B<\/td>\n<\/tr>\n<tr style=\"height: 48px\">\n<td style=\"width: 49.7961%;border-style: groove;border-color: #453b3b;height: 48px\">Sportive pedagogy and pole dance education in school: an action research on impacts in the lessons of physical education.<\/td>\n<td style=\"width: 33.3333%;border-style: groove;border-color: #453b3b;height: 48px\">RIZZO, D. T. S<b>.<\/b>; GOLIN, C. H. ; SOUSA, A. P. M. ; ARANHA, A. C. M<\/td>\n<\/tr>\n<tr style=\"height: 48px\">\n<td style=\"width: 49.7961%;border-style: groove;border-color: #453b3b;height: 48px\">Ressignifica\u00e7\u00e3o das lutas na concep\u00e7\u00e3o de estudantes do ensino m\u00e9dio.<\/td>\n<td style=\"width: 33.3333%;border-style: groove;border-color: #453b3b;height: 48px\">SILVA, F. E. L. ; MARIANO, E. R. ; OLIVEIRA FILHO, S. ;\u00a0RIZZO, D. T. S.<\/td>\n<\/tr>\n<tr style=\"height: 24px\">\n<td style=\"width: 49.7961%;border-style: groove;border-color: #453b3b;height: 24px\">Experi\u00eancia est\u00e9tica e expressividade na creche.<\/td>\n<td style=\"width: 33.3333%;border-style: groove;border-color: #453b3b;height: 24px\">ANDRADE, E.N.F.; SANTANA, K. P.<\/td>\n<\/tr>\n<tr style=\"height: 48px\">\n<td style=\"width: 49.7961%;border-style: groove;border-color: #453b3b;height: 48px\">Navegando no Rio dos sonhos: quando o barco vira um circo.<\/td>\n<td style=\"width: 33.3333%;border-style: groove;border-color: #453b3b;height: 48px\"><span style=\"color: #000000\">ZAIM-DE-MELO, R. ;\u00a0TIAEN, M. S.\u00a0; GODOY, L. B. ;\u00a0COSTA, A. C. P.\u00a0;\u00a0SAMBUGARI, M. R. N.<\/span><\/td>\n<\/tr>\n<tr style=\"height: 48px\">\n<td style=\"width: 49.7961%;border-style: groove;border-color: #453b3b;height: 48px\">Jogar e brincar de crian\u00e7as pantaneiras: um estudo em uma &#8216;escola das \u00e1guas&#8217;.<\/td>\n<td style=\"width: 33.3333%;border-style: groove;border-color: #453b3b;height: 48px\"><span style=\"color: #000000\">ZAIM-DE-MELO, R. ; DUARTE, R. M. ;\u00a0SAMBUGARI, M. R. N.\u00a0<\/span><\/td>\n<\/tr>\n<tr style=\"height: 24px\">\n<td style=\"width: 49.7961%;border-style: groove;border-color: #453b3b;height: 24px\">O brincar sob o olhar de professoras da pr\u00e9-escola.<\/td>\n<td style=\"width: 33.3333%;border-style: groove;border-color: #453b3b;height: 24px\"><span style=\"color: #000000\">PANA, K. S. ;\u00a0RODRIGUES, S\u00edlvia Adriana<\/span><\/td>\n<\/tr>\n<tr style=\"height: 48px\">\n<td style=\"width: 49.7961%;border-style: groove;border-color: #453b3b;height: 48px\">\u00a0&#8216;Lembro at\u00e9 hoje&#8230;&#8217; Reflex\u00f5es sobre motiva\u00e7\u00f5es para o ingresso e exerc\u00edcio na\/da doc\u00eancia.<\/td>\n<td style=\"width: 33.3333%;border-style: groove;border-color: #453b3b;height: 48px\"><span style=\"color: #000000\">RODRIGUES, S\u00edlvia Adriana;\u00a0GOMES, Alberto Albuquerque\u00a0; SOUZA, L. A.<\/span><\/td>\n<\/tr>\n<tr style=\"height: 24px\">\n<td style=\"width: 49.7961%;border-style: groove;border-color: #453b3b;height: 24px\">Notas sobre a trajet\u00f3ria hist\u00f3rica do trabalho infantil ind\u00edgena na Bol\u00edvia.<\/td>\n<td style=\"width: 33.3333%;border-style: groove;border-color: #453b3b;height: 24px\"><span style=\"color: #000000\">MOREIRA, N. C. ;\u00a0R\u00dcCKERT, F. Q.<\/span><\/td>\n<\/tr>\n<tr style=\"height: 48px\">\n<td style=\"width: 49.7961%;border-style: groove;border-color: #453b3b;height: 48px\">Educa\u00e7\u00e3o informal e protagonismo ind\u00edgena na Am\u00e9rica Latina: uma breve revis\u00e3o bibliogr\u00e1fica.<\/td>\n<td style=\"width: 33.3333%;border-style: groove;border-color: #453b3b;height: 48px\"><span style=\"color: #000000\">R\u00dcCKERT, FABIANO QUADROS; MOREIRA, NATHALIA CLARO\u00a0<\/span><\/td>\n<\/tr>\n<tr style=\"height: 24px\">\n<td style=\"width: 49.7961%;border-style: groove;border-color: #453b3b;height: 24px\">A ve(o)z do povo surdo: do Historicismo \u00e0 Hist\u00f3ria Cultural.<\/td>\n<td style=\"width: 33.3333%;border-style: groove;border-color: #453b3b;height: 24px\"><span style=\"color: #000000\">LIMA, C. R. O. ;\u00a0R\u00dcCKERT, F. Q.<\/span><\/td>\n<\/tr>\n<tr style=\"height: 48px\">\n<td style=\"width: 49.7961%;border-style: groove;border-color: #453b3b;height: 48px\">Theoretical-critical dialogues on authoritary membership and evaluation at PNAIC.<\/td>\n<td style=\"width: 33.3333%;border-style: groove;border-color: #453b3b;height: 48px\"><span style=\"color: #000000\">OLARTE, CRISLEY MONTEIRO ;\u00a0FERREIRA, ISABELLA FERNANDA<\/span><\/td>\n<\/tr>\n<tr style=\"height: 48px\">\n<td style=\"width: 49.7961%;border-style: groove;border-color: #453b3b;height: 48px\">Sociedade do consumo e o fen\u00f4meno da inova\u00e7\u00e3o est\u00e9tica das mercadorias: algumas considera\u00e7\u00f5es te\u00f3rico-cr\u00edticas.<\/td>\n<td style=\"width: 33.3333%;border-style: groove;border-color: #453b3b;height: 48px\"><span style=\"color: #000000\">FERREIRA, ISABELLA FERNANDA<\/span><\/td>\n<\/tr>\n<tr style=\"height: 48px\">\n<td style=\"width: 49.7961%;border-style: groove;border-color: #453b3b;height: 48px\">A bandeira \u00e9 o s\u00edmbolo vibrante da p\u00e1tria: tra\u00e7os nacionalistas na cultura escolar do Oeste paulista.<\/td>\n<td style=\"width: 33.3333%;border-style: groove;border-color: #453b3b;height: 48px\"><span style=\"color: #000000\">MARIANO, J. L. M<b>.<\/b>; RIBEIRO, A. I. M<\/span><\/td>\n<\/tr>\n<tr style=\"height: 72px\">\n<td style=\"width: 49.7961%;border-style: groove;border-color: #453b3b;height: 72px\">Pol\u00edticas educacionais e g\u00eanero: desafios e pol\u00eamicas atuais.<\/td>\n<td style=\"width: 33.3333%;border-style: groove;border-color: #453b3b;height: 72px\"><span style=\"color: #000000\">NICOLETE, JAMILLY NIC\u00c1CIO ; FERRO, ELAINE GOMES ;\u00a0MARIANO, JORGE LU\u00cdS MAZZEO<\/span><\/td>\n<\/tr>\n<tr style=\"height: 48px\">\n<td style=\"width: 49.7961%;border-style: groove;border-color: #453b3b;height: 48px\">Atua\u00e7\u00e3o docente masculina com crian\u00e7as pr\u00e9-escolares em Salto Del Guair\u00e1 &#8211; PY.<\/td>\n<td style=\"width: 33.3333%;border-style: groove;border-color: #453b3b;height: 48px\"><span style=\"color: #000000\">PERES GON\u00c7ALVES, JOSIANE; CARVALHO, P. S<\/span><\/td>\n<\/tr>\n<tr style=\"height: 48px\">\n<td style=\"width: 49.7961%;border-style: groove;border-color: #453b3b;height: 48px\">Configura\u00e7\u00f5es Familiares e Educa\u00e7\u00e3o: Viv\u00eancias e Representa\u00e7\u00f5es da Comunidade Escolar.<\/td>\n<td style=\"width: 33.3333%;border-style: groove;border-color: #453b3b;height: 48px\"><span style=\"color: #000000\">GON\u00c7ALVES, Josiane Peres; REZENDE, J. M<\/span><\/td>\n<\/tr>\n<tr style=\"height: 24px\">\n<td style=\"width: 49.7961%;border-style: groove;border-color: #453b3b;height: 24px\">Diversidade em Contexto Educativo: Pr\u00e1ticas Desenvolvidas por uma Escola P\u00fablica Sul-Mato-Grossense.<\/td>\n<td style=\"width: 33.3333%;border-style: groove;border-color: #453b3b;height: 24px\"><span style=\"color: #000000\">GON\u00c7ALVES, Josiane Peres; FERREIRA, M. C.<\/span><\/td>\n<\/tr>\n<tr style=\"height: 24px\">\n<td style=\"width: 49.7961%;border-style: groove;border-color: #453b3b;height: 24px\">\u00a0Invisibilidade e Silenciamentos? Reflex\u00f5es acerca da Homossexualidade em \u00c2mbito Escolar.<\/td>\n<td style=\"width: 33.3333%;border-style: groove;border-color: #453b3b;height: 24px\"><span style=\"color: #000000\">GON\u00c7ALVES, Josiane Peres; GONCALVES, M. C.<\/span><\/td>\n<\/tr>\n<tr style=\"height: 24px\">\n<td style=\"width: 49.7961%;border-style: groove;border-color: #453b3b;height: 24px\">ENTRE BOATOS E VERDADES: A ORIENTA\u00c7\u00c3O SEXUAL DE CRIAN\u00c7AS ADOTADAS POR CASAIS HOMOSSEXUAIS.<\/td>\n<td style=\"width: 33.3333%;border-style: groove;border-color: #453b3b;height: 24px\"><span style=\"color: #000000\">GON\u00c7ALVES, Josiane Peres; COUTO, F. O. ; AZEVEDO, F.<\/span><\/td>\n<\/tr>\n<tr style=\"height: 24px\">\n<td style=\"width: 49.7961%;border-style: groove;border-color: #453b3b;height: 24px\">\u00a0\u201cEu me sentia frustrada por n\u00e3o ter o ensino superior\u201d: mulheres de meia idade x entrada tardia na universidade.<\/td>\n<td style=\"width: 33.3333%;border-style: groove;border-color: #453b3b;height: 24px\"><span style=\"color: #000000\">DIAS, E. F. M. ;\u00a0GON\u00c7ALVES, Josiane Peres<\/span><\/td>\n<\/tr>\n<tr style=\"height: 24px\">\n<td style=\"width: 49.7961%;border-style: groove;border-color: #453b3b;height: 24px\">\u201cEu sou professor por decis\u00e3o, porque eu gosto, porque \u00e9 minha vida!\u201d Paix\u00e3o, identidade e forma\u00e7\u00e3o na doc\u00eancia masculina.<\/td>\n<td style=\"width: 33.3333%;border-style: groove;border-color: #453b3b;height: 24px\"><span style=\"color: #000000\">GON\u00c7ALVES, Josiane Peres<\/span><\/td>\n<\/tr>\n<tr style=\"height: 24px\">\n<td style=\"width: 49.7961%;border-style: groove;border-color: #453b3b;height: 24px\">Opini\u00f5es de m\u00e3es e profissionais sobre a sexualidade de pessoas com defici\u00eancia intelectual.<\/td>\n<td style=\"width: 33.3333%;border-style: groove;border-color: #453b3b;height: 24px\"><span style=\"color: #000000\">GON\u00c7ALVES, Josiane Peres; BARBOSA, M. M. F<\/span><\/td>\n<\/tr>\n<tr style=\"height: 48px\">\n<td style=\"width: 49.7961%;border-style: groove;border-color: #453b3b;height: 48px\">\u00a0\u201cAlgu\u00e9m a fim?\u201d: an Online Ethnography in ChatRooms in the Brazil-Bolivia Border.<\/td>\n<td style=\"width: 33.3333%;border-style: groove;border-color: #453b3b;height: 48px\"><span style=\"color: #000000\">SOUZA, C. C. ;\u00a0DUQUE, T<\/span><\/td>\n<\/tr>\n<tr style=\"height: 48px\">\n<td style=\"width: 49.7961%;border-style: groove;border-color: #453b3b;height: 48px\">\u00a0\u201cGosta de flor?\u201d: o agir e o sentir a partir de uma oficina sobre corpo, g\u00eanero e sexualidade com professoras\/es em tempos de cruzada moral.<\/td>\n<td style=\"width: 33.3333%;border-style: groove;border-color: #453b3b;height: 48px\"><span style=\"color: #000000\">DUQUE, T<b>.<\/b>; SOLON, S<\/span><\/td>\n<\/tr>\n<tr style=\"height: 24px\">\n<td style=\"width: 49.7961%;border-style: groove;border-color: #453b3b;height: 24px\">\u00a0&#8216;Cancelando&#8217; o Cuier.<\/td>\n<td style=\"width: 33.3333%;border-style: groove;border-color: #453b3b;height: 24px\"><span style=\"color: #000000\">PELUCIO, L. ;\u00a0DUQUE, T<\/span><\/td>\n<\/tr>\n<tr style=\"height: 24px\">\n<td style=\"width: 49.7961%;border-style: groove;border-color: #453b3b;height: 24px\">&#8216;Algu\u00e9m afim?&#8217;: Uma etnografia-online em salas de bate papo na fronteira Brasil-Bol\u00edvia&#8217;.<\/td>\n<td style=\"width: 33.3333%;border-style: groove;border-color: #453b3b;height: 24px\"><span style=\"color: #000000\">SOUZA, C. C. ;\u00a0DUQUE, T<\/span><\/td>\n<\/tr>\n<tr>\n<td style=\"width: 49.7961%;border-style: groove;border-color: #453b3b\">Ag\u00eancia e interseccionalidade em quadra: inquieta\u00e7\u00f5es sobre escolas e diferen\u00e7as em Mato Grosso do Sul.<\/td>\n<td style=\"width: 33.3333%;border-style: groove;border-color: #453b3b\"><span style=\"color: #000000\">DUQUE, T.; OLIVEIRA, E. A. ; BECKER, S<\/span><\/td>\n<\/tr>\n<tr>\n<td style=\"width: 49.7961%;border-style: groove;border-color: #453b3b\">\u00a0\u201c\u00d3h, ela \u00e9 formada em F\u00edsica\u201d: um estudo sobre educa\u00e7\u00e3o e g\u00eanero na regi\u00e3o de Corumb\u00e1\/MS.<\/td>\n<td style=\"width: 33.3333%;border-style: groove;border-color: #453b3b\"><span style=\"color: #000000\">NARIMATSU, G. D. M. ;\u00a0DUQUE, T<\/span><\/td>\n<\/tr>\n<\/tbody>\n<\/table>\n<\/div>\n\t\t\t\t<\/div>\n\t\t\t<\/div><br class=\"nc\" \/><\/div>\n<div class=\"panel-group\" id=\"custom-collapse-10\"><br class=\"nc\" \/><div class=\"panel panel-default\">\n\t\t\t\t<div class=\"panel-heading\">\n\t\t\t\t\t<h4 class=\"panel-title\">\n\t\t\t\t\t\t<a class=\"collapsed\" data-toggle=\"collapse\" data-parent=\"#custom-collapse-10\" href=\"#custom-collapse-10-10\">PUBLICA\u00c7\u00d5ES 2019<\/a>\n\t\t\t\t\t<\/h4>\n\t\t\t\t<\/div>\n\t\t\t\t<div id=\"custom-collapse-10-10\" class=\"panel-collapse collapse\">\n\t\t\t\t\t<div class=\"panel-body\">\n<table style=\"height: 240px;width: 100%;border-collapse: collapse;border-style: groove\" border=\"1\">\n<tbody>\n<tr style=\"height: 65px\">\n<td style=\"width: 83.1294%;border-style: groove;border-color: #453b3b;text-align: center;height: 65px\" colspan=\"2\">\n<h3>2019<\/h3>\n<\/td>\n<\/tr>\n<tr style=\"height: 40px\">\n<td style=\"width: 49.7961%;border-style: groove;border-color: #453b3b;text-align: center;height: 40px\"><strong>T\u00edtulo\u00a0<\/strong><\/td>\n<td style=\"width: 33.3333%;border-style: groove;border-color: #453b3b;text-align: center;height: 40px\"><strong>Autor<\/strong><\/td>\n<\/tr>\n<tr style=\"height: 48px\">\n<td style=\"width: 49.7961%;border-style: groove;border-color: #453b3b;height: 48px\">Educa\u00e7\u00e3o Especial como pol\u00edtica p\u00fablica: Um projeto do regime militar?<\/td>\n<td style=\"width: 33.3333%;border-style: groove;border-color: #453b3b;height: 48px\">KASSAR, M. C. M.\u00a0;\u00a0REBELO, A. S.\u00a0;\u00a0JANNUZZI, G. S. M.<\/td>\n<\/tr>\n<tr style=\"border-style: none\">\n<td style=\"width: 49.7961%;height: 24px;border-style: groove;border-color: #453b3b\">Embates e disputas na pol\u00edtica nacional de Educa\u00e7\u00e3o Especial brasileira.<\/td>\n<td style=\"width: 33.3333%;height: 24px;border-style: groove;border-color: #453b3b\">KASSAR, M. C. M.\u00a0;\u00a0REBELO, A. S.\u00a0;\u00a0OLIVEIRA, R. T. C.<\/td>\n<\/tr>\n<tr style=\"border-style: none\">\n<td style=\"width: 49.7961%;height: 24px;border-style: groove;border-color: #453b3b\">Contexto escolar dos alunos da educa\u00e7\u00e3o especial em escolas do campo em Corumb\u00e1\/MS: an\u00e1lise dos indicadores educacionais.<\/td>\n<td style=\"width: 33.3333%;height: 24px;border-style: groove;border-color: #453b3b\"><span style=\"color: #000000\">CORREA, R. A. R. ;\u00a0REBELO, A. S.<\/span><\/td>\n<\/tr>\n<tr style=\"height: 48px\">\n<td style=\"width: 49.7961%;border-style: groove;border-color: #453b3b;height: 48px\">Altas habilidades\/Superdota\u00e7\u00e3o:a criatividade como um de seus tra\u00e7os dominantes.<\/td>\n<td style=\"width: 33.3333%;border-style: groove;border-color: #453b3b;height: 48px\"><span style=\"color: #000000\">OLIVEIRA, M. P. S. ;\u00a0MARTINS, B. A.<\/span><\/td>\n<\/tr>\n<tr style=\"height: 48px\">\n<td style=\"width: 49.7961%;border-style: groove;border-color: #453b3b;height: 48px\">O Programa Bolsa Fam\u00edlia e a educa\u00e7\u00e3o: uma an\u00e1lise da produ\u00e7\u00e3o cient\u00edfica brasileira fundamentada na base de dados SciELO (2003-2018).<\/td>\n<td style=\"width: 33.3333%;border-style: groove;border-color: #453b3b;height: 48px\"><span style=\"color: #000000\">MARTINS, B\u00c1RBARA AMARAL; R\u00dcCKERT, F. Q<\/span><\/td>\n<\/tr>\n<tr style=\"height: 72px\">\n<td style=\"width: 49.7961%;border-style: groove;border-color: #453b3b;height: 72px\">Autoefic\u00e1cia docente e Educa\u00e7\u00e3o Especial: Revis\u00e3o da produ\u00e7\u00e3o de conhecimento nacional e internacional com \u00eanfase na forma\u00e7\u00e3o de professores.<\/td>\n<td style=\"width: 33.3333%;border-style: groove;border-color: #453b3b;height: 72px\"><span style=\"color: #000000\">MARTINS, B. A.;\u00a0CHACON<\/span><\/td>\n<\/tr>\n<tr style=\"height: 48px\">\n<td style=\"width: 49.7961%;border-style: groove;border-color: #453b3b;height: 48px\">Internacionaliza\u00e7\u00e3o dos sistemas de avalia\u00e7\u00e3o: evid\u00eancias de Brasil e Chile.<\/td>\n<td style=\"width: 33.3333%;border-style: groove;border-color: #453b3b;height: 48px\"><span style=\"color: #000000\">SANTOS, FABIANO ANTONIO DOS; PETOUR, MAR\u00cdA TERESA FL\u00d3REZ<\/span><\/td>\n<\/tr>\n<tr style=\"height: 72px\">\n<td style=\"width: 49.7961%;border-style: groove;border-color: #453b3b;height: 72px\">Acessibilidade nas escolas como uma quest\u00e3o de direitos humanos.<\/td>\n<td style=\"width: 33.3333%;border-style: groove;border-color: #453b3b;height: 72px\"><span style=\"color: #000000\">SILVA FILHO, DANIEL MENDES DA; MAGALH\u00c3ES KASSAR, M\u00d4NICA DE CARVALHO<\/span><\/td>\n<\/tr>\n<tr style=\"height: 48px\">\n<td style=\"width: 49.7961%;border-style: groove;border-color: #453b3b;height: 48px\">Abstra\u00e7\u00e3o Reflexionante em estudantes:implica\u00e7\u00f5es pedag\u00f3gicas e psicopedag\u00f3gicas.<\/td>\n<td style=\"width: 33.3333%;border-style: groove;border-color: #453b3b;height: 48px\"><span style=\"color: #000000\">Saravali, E. G.\u00a0;\u00a0MANO, A. M. P.\u00a0;\u00a0Guimar\u00e3es, T.\u00a0;\u00a0ORIANI, A. P.\u00a0; ROTOLI, L. U. M.<\/span><\/td>\n<\/tr>\n<tr style=\"height: 48px\">\n<td style=\"width: 49.7961%;border-style: groove;border-color: #453b3b;height: 48px\">As rela\u00e7\u00f5es entre compreens\u00e3o das fases lunares e constru\u00e7\u00e3o de perspectivas: um estudo piagetiano.<\/td>\n<td style=\"width: 33.3333%;border-style: groove;border-color: #453b3b;height: 48px\"><span style=\"color: #000000\">MANO, A. M. P<b>.<\/b>;\u00a0Saravali, E. G.<\/span><\/td>\n<\/tr>\n<tr style=\"height: 48px\">\n<td style=\"width: 49.7961%;border-style: groove;border-color: #453b3b;height: 48px\">Sophistry in Vygotsky: Contributions to the Rhetorical and Poetic Pedagogy.<\/td>\n<td style=\"width: 33.3333%;border-style: groove;border-color: #453b3b;height: 48px\"><span style=\"color: #000000\">ANDRADE, ERIKA NATACHA FERNANDES DE; CUNHA, MARCUS VINICIUS DA<\/span><\/td>\n<\/tr>\n<tr style=\"height: 48px\">\n<td style=\"width: 49.7961%;border-style: groove;border-color: #453b3b;height: 48px\">Perspectivas e desafios da forma\u00e7\u00e3o continuada em atividades circenses no contexto escolar.<\/td>\n<td style=\"width: 33.3333%;border-style: groove;border-color: #453b3b;height: 48px\"><span style=\"color: #000000\">TIAEN, M. S. ;\u00a0SAMBUGARI, M. R. N.<\/span><\/td>\n<\/tr>\n<tr style=\"height: 48px\">\n<td style=\"width: 49.7961%;border-style: groove;border-color: #453b3b;height: 48px\">Acesso e perman\u00eancia ao ensino superior das camadas populares na vis\u00e3o de futuros professores.<\/td>\n<td style=\"width: 33.3333%;border-style: groove;border-color: #453b3b;height: 48px\"><span style=\"color: #000000\">BORGES, D. S. S. ;\u00a0SAMBUGARI, M. R. N.\u00a0<\/span><\/td>\n<\/tr>\n<tr style=\"height: 48px\">\n<td style=\"width: 49.7961%;border-style: groove;border-color: #453b3b;height: 48px\">Sobre as pr\u00e1ticas pedag\u00f3gicas na\/da creche: perspectivas das profissionais do munic\u00edpio de Corumb\u00e1\/MS.<\/td>\n<td style=\"width: 33.3333%;border-style: groove;border-color: #453b3b;height: 48px\">SILVA, I. L. A. ; ALMEIDA, V. ;\u00a0RODRIGUES, S\u00edlvia Adriana<\/td>\n<\/tr>\n<tr style=\"height: 48px\">\n<td style=\"width: 49.7961%;border-style: groove;border-color: #453b3b;height: 48px\">O Programa Bolsa Fam\u00edlia e a educa\u00e7\u00e3o: uma an\u00e1lise da produ\u00e7\u00e3o cient\u00edfica brasileira fundamentada na base de dados SciELO (2003-2018).<\/td>\n<td style=\"width: 33.3333%;border-style: groove;border-color: #453b3b;height: 48px\">MARTINS, B\u00c1RBARA AMARAL ; R\u00dcCKERT, FABIANO QUADROS<\/td>\n<\/tr>\n<tr style=\"height: 48px\">\n<td style=\"width: 49.7961%;border-style: groove;border-color: #453b3b;height: 48px\">Aspectos hist\u00f3ricos do teatro na legisla\u00e7\u00e3o educacional: uma reflex\u00e3o te\u00f3rico-cr\u00edtica.<\/td>\n<td style=\"width: 33.3333%;border-style: groove;border-color: #453b3b;height: 48px\">CASTRO, L. A. M. ;\u00a0FERREIRA, I. F<\/td>\n<\/tr>\n<tr style=\"height: 24px\">\n<td style=\"width: 49.7961%;border-style: groove;border-color: #453b3b;height: 24px\">O teatro administrado na sociedade unidimensional.<\/td>\n<td style=\"width: 33.3333%;border-style: groove;border-color: #453b3b;height: 24px\">CASTRO, L. A. M. ;\u00a0FERREIRA, I. F<\/td>\n<\/tr>\n<tr style=\"height: 48px\">\n<td style=\"width: 49.7961%;border-style: groove;border-color: #453b3b;height: 48px\">ENTRE AS REPRESENTAC\u0327O\u0303ES E A REALIDADE: AS NORMALISTAS DO EXTREMO OESTE PAULISTA (1947-1975).<\/td>\n<td style=\"width: 33.3333%;border-style: groove;border-color: #453b3b;height: 48px\">MARIANO, J. L. M<b>.<\/b>; GEBRAN, R. A<\/td>\n<\/tr>\n<tr style=\"height: 48px\">\n<td style=\"width: 49.7961%;border-style: groove;border-color: #453b3b;height: 48px\">Discursos das Pr\u00e1ticas de Educadoras Escolares Sobre Sexualidade e Rela\u00e7\u00f5es de G\u00eanero.<\/td>\n<td style=\"width: 33.3333%;border-style: groove;border-color: #453b3b;height: 48px\">MARQUES, T. S. ;\u00a0GON\u00c7ALVES, Josiane Peres<\/td>\n<\/tr>\n<tr style=\"height: 48px\">\n<td style=\"width: 49.7961%;border-style: groove;border-color: #453b3b;height: 48px\">Princesas Disney e Cinema: Representa\u00e7\u00f5es do G\u00eanero Feminino.<\/td>\n<td style=\"width: 33.3333%;border-style: groove;border-color: #453b3b;height: 48px\">FERREIRA, V. C. M. ;\u00a0GON\u00c7ALVES, Josiane Peres<\/td>\n<\/tr>\n<tr style=\"height: 24px\">\n<td style=\"width: 49.7961%;border-style: groove;border-color: #453b3b;height: 24px\">O Lugar da Mulher na Ci\u00eancia: algumas considera\u00e7\u00f5es.<\/td>\n<td style=\"width: 33.3333%;border-style: groove;border-color: #453b3b;height: 24px\">GALVAO, N. A. P. ;\u00a0GON\u00c7ALVES, Josiane Peres<\/td>\n<\/tr>\n<tr style=\"height: 48px\">\n<td style=\"width: 49.7961%;border-style: groove;border-color: #453b3b;height: 48px\">A Subalternidade nas Rela\u00e7\u00f5es de G\u00eanero: Apontamentos a partir da Perspectiva P\u00f3s-Estruturalista.<\/td>\n<td style=\"width: 33.3333%;border-style: groove;border-color: #453b3b;height: 48px\">LIMA, S. R. R. ;\u00a0GON\u00c7ALVES, Josiane Peres\u00a0; DUQUE, T.<\/td>\n<\/tr>\n<tr style=\"height: 72px\">\n<td style=\"width: 49.7961%;border-style: groove;border-color: #453b3b;height: 72px\">DE AGORA EM DIANTE VAI TERMINAR OS PROFESSORES HOMENS!- CONTROVERSAS REPRESENTA\u00c7\u00d5ES DE GESTORES ESCOLARES SOBRE A DOC\u00caNCIA MASCULINA.<\/td>\n<td style=\"width: 33.3333%;border-style: groove;border-color: #453b3b;height: 72px\">GON\u00c7ALVES, Josiane Peres; SOARES, P. K<\/td>\n<\/tr>\n<tr style=\"height: 24px\">\n<td style=\"width: 49.7961%;border-style: groove;border-color: #453b3b;height: 24px\">Mundo m\u00e1gico dos contos de fadas: vozes das crian\u00e7as.<\/td>\n<td style=\"width: 33.3333%;border-style: groove;border-color: #453b3b;height: 24px\">GON\u00c7ALVES, Josiane Peres; NUNES, I. M. S.<\/td>\n<\/tr>\n<tr style=\"height: 48px\">\n<td style=\"width: 49.7961%;border-style: groove;border-color: #453b3b;height: 48px\">Caminhos trilhados: atua\u00e7\u00e3o de professores homens no magist\u00e9rio entre 1971 e 2014.<\/td>\n<td style=\"width: 33.3333%;border-style: groove;border-color: #453b3b;height: 48px\">FARIA, A. H. ;\u00a0GON\u00c7ALVES, Josiane Peres<\/td>\n<\/tr>\n<tr style=\"height: 48px\">\n<td style=\"width: 49.7961%;border-style: groove;border-color: #453b3b;height: 48px\">Manifesto dos Pioneiros e Perspectiva de G\u00eanero: Noemy, Cecilia e Armanda, as Mulheres que Impactaram a Educa\u00e7\u00e3o na D\u00e9cada de 1930.<\/td>\n<td style=\"width: 33.3333%;border-style: groove;border-color: #453b3b;height: 48px\">CORREA-SILVA, A. M. ;\u00a0GON\u00c7ALVES, Josiane Peres<\/td>\n<\/tr>\n<tr>\n<td style=\"width: 49.7961%;border-style: groove;border-color: #453b3b\">Regimes de visibilidade\/conhecimento nas experi\u00eancias da \u201c(des)montagem\u201d e do \u201c(n\u00e3o) passar\u201d por homem e\/ou mulher.<\/td>\n<td style=\"width: 33.3333%;border-style: groove;border-color: #453b3b\">DUQUE, Tiago<\/td>\n<\/tr>\n<tr>\n<td style=\"width: 49.7961%;border-style: groove;border-color: #453b3b\">A travesti, a on\u00e7a pintada e a sucuri: reflex\u00f5es sobre regime de visibilidade no Pantanal-MS.<\/td>\n<td style=\"width: 33.3333%;border-style: groove;border-color: #453b3b\">DUQUE, Tiago<\/td>\n<\/tr>\n<tr>\n<td style=\"width: 49.7961%;border-style: groove;border-color: #453b3b\">Quem ainda ri da bicha preta, efeminada e pobre? Funk, (re)conhecimento e direitos LGBT em tempos de p\u00e2nico moral.<\/td>\n<td style=\"width: 33.3333%;border-style: groove;border-color: #453b3b\">DUQUE, Tiago<\/td>\n<\/tr>\n<tr>\n<td style=\"width: 49.7961%;border-style: groove;border-color: #453b3b\">\u00a0\u201cEu Gosto mesmo \u00e9 das bixas\u201d: reflex\u00f5es sobre identidade ao som de Linn da Quebrada.<\/td>\n<td style=\"width: 33.3333%;border-style: groove;border-color: #453b3b\">SANTOS, A. D. ;\u00a0DUQUE, T<\/td>\n<\/tr>\n<tr>\n<td style=\"width: 49.7961%;border-style: groove;border-color: #453b3b\">\u00a0Fora chollos: g\u00eanero, sexualidade, alteridade e diferen\u00e7as na fronteira Brasil-Bol\u00edvia.<\/td>\n<td style=\"width: 33.3333%;border-style: groove;border-color: #453b3b\">BANDUCCI JUNIOR, A. ; PASSAMANI, G. R. ;\u00a0DUQUE, T<\/td>\n<\/tr>\n<tr>\n<td style=\"width: 49.7961%;border-style: groove;border-color: #453b3b\">\u00a0&#8216;Olha o que a senhora fez por mim&#8217;: remi\u00e7\u00e3o de pena pelo estudo em contextos sulmatogrossenses.<\/td>\n<td style=\"width: 33.3333%;border-style: groove;border-color: #453b3b\">BARCELOS, C. S. ;\u00a0DUQUE, T<\/td>\n<\/tr>\n<\/tbody>\n<\/table>\n<\/div>\n\t\t\t\t<\/div>\n\t\t\t<\/div><br class=\"nc\" \/><\/div>\n<div class=\"panel-group\" id=\"custom-collapse-11\"><br class=\"nc\" \/><div class=\"panel panel-default\">\n\t\t\t\t<div class=\"panel-heading\">\n\t\t\t\t\t<h4 class=\"panel-title\">\n\t\t\t\t\t\t<a class=\"collapsed\" data-toggle=\"collapse\" data-parent=\"#custom-collapse-11\" href=\"#custom-collapse-11-11\">PUBLICA\u00c7\u00d5ES 2018<\/a>\n\t\t\t\t\t<\/h4>\n\t\t\t\t<\/div>\n\t\t\t\t<div id=\"custom-collapse-11-11\" class=\"panel-collapse collapse\">\n\t\t\t\t\t<div class=\"panel-body\">\n<table style=\"height: 240px;width: 100%;border-collapse: collapse;border-style: groove\" border=\"1\">\n<tbody>\n<tr style=\"height: 65px\">\n<td style=\"width: 83.1294%;border-style: groove;border-color: #453b3b;text-align: center;height: 65px\" colspan=\"2\">\n<h3><b>2018<\/b><\/h3>\n<\/td>\n<\/tr>\n<tr style=\"height: 40px\">\n<td style=\"width: 49.7961%;border-style: groove;border-color: #453b3b;text-align: center;height: 40px\"><strong>T\u00edtulo\u00a0<\/strong><\/td>\n<td style=\"width: 33.3333%;border-style: groove;border-color: #453b3b;text-align: center;height: 40px\"><b>Autor<\/b><\/td>\n<\/tr>\n<tr style=\"border-style: none\">\n<td style=\"width: 49.7961%;height: 24px;border-style: groove;border-color: #453b3b\">Avalia\u00e7\u00e3o em larga escala e educa\u00e7\u00e3o inclusiva: os lugares do aluno da Educa\u00e7\u00e3o Especial.<\/td>\n<td style=\"width: 33.3333%;height: 24px;border-style: groove;border-color: #453b3b\">REBELO, A. S.;\u00a0KASSAR, M. C. M.<\/td>\n<\/tr>\n<tr style=\"border-style: none\">\n<td style=\"width: 49.7961%;height: 24px;border-style: groove;border-color: #453b3b\">Abordagens da Educa\u00e7\u00e3o Especial no Brasil entre Final do S\u00e9culo Xx e In\u00edcio do S\u00e9culo XXI.<\/td>\n<td style=\"width: 33.3333%;height: 24px;border-style: groove;border-color: #453b3b\">KASSAR, M\u00d4NICA DE CARVALHO MAGALH\u00c3ES ;\u00a0REBELO, ANDRESSA SANTOS<\/td>\n<\/tr>\n<tr style=\"border-style: none\">\n<td style=\"width: 49.7961%;height: 24px;border-style: groove;border-color: #453b3b\">EDUCA\u00c7\u00c3O ESPECIAL NA PERSPECTIVA DA EDUCA\u00c7\u00c3O INCLUSIVA EM UM MUNIC\u00cdPIO DE MATO GROSSO DO SUL.<\/td>\n<td style=\"width: 33.3333%;height: 24px;border-style: groove;border-color: #453b3b\">KASSAR, M\u00d4NICA DE CARVALHO MAGALH\u00c3ES ;\u00a0REBELO, ANDRESSA SANTOS ; RONDON, MARCELO MESSIAS ; ROCHA FILHO, JOS\u00c9 FONSECA<\/td>\n<\/tr>\n<tr style=\"border-style: none\">\n<td style=\"width: 49.7961%;height: 24px;border-style: groove;border-color: #453b3b\">Grupo de pesquisa Pol\u00edticas p\u00fablicas de educa\u00e7\u00e3o e educa\u00e7\u00e3o especial<\/td>\n<td style=\"width: 33.3333%;height: 24px;border-style: groove;border-color: #453b3b\">REBELO, A. S.<\/td>\n<\/tr>\n<tr style=\"border-style: none\">\n<td style=\"width: 49.7961%;height: 24px;border-style: groove;border-color: #453b3b\">Indicadores educacionais de matr\u00edculas de alunos com defici\u00eancia no Brasil (1974-2014). Estudos em Avalia\u00e7\u00e3o Educacional<\/td>\n<td style=\"width: 33.3333%;height: 24px;border-style: groove;border-color: #453b3b\">REBELO, A. S.;\u00a0KASSAR, M. C. M.<\/td>\n<\/tr>\n<tr style=\"height: 96px\">\n<td style=\"width: 49.7961%;border-style: groove;border-color: #453b3b;height: 96px\">ESTUDO COMPARATIVO LUSO-BRASILEIRO SOBRE A FORMA\u00c7\u00c3O INICIAL DE PROFESSORES EM ALTAS HABILIDADES\/SUPERDOTA\u00c7\u00c3O COM ENFOQUE NOS CONTE\u00daDOS CURRICULARES.<\/td>\n<td style=\"width: 33.3333%;border-style: groove;border-color: #453b3b;height: 96px\">MARTINS, B. A<b>.<\/b>;\u00a0CHACON\u00a0; ALMEIDA, L. S.<\/td>\n<\/tr>\n<tr style=\"height: 48px\">\n<td style=\"width: 49.7961%;border-style: groove;border-color: #453b3b;height: 48px\">Implica\u00e7\u00f5es do ambiente escolar para a precocidade: uma an\u00e1lise das situa\u00e7\u00f5es de sala de aula.<\/td>\n<td style=\"width: 33.3333%;border-style: groove;border-color: #453b3b;height: 48px\">MARTINS, B. A; CHACON, MIGUEL CLAUDIO MORIEL<\/td>\n<\/tr>\n<tr style=\"height: 48px\">\n<td style=\"width: 49.7961%;border-style: groove;border-color: #453b3b;height: 48px\">Forma\u00e7\u00e3o em Altas Habilidades\/Superdota\u00e7\u00e3o e sua Influ\u00eancia sobre a Autoefic\u00e1cia de Professores.<\/td>\n<td style=\"width: 33.3333%;border-style: groove;border-color: #453b3b;height: 48px\">MARTINS, B. A;\u00a0CHACON<\/td>\n<\/tr>\n<tr style=\"height: 72px\">\n<td style=\"width: 49.7961%;border-style: groove;border-color: #453b3b;height: 72px\">Programa de Aten\u00e7\u00e3o a Alunos Precoce s com Comportamento de Superdota\u00e7\u00e3o: Identifica\u00e7\u00e3o, Avalia\u00e7\u00e3o e Enriquecimento Extracurricular e Familiar.<\/td>\n<td style=\"width: 33.3333%;border-style: groove;border-color: #453b3b;height: 72px\">CHACON\u00a0;\u00a0MARTINS, B. A.<\/td>\n<\/tr>\n<tr style=\"height: 48px\">\n<td style=\"width: 49.7961%;border-style: groove;border-color: #453b3b;height: 48px\">\u00a0Casamentos prematuros em Mo\u00e7ambique: causas e consequ\u00eancias do abandono escolar.<\/td>\n<td style=\"width: 33.3333%;border-style: groove;border-color: #453b3b;height: 48px\">BASSIANO, V. ;\u00a0LIMA, Claudia. Araujo.<\/td>\n<\/tr>\n<tr style=\"height: 24px\">\n<td style=\"width: 49.7961%;border-style: groove;border-color: #453b3b;height: 24px\">Educa\u00e7\u00e3o emancipat\u00f3ria na perspectiva de Paulo Freire.<\/td>\n<td style=\"width: 33.3333%;border-style: groove;border-color: #453b3b;height: 24px\">BASSIANO, V. ;\u00a0LIMA, Claudia. Araujo.<\/td>\n<\/tr>\n<tr style=\"height: 72px\">\n<td style=\"width: 49.7961%;border-style: groove;border-color: #453b3b;height: 72px\">INTERNACIONALIZA\u00c7\u00c3O DA EDUCA\u00c7\u00c3O SUPERIOR COMO PROCESSO DE MANUTEN\u00c7\u00c3O HEGEM\u00d4NICA: A UNIVERSIDADE ABERTA DO BRASIL E PROCESSO DE BOLOGNA.<\/td>\n<td style=\"width: 33.3333%;border-style: groove;border-color: #453b3b;height: 72px\">MARINS, G. A. M. B. ;\u00a0SANTOS, F. A.<\/td>\n<\/tr>\n<tr style=\"height: 48px\">\n<td style=\"width: 49.7961%;border-style: groove;border-color: #453b3b;height: 48px\">A AVALIA\u00c7\u00c3O DA P\u00d3S-GRADUA\u00c7\u00c3O BRASILEIRA E A PRODU\u00c7\u00c3O DO CONSENSO ATIVO.<\/td>\n<td style=\"width: 33.3333%;border-style: groove;border-color: #453b3b;height: 48px\">SANTOS, F. A<b>.<\/b>; MARQUES, H. J.<\/td>\n<\/tr>\n<tr style=\"height: 24px\">\n<td style=\"width: 49.7961%;border-style: groove;border-color: #453b3b;height: 24px\">Centralidade do professor nas pol\u00edticas educacionais.<\/td>\n<td style=\"width: 33.3333%;border-style: groove;border-color: #453b3b;height: 24px\">VIANA, J. S. S. ;\u00a0SANTOS, F. A.<\/td>\n<\/tr>\n<tr style=\"height: 48px\">\n<td style=\"width: 49.7961%;border-style: groove;border-color: #453b3b;height: 48px\">Momento escola, momento \u00f3cio: as muitas faces do desenvolvimento humano.<\/td>\n<td style=\"width: 33.3333%;border-style: groove;border-color: #453b3b;height: 48px\">Kassar, M\u00f4nica de Carvalho Magalh\u00e3es.<\/td>\n<\/tr>\n<tr style=\"height: 48px\">\n<td style=\"width: 49.7961%;border-style: groove;border-color: #453b3b;height: 48px\">Acesso ao trabalho \u00e0s pessoas com defici\u00eancia: notas sobre o ingresso \u00e0 carreira do funcionalismo federal.<\/td>\n<td style=\"width: 33.3333%;border-style: groove;border-color: #453b3b;height: 48px\">SOUZA, M. P. ; FRAN\u00c7OZO, R. V. ;\u00a0KASSAR, M.C.M.<\/td>\n<\/tr>\n<tr style=\"height: 72px\">\n<td style=\"width: 49.7961%;border-style: groove;border-color: #453b3b;height: 72px\">Trabalho e sofrimento: desafios da sa\u00fade mental de profissionais da assist\u00eancia social.<\/td>\n<td style=\"width: 33.3333%;border-style: groove;border-color: #453b3b;height: 72px\">SILVA, J. B. ; VASCONCELLOS, P. A. ;\u00a0FIGUEIREDO, VANESSA CATHERINA NEUMANN<\/td>\n<\/tr>\n<tr style=\"height: 24px\">\n<td style=\"width: 49.7961%;border-style: groove;border-color: #453b3b;height: 24px\">Identidade profissional docente: concep\u00e7\u00f5es de futuros professores.<\/td>\n<td style=\"width: 33.3333%;border-style: groove;border-color: #453b3b;height: 24px\">PAGANINI-DA-SILVA, E. ;\u00a0MANO, A. M. P<\/td>\n<\/tr>\n<tr style=\"height: 48px\">\n<td style=\"width: 49.7961%;border-style: groove;border-color: #453b3b;height: 48px\">Origem da vida na perspectiva de estudantes: rela\u00e7\u00f5es entre o conhecimento social e o desenvolvimento cognitivo.<\/td>\n<td style=\"width: 33.3333%;border-style: groove;border-color: #453b3b;height: 48px\">MANO, A. M. P<b>.<\/b>;\u00a0Saravali, E. G.<\/td>\n<\/tr>\n<tr style=\"height: 48px\">\n<td style=\"width: 49.7961%;border-style: groove;border-color: #453b3b;height: 48px\">Linguagem escrita na educa\u00e7\u00e3o infantil: produ\u00e7\u00f5es apresentadas na Anped (2000-2017).<\/td>\n<td style=\"width: 33.3333%;border-style: groove;border-color: #453b3b;height: 48px\">RODRIGUES, S. A. ;\u00a0SAMBUGARI, M. R. N.<\/td>\n<\/tr>\n<tr style=\"height: 48px\">\n<td style=\"width: 49.7961%;border-style: groove;border-color: #453b3b;height: 48px\">A socializa\u00e7\u00e3o das condi\u00e7\u00f5es do trabalho docente em situa\u00e7\u00f5es de est\u00e1gio curricular.<\/td>\n<td style=\"width: 33.3333%;border-style: groove;border-color: #453b3b;height: 48px\">SAMBUGARI, M. R. N.<\/td>\n<\/tr>\n<tr style=\"height: 48px\">\n<td style=\"width: 49.7961%;border-style: groove;border-color: #453b3b;height: 48px\">A forma\u00e7\u00e3o continuada sob o olhar dos professores de L\u00edngua Portuguesa: Limites e perspectivas.<\/td>\n<td style=\"width: 33.3333%;border-style: groove;border-color: #453b3b;height: 48px\">AMORIM, J. C. T. G. B. ;\u00a0SAMBUGARI, M. R. N.<\/td>\n<\/tr>\n<tr style=\"height: 48px\">\n<td style=\"width: 49.7961%;border-style: groove;border-color: #453b3b;height: 48px\">O que as profissionais que atuam na Educa\u00e7\u00e3o Infantil pensam sobre a creche : o caso do Munic\u00edpio de Corumb\u00e1-MS.<\/td>\n<td style=\"width: 33.3333%;border-style: groove;border-color: #453b3b;height: 48px\">OLIVEIRA, I. A. ; RIBEIRO, M. F. ; SILVA, F. R. ;\u00a0RODRIGUES, S\u00edlvia Adriana<\/td>\n<\/tr>\n<tr style=\"height: 48px\">\n<td style=\"width: 49.7961%;border-style: groove;border-color: #453b3b;height: 48px\">Impress\u00f5es e experi\u00eancias sobre o exerc\u00edcio da doc\u00eancia na Educa\u00e7\u00e3o Infantil.<\/td>\n<td style=\"width: 33.3333%;border-style: groove;border-color: #453b3b;height: 48px\">RODRIGUES, S\u00edlvia Adriana<\/td>\n<\/tr>\n<tr style=\"height: 48px\">\n<td style=\"width: 49.7961%;border-style: groove;border-color: #453b3b;height: 48px\">Produ\u00e7\u00f5es cient\u00edficas sobre afetividade na rela\u00e7\u00e3o adulto-crian\u00e7a no espa\u00e7o da Educa\u00e7\u00e3o Infantil.<\/td>\n<td style=\"width: 33.3333%;border-style: groove;border-color: #453b3b;height: 48px\">SILVA, F. R. ;\u00a0RODRIGUES, S\u00edlvia Adriana<\/td>\n<\/tr>\n<tr style=\"height: 48px\">\n<td style=\"width: 49.7961%;border-style: groove;border-color: #453b3b;height: 48px\">Sobre o exerc\u00edcio da profiss\u00e3o docente: motiva\u00e7\u00f5es iniciais e as interfer\u00eancias da forma\u00e7\u00e3o inicial.<\/td>\n<td style=\"width: 33.3333%;border-style: groove;border-color: #453b3b;height: 48px\">RODRIGUES, S\u00edlvia Adriana;\u00a0GOMES, Alberto Albuquerque\u00a0; FAGUNDES, S. B.<\/td>\n<\/tr>\n<tr style=\"height: 48px\">\n<td style=\"width: 49.7961%;border-style: groove;border-color: #453b3b;height: 48px\">A febre tifoide no Rio Grande do Sul da Primeira Rep\u00fablica: uma doen\u00e7a com hist\u00f3ria.<\/td>\n<td style=\"width: 33.3333%;border-style: groove;border-color: #453b3b;height: 48px\">RUCKERT, FABIANO QUADROS; BAPTISTA SCHWARTSMANN, LEONOR<\/td>\n<\/tr>\n<tr style=\"height: 72px\">\n<td style=\"width: 49.7961%;border-style: groove;border-color: #453b3b;height: 72px\">EL DERROCHE DEL AGUA EN LA ARGENTINA: EL REGISTRO DEL PROBLEMA EN LOS EDITORIALES DEL &#8216;BOLETIN DE OBRAS SANITARIAS DE LA NACI\u00d3N&#8217; (1937- 1955).<\/td>\n<td style=\"width: 33.3333%;border-style: groove;border-color: #453b3b;height: 72px\">R\u00dcCKERT, F. Q.; MOMCE, Adilson Prizmic<\/td>\n<\/tr>\n<tr style=\"height: 48px\">\n<td style=\"width: 49.7961%;border-style: groove;border-color: #453b3b;height: 48px\">A PR\u00c1TICA DA AVALIA\u00c7\u00c3O INSTITUCIONAL NO CPAN: UMA EXPERI\u00caNCIA INACABADA DE GEST\u00c3O DEMOCR\u00c1TICA DO ENSINO.<\/td>\n<td style=\"width: 33.3333%;border-style: groove;border-color: #453b3b;height: 48px\">R\u00dcCKERT, F. Q.; SOUZA, O. N. ; PAIVA, T. F. V.<\/td>\n<\/tr>\n<tr style=\"height: 72px\">\n<td style=\"width: 49.7961%;border-style: groove;border-color: #453b3b;height: 72px\">&#8216;QUEREMOS ESPA\u00c7O VERDE&#8217;: O PARQUE MUNICIPAL HENRIQUE LUIZ ROESSLER COMO PARTE DA HIST\u00d3RIA DA CIDADE DE NOVO HAMBURGO (RS, BRASIL).<\/td>\n<td style=\"width: 33.3333%;border-style: groove;border-color: #453b3b;height: 72px\">R\u00dcCKERT, F. Q; PEREIRA, E. M<\/td>\n<\/tr>\n<tr style=\"height: 48px\">\n<td style=\"width: 49.7961%;border-style: groove;border-color: #453b3b;height: 48px\">Presentacion del Dossier URBANIZACI\u00d3N Y ABASTECIMIENTO DE AGUA EN BRASIL (siglos XIX y XX).<\/td>\n<td style=\"width: 33.3333%;border-style: groove;border-color: #453b3b;height: 48px\">R\u00dcCKERT, F. Q<\/td>\n<\/tr>\n<tr style=\"height: 48px\">\n<td style=\"width: 49.7961%;border-style: groove;border-color: #453b3b;height: 48px\">Presentacion del Dossier URBANIZACI\u00d3N Y ABASTECIMIENTO DE AGUA EN BRASIL (siglos XIX y XX).<\/td>\n<td style=\"width: 33.3333%;border-style: groove;border-color: #453b3b;height: 48px\">R\u00dcCKERT, F. Q<\/td>\n<\/tr>\n<tr style=\"height: 48px\">\n<td style=\"width: 49.7961%;border-style: groove;border-color: #453b3b;height: 48px\">O poder p\u00fablico e as Companhias de abastecimento de \u00e1gua na Prov\u00edncia do Rio Grande do Sul, Brasil (1822-1889).<\/td>\n<td style=\"width: 33.3333%;border-style: groove;border-color: #453b3b;height: 48px\">R\u00dcCKERT, F. Q<\/td>\n<\/tr>\n<tr style=\"height: 48px\">\n<td style=\"width: 49.7961%;border-style: groove;border-color: #453b3b;height: 48px\">O conceito de forma\u00e7\u00e3o continuada dos professores de Lad\u00e1rio, Mato Grosso do Sul, e o totalitarismo da raz\u00e3o instrumental.<\/td>\n<td style=\"width: 33.3333%;border-style: groove;border-color: #453b3b;height: 48px\">MONTEIRO, CRISLEY ;\u00a0FERREIRA, ISABELLA<\/td>\n<\/tr>\n<tr style=\"height: 48px\">\n<td style=\"width: 49.7961%;border-style: groove;border-color: #453b3b;height: 48px\">T\u00caMPERA FORTE E COMPLETO DESPRENDIMENTO: HIST\u00d3RIA E MEM\u00d3RIA DAS DOCENTES NO SERT\u00c3O PAULISTA (1932-1960).<\/td>\n<td style=\"width: 33.3333%;border-style: groove;border-color: #453b3b;height: 48px\">MARIANO, J. L. M<b>.<\/b>; RIBEIRO, A. I. M<\/td>\n<\/tr>\n<tr style=\"height: 48px\">\n<td style=\"width: 49.7961%;border-style: groove;border-color: #453b3b;height: 48px\">Homens Casados que Resolvem \u201cSair Do Arm\u00e1rio\u201d: Conflitos Vivenciados por Homossexuais das Classes Sociais Baixa, M\u00e9dia e Alta.<\/td>\n<td style=\"width: 33.3333%;border-style: groove;border-color: #453b3b;height: 48px\">MACHADO, R. ;\u00a0GON\u00c7ALVES, Josiane Peres<\/td>\n<\/tr>\n<tr style=\"height: 48px\">\n<td style=\"width: 49.7961%;border-style: groove;border-color: #453b3b;height: 48px\">O USO DE FILMES DE FIC\u00c7\u00c3O COMO RECURSOS PEDAG\u00d3GICOS OU &#8216;VER POR MEIO DE UMA GRAM\u00c1TICA DESCONHECIDA&#8217;.<\/td>\n<td style=\"width: 33.3333%;border-style: groove;border-color: #453b3b;height: 48px\">OLIVEIRA, L. A. ;\u00a0GON\u00c7ALVES, Josiane Peres<\/td>\n<\/tr>\n<tr style=\"height: 48px\">\n<td style=\"width: 49.7961%;border-style: groove;border-color: #453b3b;height: 48px\">Viol\u00eancia Dom\u00e9stica em Regi\u00e3o de Fronteira: Perfil das Mulheres Atendidas pela Defensoria P\u00fablica de Corumb\u00e1\/MS.<\/td>\n<td style=\"width: 33.3333%;border-style: groove;border-color: #453b3b;height: 48px\">AGUILAR, M. A. B. ;\u00a0GON\u00c7ALVES, Josiane Peres<\/td>\n<\/tr>\n<tr style=\"height: 48px\">\n<td style=\"width: 49.7961%;border-style: groove;border-color: #453b3b;height: 48px\">Rela\u00e7\u00f5es Integeracionais Entre Estudantes Universit\u00e1rios.<\/td>\n<td style=\"width: 33.3333%;border-style: groove;border-color: #453b3b;height: 48px\">YAMANAKA, M. A. C. ; COSTA, M. C. R. S. ;\u00a0GON\u00c7ALVES, Josiane Peres<\/td>\n<\/tr>\n<tr style=\"height: 48px\">\n<td style=\"width: 49.7961%;border-style: groove;border-color: #453b3b;height: 48px\">P\u00f3s-estruturalismo: algumas considera\u00e7\u00f5es sobre esse movimento do pensamento.<\/td>\n<td style=\"width: 33.3333%;border-style: groove;border-color: #453b3b;height: 48px\">CASALI, J. P. ;\u00a0GON\u00c7ALVES, Josiane Peres<\/td>\n<\/tr>\n<tr style=\"height: 48px\">\n<td style=\"width: 49.7961%;border-style: groove;border-color: #453b3b;height: 48px\">Hist\u00f3ria da Sexualidade Feminina no Brasil: Entre Tabus, Mitos e Verdades.<\/td>\n<td style=\"width: 33.3333%;border-style: groove;border-color: #453b3b;height: 48px\">OLIVEIRA, E. L. ; MESQUITA, J. O. ;\u00a0GON\u00c7ALVES, Josiane Peres<\/td>\n<\/tr>\n<tr style=\"height: 72px\">\n<td style=\"width: 49.7961%;border-style: groove;border-color: #453b3b;height: 72px\">Mudan\u00e7as nas representa\u00e7\u00f5es femininas f\u00edlmicas do est\u00fadio Walt Disney do s\u00e9culo XX: a princesa cl\u00e1ssica Branca de Neve (1937) e a revolucion\u00e1ria Mulan (1998).<\/td>\n<td style=\"width: 33.3333%;border-style: groove;border-color: #453b3b;height: 72px\">FERREIRA, V. C. M. ;\u00a0GON\u00c7ALVES, Josiane Peres<\/td>\n<\/tr>\n<tr style=\"height: 48px\">\n<td style=\"width: 49.7961%;border-style: groove;border-color: #453b3b;height: 48px\">Rompendo as Cercas da Ignor\u00e2ncia: a Pedagogia do Movimento sem Terra, como uma Educa\u00e7\u00e3o para a Transforma\u00e7\u00e3o Social.<\/td>\n<td style=\"width: 33.3333%;border-style: groove;border-color: #453b3b;height: 48px\">CASALI, J. P. ;\u00a0GON\u00c7ALVES, Josiane Peres<\/td>\n<\/tr>\n<tr style=\"height: 48px\">\n<td style=\"width: 49.7961%;border-style: groove;border-color: #453b3b;height: 48px\">Pessoas com surdez e suas rela\u00e7\u00f5es com a sexualidade: silenciamentos e descobertas.<\/td>\n<td style=\"width: 33.3333%;border-style: groove;border-color: #453b3b;height: 48px\">DREYER, L. R. O. ; MATEUS, M. A. R. ;\u00a0GON\u00c7ALVES, Josiane Peres<\/td>\n<\/tr>\n<tr style=\"height: 48px\">\n<td style=\"width: 49.7961%;border-style: groove;border-color: #453b3b;height: 48px\">O Princ\u00edpio da Educa\u00e7\u00e3o Especial em Navira\u00ed\/MS: Professoras que Contam a Hist\u00f3ria.<\/td>\n<td style=\"width: 33.3333%;border-style: groove;border-color: #453b3b;height: 48px\">GON\u00c7ALVES, Josiane Peres; BEZERRA, G. F. ; NOVAIS, R. S.<\/td>\n<\/tr>\n<tr style=\"height: 48px\">\n<td style=\"width: 49.7961%;border-style: groove;border-color: #453b3b;height: 48px\">Professores Homens Desempenham as Mesmas Fun\u00e7\u00f5es que as Professoras na Educa\u00e7\u00e3o Infantil? Olhares dos Gestores Escolares.<\/td>\n<td style=\"width: 33.3333%;border-style: groove;border-color: #453b3b;height: 48px\">GON\u00c7ALVES, Josiane Peres; FERREIRA, V. C. M. ; CAPRISTO, Z. R. N.<\/td>\n<\/tr>\n<tr style=\"height: 72px\">\n<td style=\"width: 49.7961%;border-style: groove;border-color: #453b3b;height: 72px\">DESIGUALDADE SOCIAL E JUVENTUDE NA ABORDAGEM S\u00d3CIO-HIST\u00d3RICA: UM BREVE DEBATE SOBRE POL\u00cdTICAS DE A\u00c7\u00c3O AFIRMATIVA.<\/td>\n<td style=\"width: 33.3333%;border-style: groove;border-color: #453b3b;height: 72px\">LEIRAS, F. F. C. ;\u00a0GON\u00c7ALVES, Josiane Peres\u00a0; FLANDOLI, B. R. G. X.<\/td>\n<\/tr>\n<tr style=\"height: 48px\">\n<td style=\"width: 49.7961%;border-style: groove;border-color: #453b3b;height: 48px\">Diversidade Cultural e Rela\u00e7\u00f5es de G\u00eanero em Uma Escola Ind\u00edgena Sul-Mato-Grossense.<\/td>\n<td style=\"width: 33.3333%;border-style: groove;border-color: #453b3b;height: 48px\">GON\u00c7ALVES, JOSIANE PERES; OLIVEIRA, E. L<\/td>\n<\/tr>\n<tr style=\"height: 48px\">\n<td style=\"width: 49.7961%;border-style: groove;border-color: #453b3b;height: 48px\">A mulher e a educa\u00e7\u00e3o escolar: um recorte da EJA na atualidade.<\/td>\n<td style=\"width: 33.3333%;border-style: groove;border-color: #453b3b;height: 48px\">PALACIOS, K. C. M. ; REIS, M. G. F. A. ;\u00a0GON\u00c7ALVES, Josiane Peres<\/td>\n<\/tr>\n<tr style=\"height: 48px\">\n<td style=\"width: 49.7961%;border-style: groove;border-color: #453b3b;height: 48px\">As Representa\u00e7\u00f5es Sociais como Refer\u00eancia Metodol\u00f3gica para as Pesquisas Qualitativas em Educa\u00e7\u00e3o no Quadri\u00eanio 2014-2018.<\/td>\n<td style=\"width: 33.3333%;border-style: groove;border-color: #453b3b;height: 48px\">SILVA, I. M. D. E. ;\u00a0GON\u00c7ALVES, Josiane Peres<\/td>\n<\/tr>\n<tr style=\"height: 48px\">\n<td style=\"width: 49.7961%;border-style: groove;border-color: #453b3b;height: 48px\">Ningu\u00e9m nasce In\u00eas Brasil, torna-se In\u00eas Brasil: artefato cultural, p\u00e2nico moral e \u201cideologia de g\u00eanero\u201d em Campo Grande (MS).<\/td>\n<td style=\"width: 33.3333%;border-style: groove;border-color: #453b3b;height: 48px\">DUQUE, Tiago<\/td>\n<\/tr>\n<tr style=\"height: 24px\">\n<td style=\"width: 49.7961%;border-style: groove;border-color: #453b3b;height: 24px\">Corpo e quest\u00f5es de g\u00eanero e sexualidade nas atividades circenses em uma escola de Corumb\u00e1-MS, Brasil.<\/td>\n<td style=\"width: 33.3333%;border-style: groove;border-color: #453b3b;height: 24px\">MOTA, M. P. ;\u00a0DUQUE, T.<\/td>\n<\/tr>\n<tr style=\"height: 24px\">\n<td style=\"width: 49.7961%;border-style: groove;border-color: #453b3b;height: 24px\">G\u00eanero, sexualidade e artefato cultural na pris\u00e3o: um relato de experi\u00eancia sobre o Projeto ALMA em Corumb\u00e1 (MS).<\/td>\n<td style=\"width: 33.3333%;border-style: groove;border-color: #453b3b;height: 24px\">SILVEIRA, B. F. S. ;\u00a0DUQUE, T.<\/td>\n<\/tr>\n<tr style=\"height: 24px\">\n<td style=\"width: 49.7961%;border-style: groove;border-color: #453b3b;height: 24px\"><\/td>\n<td style=\"width: 33.3333%;border-style: groove;border-color: #453b3b;height: 24px\"><b>\u00a0<\/b><\/td>\n<\/tr>\n<\/tbody>\n<\/table>\n<\/div>\n\t\t\t\t<\/div>\n\t\t\t<\/div><br class=\"nc\" \/><\/div>\n<div class=\"panel-group\" id=\"custom-collapse-12\"><br class=\"nc\" \/><div class=\"panel panel-default\">\n\t\t\t\t<div class=\"panel-heading\">\n\t\t\t\t\t<h4 class=\"panel-title\">\n\t\t\t\t\t\t<a class=\"collapsed\" data-toggle=\"collapse\" data-parent=\"#custom-collapse-12\" href=\"#custom-collapse-12-12\">PUBLICA\u00c7\u00d5ES 2017<\/a>\n\t\t\t\t\t<\/h4>\n\t\t\t\t<\/div>\n\t\t\t\t<div id=\"custom-collapse-12-12\" class=\"panel-collapse collapse\">\n\t\t\t\t\t<div class=\"panel-body\">\n<table style=\"height: 240px;width: 100%;border-collapse: collapse;border-style: groove\" border=\"1\">\n<tbody>\n<tr style=\"height: 65px\">\n<td style=\"width: 83.1294%;border-style: groove;border-color: #453b3b;text-align: center;height: 65px\" colspan=\"2\">\n<h3>2017<\/h3>\n<\/td>\n<\/tr>\n<tr style=\"height: 42px\">\n<td style=\"width: 49.7961%;border-style: groove;border-color: #453b3b;text-align: center;height: 42px\"><strong>T\u00edtulo\u00a0<\/strong><\/td>\n<td style=\"width: 33.3333%;border-style: groove;border-color: #453b3b;text-align: center;height: 42px\"><strong>Autor<\/strong><\/td>\n<\/tr>\n<tr style=\"border-style: none\">\n<td style=\"width: 49.7961%;height: 24px;border-style: groove;border-color: #453b3b\">Escolariza\u00e7\u00e3o dos alunos da educa\u00e7\u00e3o especial na pol\u00edtica de educa\u00e7\u00e3o inclusiva no Brasil. INCLUS\u00c3O SOCIAL<\/td>\n<td style=\"width: 33.3333%;height: 24px;border-style: groove;border-color: #453b3b\">REBELO, A. S.;\u00a0KASSAR, M. C. M.<\/td>\n<\/tr>\n<tr style=\"border-style: none\">\n<td style=\"width: 49.7961%;height: 24px;border-style: groove;border-color: #453b3b\"><b><\/b>A educa\u00e7\u00e3o especial no Brasil: indicadores educacionais de atendimento especializado.<\/td>\n<td style=\"width: 33.3333%;height: 24px;border-style: groove;border-color: #453b3b\">REBELO, A. S.<\/td>\n<\/tr>\n<tr style=\"height: 48px\">\n<td style=\"width: 49.7961%;border-style: groove;border-color: #453b3b;height: 48px\">Escolariza\u00e7\u00e3o de alunos com altas habilidades\/ superdota\u00e7\u00e3o: reflex\u00f5es sobre m\u00e9todos de ensino alternativos.<\/td>\n<td style=\"width: 33.3333%;border-style: groove;border-color: #453b3b;height: 48px\">MARTINS, B. A.;\u00a0CHACON<\/td>\n<\/tr>\n<tr style=\"height: 24px\">\n<td style=\"width: 49.7961%;border-style: groove;border-color: #453b3b;height: 24px\">Musicaliza\u00e7\u00e3o na Educa\u00e7\u00e3o Infantil: o &#8216;Choro&#8217; como um ritmo brasileiro e ferramenta de linguagem no processo de ensino\/aprendizagem.<\/td>\n<td style=\"width: 33.3333%;border-style: groove;border-color: #453b3b;height: 24px\">SANTOS, A. S. ; TLAES, J. ;\u00a0LIMA, Claudia. Araujo.<\/td>\n<\/tr>\n<tr style=\"height: 48px\">\n<td style=\"width: 49.7961%;border-style: groove;border-color: #453b3b;height: 48px\">A hist\u00f3ria da pessoa com defici\u00eancia e da educa\u00e7\u00e3o especial em tempos de inclus\u00e3o.<\/td>\n<td style=\"width: 33.3333%;border-style: groove;border-color: #453b3b;height: 48px\">RODRIGUES, A. P. N. ;\u00a0LIMA, Claudia. Araujo.<\/td>\n<\/tr>\n<tr style=\"height: 48px\">\n<td style=\"width: 49.7961%;border-style: groove;border-color: #453b3b;height: 48px\">Educa\u00e7\u00e3o do Campo e Direitos Humanos: um levantamento das produ\u00e7\u00f5es cient\u00edficas nos \u00faltimos vinte anos no Brasil.<\/td>\n<td style=\"width: 33.3333%;border-style: groove;border-color: #453b3b;height: 48px\">GABERLINI NETO, G. ; SILVA, A. S. ;\u00a0LIMA, Claudia. Araujo.<\/td>\n<\/tr>\n<tr style=\"height: 48px\">\n<td style=\"width: 49.7961%;border-style: groove;border-color: #453b3b;height: 48px\">Action research with John Dewey\u2019s poetic and rhetoric pedagogy.<\/td>\n<td style=\"width: 33.3333%;border-style: groove;border-color: #453b3b;height: 48px\">DE ANDRADE, ERIKA NATACHA FERNANDES; DA CUNHA, MARCUS VINICIUS<\/td>\n<\/tr>\n<tr style=\"height: 48px\">\n<td style=\"width: 49.7961%;border-style: groove;border-color: #453b3b;height: 48px\">A Fun\u00e7\u00e3o Docente na Percep\u00e7\u00e3o de Alunos de Pedagogia do Campus do Pantanal.<\/td>\n<td style=\"width: 33.3333%;border-style: groove;border-color: #453b3b;height: 48px\">SAMBUGARI, M. R. N.<\/td>\n<\/tr>\n<tr style=\"height: 48px\">\n<td style=\"width: 49.7961%;border-style: groove;border-color: #453b3b;height: 48px\">PROFESSORA EUB\u00c9A SENNA DE ALMEIDA: AS MEM\u00d3RIAS&#8230; A HIST\u00d3RIA&#8230;<\/td>\n<td style=\"width: 33.3333%;border-style: groove;border-color: #453b3b;height: 48px\">ALLE, S. A. ; COUGO, A. C. ;\u00a0RODRIGUES, S\u00edlvia Adriana<\/td>\n<\/tr>\n<tr style=\"height: 48px\">\n<td style=\"width: 49.7961%;border-style: groove;border-color: #453b3b;height: 48px\">Mudan\u00e7as e persist\u00eancias na forma\u00e7\u00e3o para doc\u00eancia em creches e pr\u00e9-escolas.<\/td>\n<td style=\"width: 33.3333%;border-style: groove;border-color: #453b3b;height: 48px\">RODRIGUES, S\u00edlvia Adriana.<\/td>\n<\/tr>\n<tr style=\"height: 48px\">\n<td style=\"width: 49.7961%;border-style: groove;border-color: #453b3b;height: 48px\">Uma breve Hist\u00f3ria da Educa\u00e7\u00e3o Ambiental na Bacia Hidrogr\u00e1fica do Rio dos Sinos, RS, Brasil.<\/td>\n<td style=\"width: 33.3333%;border-style: groove;border-color: #453b3b;height: 48px\">R\u00dcCKERT, F. Q.<\/td>\n<\/tr>\n<tr style=\"height: 48px\">\n<td style=\"width: 49.7961%;border-style: groove;border-color: #453b3b;height: 48px\">Saturnino de Brito e a moderniza\u00e7\u00e3o do abastecimento de \u00e1gua no Rio Grande do Sul da Primeira Rep\u00fablica.<\/td>\n<td style=\"width: 33.3333%;border-style: groove;border-color: #453b3b;height: 48px\">R\u00dcCKERT, F. Q.<\/td>\n<\/tr>\n<tr style=\"height: 48px\">\n<td style=\"width: 49.7961%;border-style: groove;border-color: #453b3b;height: 48px\">Contando os mortos e as doen\u00e7as: o quadro sanit\u00e1rio no Rio Grande do Sul da Primeira Rep\u00fablica.<\/td>\n<td style=\"width: 33.3333%;border-style: groove;border-color: #453b3b;height: 48px\">R\u00dcCKERT, F. Q.<\/td>\n<\/tr>\n<tr style=\"height: 48px\">\n<td style=\"width: 49.7961%;border-style: groove;border-color: #453b3b;height: 48px\">Porto Alegre e Pelotas: duas experi\u00eancias de municipaliza\u00e7\u00e3o do saneamento no Rio Grande do Sul da Primeira Rep\u00fablica.<\/td>\n<td style=\"width: 33.3333%;border-style: groove;border-color: #453b3b;height: 48px\">R\u00dcCKERT, FABIANO QUADROS; MAROPO, FELIPE<\/td>\n<\/tr>\n<tr style=\"height: 48px\">\n<td style=\"width: 49.7961%;border-style: groove;border-color: #453b3b;height: 48px\">A cidade de Porto Alegre e as \u00e1guas do Gua\u00edba: uma hist\u00f3ria de -encontros- e -desencontros-.<\/td>\n<td style=\"width: 33.3333%;border-style: groove;border-color: #453b3b;height: 48px\">R\u00dcCKERT, FABIANO QUADROS; PRESTES, ANT\u00d4NIO JO\u00c3O DIAS<\/td>\n<\/tr>\n<tr style=\"height: 24px\">\n<td style=\"width: 49.7961%;border-style: groove;border-color: #453b3b;height: 24px\">Urbaniza\u00e7\u00e3o e saneamento em Caxias do Sul, RS (1875-1930).<\/td>\n<td style=\"width: 33.3333%;border-style: groove;border-color: #453b3b;height: 24px\">R\u00dcCKERT, F. Q.<\/td>\n<\/tr>\n<tr style=\"height: 48px\">\n<td style=\"width: 49.7961%;border-style: groove;border-color: #453b3b;height: 48px\">O abastecimento de \u00e1gua na perspectiva da historiografia europeia e hispano-americana.<\/td>\n<td style=\"width: 33.3333%;border-style: groove;border-color: #453b3b;height: 48px\">R\u00dcCKERT, F. Q.<\/td>\n<\/tr>\n<tr style=\"height: 24px\">\n<td style=\"width: 49.7961%;border-style: groove;border-color: #453b3b;height: 24px\">O(a) intelectual em tempos de internet: a \u00e9tica do(a) trabalhador(a) online.<\/td>\n<td style=\"width: 33.3333%;border-style: groove;border-color: #453b3b;height: 24px\">FERREIRA, ISABELLA FERNANDA<\/td>\n<\/tr>\n<tr style=\"height: 48px\">\n<td style=\"width: 49.7961%;border-style: groove;border-color: #453b3b;height: 48px\">Professores homens e desenvolvimento da carreira docente em profiss\u00e3o vista socialmente como feminina.<\/td>\n<td style=\"width: 33.3333%;border-style: groove;border-color: #453b3b;height: 48px\">GON\u00c7ALVES, Josiane Peres; CARVALHO, V. S. C<\/td>\n<\/tr>\n<tr style=\"height: 48px\">\n<td style=\"width: 49.7961%;border-style: groove;border-color: #453b3b;height: 48px\">Gestoras Municipais de Educa\u00e7\u00e3o Infantil: (Des) Confian\u00e7a no Trabalho Realizado por Homens Educadores.<\/td>\n<td style=\"width: 33.3333%;border-style: groove;border-color: #453b3b;height: 48px\">GON\u00c7ALVES, JOSIANE PERES; SOUZA, V. C. S. ; REIS, M. G. F. A<\/td>\n<\/tr>\n<tr style=\"height: 48px\">\n<td style=\"width: 49.7961%;border-style: groove;border-color: #453b3b;height: 48px\">Atividades de Ensino Realizadas no Museu de Hist\u00f3ria do Pantanal\/Muhpan e Quest\u00f5es Ind\u00edgenas.<\/td>\n<td style=\"width: 33.3333%;border-style: groove;border-color: #453b3b;height: 48px\">SILVA, K. K. S. ;\u00a0GON\u00c7ALVES, Josiane Peres<\/td>\n<\/tr>\n<tr style=\"height: 48px\">\n<td style=\"width: 49.7961%;border-style: groove;border-color: #453b3b;height: 48px\">A(s) Identidade(s) do professor de Educa\u00e7\u00e3o Infantil: itiner\u00e1rios de forma\u00e7\u00e3o.<\/td>\n<td style=\"width: 33.3333%;border-style: groove;border-color: #453b3b;height: 48px\">BRAGA, L. A. M. ; BEZERRA, G. F. ;\u00a0GON\u00c7ALVES, Josiane Peres<\/td>\n<\/tr>\n<tr style=\"height: 48px\">\n<td style=\"width: 49.7961%;border-style: groove;border-color: #453b3b;height: 48px\">Desafios Vivenciados por Mulheres Universit\u00e1rias de Mato Grosso do Sul, que s\u00e3o M\u00e3es, Profissionais e Donas de Casa.<\/td>\n<td style=\"width: 33.3333%;border-style: groove;border-color: #453b3b;height: 48px\">GON\u00c7ALVES, Josiane Peres; TERNOVOE, J. S.<\/td>\n<\/tr>\n<tr style=\"height: 48px\">\n<td style=\"width: 49.7961%;border-style: groove;border-color: #453b3b;height: 48px\">As Tecnologias Como Agentes de Mudan\u00e7a nas Concep\u00e7\u00f5es de Inf\u00e2ncia: Desenvolvimento ou Risco para as Crian\u00e7as?<\/td>\n<td style=\"width: 33.3333%;border-style: groove;border-color: #453b3b;height: 48px\">GON\u00c7ALVES, Josiane Peres; MATHIAS, E. L. U.<\/td>\n<\/tr>\n<tr style=\"height: 24px\">\n<td style=\"width: 49.7961%;border-style: groove;border-color: #453b3b;height: 24px\">\u00a0Eles s\u00e3o Inst\u00e1veis, Agressivos e Desnaturados ou t\u00eam Autoridade, Bom Senso e Firmeza? Presen\u00e7a de Homens no Magist\u00e9rio e Representa\u00e7\u00f5es Sociais.<\/td>\n<td style=\"width: 33.3333%;border-style: groove;border-color: #453b3b;height: 24px\">GON\u00c7ALVES, Josiane Peres; DIAS, E. F. M. ; SOUZA, V. C. S<\/td>\n<\/tr>\n<tr style=\"height: 24px\">\n<td style=\"width: 49.7961%;border-style: groove;border-color: #453b3b;height: 24px\">O Professor e Sua Pr\u00e1tica Frente \u00e0s Dificuldades de Aprendizagem em Sala de Aula.<\/td>\n<td style=\"width: 33.3333%;border-style: groove;border-color: #453b3b;height: 24px\">YAMANAKA, M. A. C. ;\u00a0GON\u00c7ALVES, Josiane Peres<\/td>\n<\/tr>\n<tr style=\"height: 24px\">\n<td style=\"width: 49.7961%;border-style: groove;border-color: #453b3b;height: 24px\">Uso de Droga na Adolesc\u00eancia em Regi\u00e3o de Fronteira: Interface Com os Direitos Humanos.<\/td>\n<td style=\"width: 33.3333%;border-style: groove;border-color: #453b3b;height: 24px\">AGUILAR, M. A. B. ;\u00a0GON\u00c7ALVES, Josiane Peres<\/td>\n<\/tr>\n<tr>\n<td style=\"width: 49.7961%;border-style: groove;border-color: #453b3b\">Comunidade Escolar de Mato Grosso do Sul: Refletindo o Trabalho de Docentes do G\u00eanero Masculino.<\/td>\n<td style=\"width: 33.3333%;border-style: groove;border-color: #453b3b\">GON\u00c7ALVES, Josiane Peres; OLIVEIRA, E. L.<\/td>\n<\/tr>\n<tr>\n<td style=\"width: 49.7961%;border-style: groove;border-color: #453b3b\">Extens\u00e3o Universit\u00e1ria e Forma\u00e7\u00e3o Docente: Contribui\u00e7\u00f5es de Um Projeto de Extens\u00e3o Para Estudantes de Pedagogia.<\/td>\n<td style=\"width: 33.3333%;border-style: groove;border-color: #453b3b\">CORREA-SILVA, A. M. ; PENHA, N. R. ;\u00a0GON\u00c7ALVES, Josiane Peres<\/td>\n<\/tr>\n<tr>\n<td style=\"width: 49.7961%;border-style: groove;border-color: #453b3b\">Conhecimentos Pr\u00e9vios na Educa\u00e7\u00e3o Infantil: Contribuindo para a Aprendizagem Significativa \/ Prior Knowledge in Infant Education: Contributions to a Significant Learning.<\/td>\n<td style=\"width: 33.3333%;border-style: groove;border-color: #453b3b\">GON\u00c7ALVES, Josiane Peres; PIMENTEL, G.<\/td>\n<\/tr>\n<tr>\n<td style=\"width: 49.7961%;border-style: groove;border-color: #453b3b\">Conhecendo a Perspectiva P\u00f3s-Estruturalista: Breve Percurso de Sua Hist\u00f3ria e Propostas.<\/td>\n<td style=\"width: 33.3333%;border-style: groove;border-color: #453b3b\">AGUILAR, M. A. B. ;\u00a0GON\u00c7ALVES, Josiane Peres<\/td>\n<\/tr>\n<tr>\n<td style=\"width: 49.7961%;border-style: groove;border-color: #453b3b\">Representa\u00e7\u00f5es de Homens do Magist\u00e9rio Sobre Homens no Magist\u00e9rio.<\/td>\n<td style=\"width: 33.3333%;border-style: groove;border-color: #453b3b\">GON\u00c7ALVES, Josiane Peres<\/td>\n<\/tr>\n<tr>\n<td style=\"width: 49.7961%;border-style: groove;border-color: #453b3b\">-N\u00c3O TOQUE EM MIM NA SEGUNDA-FEIRA-: DIFEREN\u00c7A, ABJE\u00c7\u00c3O E IDENTIDADE EM UM PROJETO DE EXTENS\u00c3O NO CAMPUS PANTANAL DA UNIVERSIDADE FEDERAL DE MATO GROSSO DO SUL.<\/td>\n<td style=\"width: 33.3333%;border-style: groove;border-color: #453b3b\">DUQUE, Tiago<\/td>\n<\/tr>\n<tr>\n<td style=\"width: 49.7961%;border-style: groove;border-color: #453b3b\">\u201cL\u00e1 n\u00e3o tem gay\u201d: fronteira e rela\u00e7\u00f5es de vizinhan\u00e7a envolvendo g\u00eaneros dissidentes e sexualidades disparatadas em Corumb\u00e1 (MS).<\/td>\n<td style=\"width: 33.3333%;border-style: groove;border-color: #453b3b\">DUQUE, Tiago<\/td>\n<\/tr>\n<tr>\n<td style=\"width: 49.7961%;border-style: groove;border-color: #453b3b\">\u00a0\u201cA gente sempre tem coragem\u201d: identifica\u00e7\u00e3o, reconhecimento e as experi\u00eancias de (n\u00e3o) passar por homem e\/ou mulher.<\/td>\n<td style=\"width: 33.3333%;border-style: groove;border-color: #453b3b\">DUQUE, Tiago<\/td>\n<\/tr>\n<tr>\n<td style=\"width: 49.7961%;border-style: groove;border-color: #453b3b\">\u00c9 mais f\u00e1cil para as bonitas : corpo, imagem e reconhecimento nas experi\u00eancias de (n\u00e3o) passar por homem e\/ou mulher.<\/td>\n<td style=\"width: 33.3333%;border-style: groove;border-color: #453b3b\">DUQUE, Tiago<\/td>\n<\/tr>\n<tr>\n<td style=\"width: 49.7961%;border-style: groove;border-color: #453b3b\">Sobre o direito de ter\/dar aulas na pris\u00e3o: um relato de experi\u00eancia sobre seguran\u00e7a, direito e educa\u00e7\u00e3o.<\/td>\n<td style=\"width: 33.3333%;border-style: groove;border-color: #453b3b\">BARCELOS, C. S. ;\u00a0DUQUE, T<\/td>\n<\/tr>\n<\/tbody>\n<\/table>\n<\/div>\n\t\t\t\t<\/div>\n\t\t\t<\/div><br class=\"nc\" \/><\/div>","protected":false},"excerpt":{"rendered":"","protected":false},"author":28260,"featured_media":0,"comment_status":"closed","ping_status":"closed","sticky":false,"template":"","format":"standard","meta":{"footnotes":""},"categories":[72],"tags":[],"coauthors":[88],"class_list":["post-4740","post","type-post","status-publish","format-standard","hentry","category-producao-academica"],"_links":{"self":[{"href":"https:\/\/ppgecpan.ufms.br\/es\/wp-json\/wp\/v2\/posts\/4740","targetHints":{"allow":["GET"]}}],"collection":[{"href":"https:\/\/ppgecpan.ufms.br\/es\/wp-json\/wp\/v2\/posts"}],"about":[{"href":"https:\/\/ppgecpan.ufms.br\/es\/wp-json\/wp\/v2\/types\/post"}],"author":[{"embeddable":true,"href":"https:\/\/ppgecpan.ufms.br\/es\/wp-json\/wp\/v2\/users\/28260"}],"replies":[{"embeddable":true,"href":"https:\/\/ppgecpan.ufms.br\/es\/wp-json\/wp\/v2\/comments?post=4740"}],"version-history":[{"count":129,"href":"https:\/\/ppgecpan.ufms.br\/es\/wp-json\/wp\/v2\/posts\/4740\/revisions"}],"predecessor-version":[{"id":7533,"href":"https:\/\/ppgecpan.ufms.br\/es\/wp-json\/wp\/v2\/posts\/4740\/revisions\/7533"}],"wp:attachment":[{"href":"https:\/\/ppgecpan.ufms.br\/es\/wp-json\/wp\/v2\/media?parent=4740"}],"wp:term":[{"taxonomy":"category","embeddable":true,"href":"https:\/\/ppgecpan.ufms.br\/es\/wp-json\/wp\/v2\/categories?post=4740"},{"taxonomy":"post_tag","embeddable":true,"href":"https:\/\/ppgecpan.ufms.br\/es\/wp-json\/wp\/v2\/tags?post=4740"},{"taxonomy":"author","embeddable":true,"href":"https:\/\/ppgecpan.ufms.br\/es\/wp-json\/wp\/v2\/coauthors?post=4740"}],"curies":[{"name":"wp","href":"https:\/\/api.w.org\/{rel}","templated":true}]}}