{"id":524,"date":"2012-09-27T08:51:58","date_gmt":"2012-09-27T12:51:58","guid":{"rendered":"http:\/\/ppgecpan.draconis.ufms.br\/?p=524"},"modified":"2020-07-31T15:52:10","modified_gmt":"2020-07-31T19:52:10","slug":"andrea-duarte-de-oliveira-condicoes-de-formacao-continuada-do-programa-educacao-inclusiva-direito-a-diversidade","status":"publish","type":"post","link":"https:\/\/ppgecpan.ufms.br\/es\/andrea-duarte-de-oliveira-condicoes-de-formacao-continuada-do-programa-educacao-inclusiva-direito-a-diversidade\/","title":{"rendered":"ANDR\u00c9A DUARTE DE OLIVEIRA &#8211; CONDI\u00c7\u00d5ES DE FORMA\u00c7\u00c3O CONTINUADA DO PROGRAMA  EDUCA\u00c7\u00c3O INCLUSIVA: DIREITO \u00c0 DIVERSIDADE"},"content":{"rendered":"RESUMO<\/p>\n<p style=\"text-align: justify\">O presente trabalho \u00e9 a conclus\u00e3o de uma pesquisa de mestrado na \u00e1rea educacional, cujo objetivo principal foi conhecer e analisar a vis\u00e3o que o profissional que participa de cursos de forma\u00e7\u00e3o continuada para Educa\u00e7\u00e3o Especial dentro do movimento de Educa\u00e7\u00e3o Inclusiva possui sobre tais cursos. Este estudo desenvolveu-se contemplando o objetivo espec\u00edfico: verificar se os profissionais participantes desses cursos acreditam que os conhecimentos oferecidos nesses mesmos cursos influenciam sua metodologia de trabalho na escola. O sujeito principal desta pesquisa \u00e9 o profissional que atua no ensino fundamental e possui, sob sua responsabilidade profissional direta ou indireta, crian\u00e7as com defici\u00eancia. O local da pesquisa foi a cidade de Corumb\u00e1, MS e o foco desse estudo foram os cursos de forma\u00e7\u00e3o continuada subsidiados pelo Programa Federal \u201cEduca\u00e7\u00e3o Inclusiva: Direito \u00e0 Diversidade\u201d. Para coleta de dados emp\u00edricos primeiramente foram aplicados question\u00e1rios a trinta e sete profissionais da educa\u00e7\u00e3o entre professores, int\u00e9rpretes, coordenadores, t\u00e9cnicos escolares e psic\u00f3logos. Na segunda fase foram entrevistados vinte dos trinta e sete profissionais que responderam os question\u00e1rios. Para an\u00e1lise do material coletado nos pautamos na teoria materialista hist\u00f3rico-dial\u00e9tica com o intuito de apreender diferentes aspectos de ser profissional em nossa sociedade. Conclu\u00edmos que os programas de forma\u00e7\u00e3o continuada para profissionais da educa\u00e7\u00e3o s\u00e3o um grande avan\u00e7o para a sociedade, no entanto possuem a marca de uma sociedade divida em classes, em que o profissional da educa\u00e7\u00e3o \u00e9 concebido como um sujeito que n\u00e3o possui autonomia de trabalho. Para este profissional resta escolher e aplicar procedimentos oferecidos por programas e projetos que, muitas vezes, n\u00e3o correspondem \u00e0s suas expectativas, tornando-o frustrado com a pr\u00f3pria escolha profissional.<\/p>\n<p>Palavras-chaves: Educa\u00e7\u00e3o Especial; Forma\u00e7\u00e3o Continuada; Pol\u00edtica de Educa\u00e7\u00e3o Inclusiva; Programa Educa\u00e7\u00e3o Inclusiva: Direito \u00e0 Diversidade.<\/p>\n<ul>\n<li><a href=\"http:\/\/ppgecpan.draconis.ufms.br\/wp-content\/blogs.dir\/14\/files\/2013\/08\/ANDREADUARTEDEOLIVEIRA.pdf\" target=\"_blank\" rel=\"noopener noreferrer\">DOWNLOAD<\/a><\/li>\n<\/ul>","protected":false},"excerpt":{"rendered":"<p>RESUMO O presente trabalho \u00e9 a conclus\u00e3o de uma pesquisa de mestrado na \u00e1rea educacional, cujo objetivo principal foi conhecer e analisar a vis\u00e3o que o profissional que participa de cursos de forma\u00e7\u00e3o continuada para Educa\u00e7\u00e3o Especial dentro do movimento de Educa\u00e7\u00e3o Inclusiva possui sobre tais cursos. Este estudo desenvolveu-se contemplando o objetivo espec\u00edfico: verificar [&hellip;]<\/p>\n","protected":false},"author":18799,"featured_media":0,"comment_status":"closed","ping_status":"open","sticky":false,"template":"","format":"standard","meta":{"footnotes":""},"categories":[28,8],"tags":[],"coauthors":[],"class_list":["post-524","post","type-post","status-publish","format-standard","hentry","category-28","category-dissertacoes"],"_links":{"self":[{"href":"https:\/\/ppgecpan.ufms.br\/es\/wp-json\/wp\/v2\/posts\/524","targetHints":{"allow":["GET"]}}],"collection":[{"href":"https:\/\/ppgecpan.ufms.br\/es\/wp-json\/wp\/v2\/posts"}],"about":[{"href":"https:\/\/ppgecpan.ufms.br\/es\/wp-json\/wp\/v2\/types\/post"}],"author":[{"embeddable":true,"href":"https:\/\/ppgecpan.ufms.br\/es\/wp-json\/wp\/v2\/users\/18799"}],"replies":[{"embeddable":true,"href":"https:\/\/ppgecpan.ufms.br\/es\/wp-json\/wp\/v2\/comments?post=524"}],"version-history":[{"count":3,"href":"https:\/\/ppgecpan.ufms.br\/es\/wp-json\/wp\/v2\/posts\/524\/revisions"}],"predecessor-version":[{"id":4614,"href":"https:\/\/ppgecpan.ufms.br\/es\/wp-json\/wp\/v2\/posts\/524\/revisions\/4614"}],"wp:attachment":[{"href":"https:\/\/ppgecpan.ufms.br\/es\/wp-json\/wp\/v2\/media?parent=524"}],"wp:term":[{"taxonomy":"category","embeddable":true,"href":"https:\/\/ppgecpan.ufms.br\/es\/wp-json\/wp\/v2\/categories?post=524"},{"taxonomy":"post_tag","embeddable":true,"href":"https:\/\/ppgecpan.ufms.br\/es\/wp-json\/wp\/v2\/tags?post=524"},{"taxonomy":"author","embeddable":true,"href":"https:\/\/ppgecpan.ufms.br\/es\/wp-json\/wp\/v2\/coauthors?post=524"}],"curies":[{"name":"wp","href":"https:\/\/api.w.org\/{rel}","templated":true}]}}