{"id":53,"date":"2012-02-03T16:09:39","date_gmt":"2012-02-03T16:09:39","guid":{"rendered":"http:\/\/ppgecpan.draconis.ufms.br\/?p=53"},"modified":"2013-07-22T11:31:35","modified_gmt":"2013-07-22T15:31:35","slug":"linha-de-pesquisa-1-politicas-praticas-institucionais-e-exclusaoinclusao-social","status":"publish","type":"post","link":"https:\/\/ppgecpan.ufms.br\/es\/linha-de-pesquisa-1-politicas-praticas-institucionais-e-exclusaoinclusao-social\/","title":{"rendered":"Linha de Pesquisa 1: POL\u00cdTICAS, PR\u00c1TICAS INSTITUCIONAIS E EXCLUS\u00c3O\/INCLUS\u00c3O SOCIAL"},"content":{"rendered":"<table border=\"1\" cellspacing=\"1\" cellpadding=\"1\" align=\"center\">\n<tbody>\n<tr>\n<td colspan=\"4\" valign=\"middle\"><strong>Linha de Pesquisa 1: POL\u00cdTICAS, PR\u00c1TICAS INSTITUCIONAIS E EXCLUS\u00c3O\/INCLUS\u00c3O SOCIAL<\/strong><\/td>\n<\/tr>\n<tr>\n<td colspan=\"4\" valign=\"middle\">Representate: Prof\u00aa. Dr\u00aa. Ester Senna<\/td>\n<\/tr>\n<tr>\n<td valign=\"middle\"><strong>#<\/strong><\/td>\n<td valign=\"middle\"><strong>Docente<\/strong><\/td>\n<td valign=\"middle\"><strong>Curr\u00edculo Lattes<\/strong><\/td>\n<td valign=\"middle\"><strong>E-mail<\/strong><\/td>\n<\/tr>\n<tr valign=\"top\">\n<td valign=\"middle\"><strong>1<\/strong><\/td>\n<td valign=\"middle\">Anamaria Santana da Silva<\/td>\n<td valign=\"middle\"><a href=\"http:\/\/lattes.cnpq.br\/7901666024178911\" target=\"_blank\"><img decoding=\"async\" alt=\"\" src=\"http:\/\/www.cpan.ufms.br\/old\/images\/stories\/links_home\/lattes_logo2.gif\" width=\"50\" border=\"0\" \/><\/a><\/td>\n<td valign=\"middle\"><a href=\"mailto:anamariasantana@uol.com.br\">anamariasantana@uol.com.br<\/a><\/td>\n<\/tr>\n<tr valign=\"top\">\n<td valign=\"middle\"><strong>2<\/strong><\/td>\n<td valign=\"middle\">Edelir Salom\u00e3o Garcia<\/td>\n<td valign=\"middle\"><a href=\"http:\/\/lattes.cnpq.br\/7455372529995767\" target=\"_blank\"><img decoding=\"async\" alt=\"\" src=\"http:\/\/www.cpan.ufms.br\/old\/images\/stories\/links_home\/lattes_logo2.gif\" width=\"50\" border=\"0\" \/><\/a><\/td>\n<td valign=\"middle\"><a href=\"mailto:edelir@ibest.com.br\">edelir@ibest.com.br<\/a><\/td>\n<\/tr>\n<tr>\n<td valign=\"middle\"><strong>3<\/strong><\/td>\n<td valign=\"middle\">Fabiano Antonio dos Santos<\/td>\n<td valign=\"middle\"><\/td>\n<td valign=\"middle\"><a href=\"http:\/\/cpan.draconis.ufms.br\/2011\/09\/13\/docentes\/esenna7@yahoo.com.br\">fabiano.santos@ufms.br<\/a><\/td>\n<\/tr>\n<tr valign=\"top\">\n<td valign=\"middle\"><strong>4<\/strong><\/td>\n<td valign=\"middle\">Hajime Takeuchi Nozaki<\/td>\n<td valign=\"middle\"><a href=\"http:\/\/lattes.cnpq.br\/0478458036481725\" target=\"_blank\"><img decoding=\"async\" alt=\"\" src=\"http:\/\/www.cpan.ufms.br\/old\/images\/stories\/links_home\/lattes_logo2.gif\" width=\"50\" border=\"0\" \/><\/a><\/td>\n<td valign=\"middle\"><a href=\"mailto:hajimenozaki@uol.com.br\">hajimenozaki@uol.com.br<\/a><\/td>\n<\/tr>\n<tr>\n<td valign=\"middle\"><strong>5<\/strong><\/td>\n<td valign=\"middle\">Maria de Lourdes Jeffery Contini<\/td>\n<td valign=\"middle\"><a href=\"http:\/\/lattes.cnpq.br\/1566268718108069\" target=\"_blank\"><img decoding=\"async\" alt=\"\" src=\"http:\/\/www.cpan.ufms.br\/old\/images\/stories\/links_home\/lattes_logo2.gif\" width=\"50\" border=\"0\" \/><\/a><\/td>\n<td valign=\"middle\"><a href=\"mailto:contini@nin.ufms.br\">contini@nin.ufms.br<\/a><\/td>\n<\/tr>\n<tr valign=\"top\">\n<td valign=\"middle\"><strong>6<\/strong><\/td>\n<td valign=\"middle\">M\u00f4nica de Carvalho Magalh\u00e3es Kassar<\/td>\n<td valign=\"middle\"><a href=\"http:\/\/lattes.cnpq.br\/1429290076961055\" target=\"_blank\"><img decoding=\"async\" alt=\"\" src=\"http:\/\/www.cpan.ufms.br\/old\/images\/stories\/links_home\/lattes_logo2.gif\" width=\"50\" border=\"0\" \/><\/a><\/td>\n<td valign=\"middle\"><a href=\"mailto:mkassar@terra.com.br\">mkassar@terra.com.br<\/a><\/td>\n<\/tr>\n<\/tbody>\n<\/table>\n","protected":false},"excerpt":{"rendered":"<p>Linha de Pesquisa 1: POL\u00cdTICAS, PR\u00c1TICAS INSTITUCIONAIS E EXCLUS\u00c3O\/INCLUS\u00c3O SOCIAL Representate: Prof\u00aa. Dr\u00aa. Ester Senna # Docente Curr\u00edculo Lattes E-mail 1 Anamaria Santana da Silva anamariasantana@uol.com.br 2 Edelir Salom\u00e3o Garcia edelir@ibest.com.br 3 Fabiano Antonio dos Santos fabiano.santos@ufms.br 4 Hajime Takeuchi Nozaki hajimenozaki@uol.com.br 5 Maria de Lourdes Jeffery Contini contini@nin.ufms.br 6 M\u00f4nica de Carvalho Magalh\u00e3es Kassar [&hellip;]<\/p>\n","protected":false},"author":7,"featured_media":0,"comment_status":"closed","ping_status":"closed","sticky":false,"template":"","format":"standard","meta":{"footnotes":""},"categories":[15,1],"tags":[],"coauthors":[],"class_list":["post-53","post","type-post","status-publish","format-standard","hentry","category-docentes","category-noticias"],"_links":{"self":[{"href":"https:\/\/ppgecpan.ufms.br\/es\/wp-json\/wp\/v2\/posts\/53","targetHints":{"allow":["GET"]}}],"collection":[{"href":"https:\/\/ppgecpan.ufms.br\/es\/wp-json\/wp\/v2\/posts"}],"about":[{"href":"https:\/\/ppgecpan.ufms.br\/es\/wp-json\/wp\/v2\/types\/post"}],"author":[{"embeddable":true,"href":"https:\/\/ppgecpan.ufms.br\/es\/wp-json\/wp\/v2\/users\/7"}],"replies":[{"embeddable":true,"href":"https:\/\/ppgecpan.ufms.br\/es\/wp-json\/wp\/v2\/comments?post=53"}],"version-history":[{"count":5,"href":"https:\/\/ppgecpan.ufms.br\/es\/wp-json\/wp\/v2\/posts\/53\/revisions"}],"predecessor-version":[{"id":389,"href":"https:\/\/ppgecpan.ufms.br\/es\/wp-json\/wp\/v2\/posts\/53\/revisions\/389"}],"wp:attachment":[{"href":"https:\/\/ppgecpan.ufms.br\/es\/wp-json\/wp\/v2\/media?parent=53"}],"wp:term":[{"taxonomy":"category","embeddable":true,"href":"https:\/\/ppgecpan.ufms.br\/es\/wp-json\/wp\/v2\/categories?post=53"},{"taxonomy":"post_tag","embeddable":true,"href":"https:\/\/ppgecpan.ufms.br\/es\/wp-json\/wp\/v2\/tags?post=53"},{"taxonomy":"author","embeddable":true,"href":"https:\/\/ppgecpan.ufms.br\/es\/wp-json\/wp\/v2\/coauthors?post=53"}],"curies":[{"name":"wp","href":"https:\/\/api.w.org\/{rel}","templated":true}]}}